{"id":18059,"date":"2012-05-14T18:49:59","date_gmt":"2012-05-14T15:49:59","guid":{"rendered":"http:\/\/www.nationalturk.com\/en\/?p=18059"},"modified":"2024-02-17T17:28:16","modified_gmt":"2024-02-17T14:28:16","slug":"tekinoktay-besiktas-jks-presidential-candidate-for-2014-announces-second-name-of-his-board-18059","status":"publish","type":"post","link":"https:\/\/www.nationalturk.com\/en\/tekinoktay-besiktas-jks-presidential-candidate-for-2014-announces-second-name-of-his-board-18059\/","title":{"rendered":"Hurser Tekinoktay, Besiktas JK&#8217;s presidential candidate for 2014 announces second name of his board"},"content":{"rendered":"<h2>Besiktas presidential candidate H\u00fcrser Tekinoktay continues to structure his board.<\/h2>\n<figure id=\"attachment_18060\" aria-describedby=\"caption-attachment-18060\" style=\"width: 327px\" class=\"wp-caption alignleft\"><img loading=\"lazy\" decoding=\"async\" class=\"size-large wp-image-18060\" title=\"M\u00fcsl\u00fcm G\u00fclhan\" src=\"http:\/\/www.nationalturk.com\/en\/wp-content\/uploads\/2012\/05\/muslum-gulhan-besiktas-nationalturk-327x360.jpg\" alt=\"M\u00fcsl\u00fcm G\u00fclhan\" width=\"327\" height=\"360\" srcset=\"https:\/\/www.nationalturk.com\/en\/wp-content\/uploads\/2012\/05\/muslum-gulhan-besiktas-nationalturk-327x360.jpg 327w, https:\/\/www.nationalturk.com\/en\/wp-content\/uploads\/2012\/05\/muslum-gulhan-besiktas-nationalturk-200x220.jpg 200w, https:\/\/www.nationalturk.com\/en\/wp-content\/uploads\/2012\/05\/muslum-gulhan-besiktas-nationalturk.jpg 364w\" sizes=\"auto, (max-width: 327px) 100vw, 327px\" \/><figcaption id=\"caption-attachment-18060\" class=\"wp-caption-text\">M\u00fcsl\u00fcm G\u00fclhan<\/figcaption><\/figure>\n<p>After Ayfer Atay, a former Mayor of Besiktas Municipality became the first person to join Tekinoktay&#8217;s board in his presidential run for 2014, he announced the second name today in a press release.<\/p>\n<p>M\u00fcsl\u00fcm G\u00fclhan, the director of department for physical education and the founder of sports academy at Hali\u00e7 University Istanbul will join Tekinoktay&#8217;s team and will bring dynamism and contribute to r&amp;d activities with his sportsmenship and management skills at Besiktas.<\/p>\n<p>Mr Muslum Gulhan has presented the\u00a0European Universities Football\u00a0Championships 2011\u00a0in Istanbul. He is also coaching\u00a0Halic University Football Team.<\/p>\n<p>&nbsp;<\/p>\n<p>H\u00fcrser Tekinoktay&#8217;s agenda focuses to alter the unplanned and unorganized management of sports clubs in Turkey.<\/p>\n<p>H\u00fcrser Tekinoktay is expected to announce one member of his executive board every month henceforth.<\/p>\n<blockquote class=\"wp-embedded-content\" data-secret=\"UfpSlYLqFT\"><p><a href=\"https:\/\/www.nationalturk.com\/en\/tekinoktay-target-champions-league70374-2\/\">Tekinoktay: My target is the Champions League<\/a><\/p><\/blockquote>\n<p><iframe loading=\"lazy\" class=\"wp-embedded-content\" sandbox=\"allow-scripts\" security=\"restricted\" style=\"position: absolute; clip: rect(1px, 1px, 1px, 1px);\" title=\"&#8220;Tekinoktay: My target is the Champions League&#8221; &#8212; NationalTurk\" src=\"https:\/\/www.nationalturk.com\/en\/tekinoktay-target-champions-league70374-2\/embed\/#?secret=uq3oGEeDuM#?secret=UfpSlYLqFT\" data-secret=\"UfpSlYLqFT\" width=\"500\" height=\"282\" frameborder=\"0\" marginwidth=\"0\" marginheight=\"0\" scrolling=\"no\"><\/iframe><\/p>\n","protected":false},"excerpt":{"rendered":"<p>Besiktas presidential candidate H\u00fcrser Tekinoktay continues to structure his board.<\/p>\n","protected":false},"author":562,"featured_media":79435,"comment_status":"open","ping_status":"open","sticky":false,"template":"","format":"standard","meta":{"footnotes":""},"categories":[135,80,63,118,103,194,173,1633,14],"tags":[14325,1700,15313,21244,23237,5437,6745,77188],"class_list":["post-18059","post","type-post","status-publish","format-standard","has-post-thumbnail","hentry","category-football","category-breaking-news","category-daily","category-hot","category-only-on-nationalturk","category-turkey-general","category-turkey-headlines","category-turkey-sport","category-world","tag-ayfer-atay","tag-besiktas","tag-besiktas-jk","tag-besiktas-president","tag-halic-university-istanbul","tag-hurser-tekinoktay","tag-istanbul","tag-muslum-gulhan"],"_links":{"self":[{"href":"https:\/\/www.nationalturk.com\/en\/wp-json\/wp\/v2\/posts\/18059","targetHints":{"allow":["GET"]}}],"collection":[{"href":"https:\/\/www.nationalturk.com\/en\/wp-json\/wp\/v2\/posts"}],"about":[{"href":"https:\/\/www.nationalturk.com\/en\/wp-json\/wp\/v2\/types\/post"}],"author":[{"embeddable":true,"href":"https:\/\/www.nationalturk.com\/en\/wp-json\/wp\/v2\/users\/562"}],"replies":[{"embeddable":true,"href":"https:\/\/www.nationalturk.com\/en\/wp-json\/wp\/v2\/comments?post=18059"}],"version-history":[{"count":2,"href":"https:\/\/www.nationalturk.com\/en\/wp-json\/wp\/v2\/posts\/18059\/revisions"}],"predecessor-version":[{"id":79437,"href":"https:\/\/www.nationalturk.com\/en\/wp-json\/wp\/v2\/posts\/18059\/revisions\/79437"}],"wp:featuredmedia":[{"embeddable":true,"href":"https:\/\/www.nationalturk.com\/en\/wp-json\/wp\/v2\/media\/79435"}],"wp:attachment":[{"href":"https:\/\/www.nationalturk.com\/en\/wp-json\/wp\/v2\/media?parent=18059"}],"wp:term":[{"taxonomy":"category","embeddable":true,"href":"https:\/\/www.nationalturk.com\/en\/wp-json\/wp\/v2\/categories?post=18059"},{"taxonomy":"post_tag","embeddable":true,"href":"https:\/\/www.nationalturk.com\/en\/wp-json\/wp\/v2\/tags?post=18059"}],"curies":[{"name":"wp","href":"https:\/\/api.w.org\/{rel}","templated":true}]}}