{"id":71044,"date":"2022-06-23T10:38:14","date_gmt":"2022-06-23T09:38:14","guid":{"rendered":"https:\/\/www.nationalturk.com\/en\/?p=71044"},"modified":"2022-06-23T12:34:55","modified_gmt":"2022-06-23T11:34:55","slug":"who-is-leonidas-iza-ecuador","status":"publish","type":"post","link":"https:\/\/www.nationalturk.com\/en\/who-is-leonidas-iza-ecuador\/","title":{"rendered":"Who is Leonidas Iza, the indigenous leader leading the protests in Ecuador?"},"content":{"rendered":"<p>Who is Leonidas Iza? And behind this wave of protests, which include clashes and road closures, is Leonidas Iza, the president of the Confederation of Indigenous Nationalities of Ecuador (Conaie), who claims for the prices of fuel and farm products, the unemployment and crime, among other demands.<\/p>\n<p>On Tuesday, on the ninth day of protests \u2014with a balance of at least four deaths\u2014, Iza rejected the call for dialogue that President Guillermo Lasso had already accepted, arguing that certain conditions must first be met, including the repeal of the state of exception.<\/p>\n<p>But who exactly is this indigenous leader who has the government and the country on edge?<\/p>\n<h3>The beginnings in Cotopaxi and the growth of Leonidas Iza<\/h3>\n<p>Leonidas Iza Salazar was born in 1982 in the San Ignacio community, in Cotopaxi, and is the son of the historic indigenous leader Jos\u00e9 Mar\u00eda Iza Viracocha, who participated in the protests in the early 1990s, according to the Efe agency.<\/p>\n<p>Those mobilizations, also known as the Inti Raymi Uprising, took place during the government of President Rodrigo Borja and included the taking of the Santo Domingo church in Quito. They were also the first great demonstrations of Conaie, founded in 1986.<\/p>\n<p><img loading=\"lazy\" decoding=\"async\" src=\"https:\/\/www.nationalturk.com\/en\/wp-content\/uploads\/2022\/06\/leonidas-iza.jpg\" alt=\"\" width=\"1233\" height=\"675\" class=\"alignnone size-full wp-image-71058\" srcset=\"https:\/\/www.nationalturk.com\/en\/wp-content\/uploads\/2022\/06\/leonidas-iza.jpg 1233w, https:\/\/www.nationalturk.com\/en\/wp-content\/uploads\/2022\/06\/leonidas-iza-800x438.jpg 800w, https:\/\/www.nationalturk.com\/en\/wp-content\/uploads\/2022\/06\/leonidas-iza-1024x561.jpg 1024w\" sizes=\"auto, (max-width: 1233px) 100vw, 1233px\" \/><\/p>\n<p>Iza studied environmental engineering at the Technical University of Cotopaxi, and before becoming leader of Conaie he was president of the Indigenous and Peasant Movement of Cotopaxi (MICC). His ideas are linked to mariateguism, derived from the work of the Peruvian thinker Jos\u00e9 Carlos Mari\u00e1tegui and who links Marxism with indigenism.<\/p>\n<p>According to the Conaie website, Iza is a member of the Kichwa nationality and is part of the Panzaleo people.<\/p>\n<p>The Kichwa, named for the language also known as Quechua, are based in the highlands of Ecuador, and the Panzaleo people make their home in the province of Cotopaxi, one of the centers of the current protests.<\/p>\n<h3>The 2019 protests \/ Who is Leonidas Iza<\/h3>\n<p>Iza later gained notoriety during the violent indigenous protests against former President Len\u00edn Moreno in 2019.<\/p>\n<p>Those mobilizations against the controversial decree 833 &#8211;of economic adjustment&#8211; lasted 11 days, and left a balance of seven deaths, 1,340 wounded and 1,152 detainees.<\/p>\n<p>On the protests, Iza published in 2020, together with Andr\u00e9s Tapia and Andr\u00e9s Madrid, the book &#8220;Outbreak. The October rebellion in Ecuador&#8221;, which shows the perspective of the movements that took to the streets.<\/p>\n<h3>Iza&#8217;s arrest during the latest protests<\/h3>\n<p>These latest indigenous mobilizations began on Monday, June 13, in various provinces of Ecuador, and a day later Iza was arrested by the Ecuadorian National Police for presumption of committing crimes.<\/p>\n<p>Specifically, the Prosecutor&#8217;s Office alleged that <a href=\"https:\/\/www.elciudadano.com\/en\/who-is-leonidas-iza-salazar-the-indigenous-leader-who-takes-the-center-stage-in-ecuador\/07\/13\/\" rel=\"noopener\" target=\"_blank\">Iza<\/a> was allegedly found cutting a highway, affecting the right to free mobility and free movement.<\/p>\n<p>In a subsequent statement, Conaie said that it considered Iza&#8217;s detention illegal since it did not comply with due process. While the leader&#8217;s defense rejected the accusation and insisted that at the time of his arrest the road had not been obstructed.<\/p>\n<p>Finally, Judge Paola Bed\u00f3n ordered Iza&#8217;s &#8220;immediate release&#8221; on Wednesday. As an alternative, the judge also ordered the prohibition of leaving the country and the periodic presentation before the Prosecutor&#8217;s Office on Wednesdays and Fridays, in order to defend himself in freedom from the accusations against him.<\/p>\n<h3>Dialogue with the Government \/ Who is Leonidas Iza<\/h3>\n<p>On Thursday, Iza said that he would not accept a dialogue where there are no results and assured that he would coordinate the mobilization of indigenous bases to Quito if there are no answers to his requests.<\/p>\n<figure id=\"attachment_71061\" aria-describedby=\"caption-attachment-71061\" style=\"width: 1175px\" class=\"wp-caption alignnone\"><img loading=\"lazy\" decoding=\"async\" src=\"https:\/\/www.nationalturk.com\/en\/wp-content\/uploads\/2022\/06\/who-is-leonidas-iza-1.jpg\" alt=\"Who is Leonidas Iza\" width=\"1175\" height=\"642\" class=\"size-full wp-image-71061\" srcset=\"https:\/\/www.nationalturk.com\/en\/wp-content\/uploads\/2022\/06\/who-is-leonidas-iza-1.jpg 1175w, https:\/\/www.nationalturk.com\/en\/wp-content\/uploads\/2022\/06\/who-is-leonidas-iza-1-800x437.jpg 800w, https:\/\/www.nationalturk.com\/en\/wp-content\/uploads\/2022\/06\/who-is-leonidas-iza-1-1024x559.jpg 1024w\" sizes=\"auto, (max-width: 1175px) 100vw, 1175px\" \/><figcaption id=\"caption-attachment-71061\" class=\"wp-caption-text\">Who is Leonidas Iza<\/figcaption><\/figure>\n<p>A day later, the president of Ecuador, Guillermo Lasso, signed the state of emergency decree in the provinces of Cotopaxi and Pichincha (later extended to Chimborazo, Pastaza and Tungurahua), and the Conaie leadership said it would continue with the protests, time that Iza called for a peaceful demonstration and assured that their mobilization does not have vandalism overtones.<\/p>\n<p>On his Twitter account, Lasso said in turn that he will not allow disorder in the protests and targeted those who, according to him, want to remove him from power.<\/p>\n<p>&#8220;They seek chaos, they want to throw out the president, I am here, I am not going to escape,&#8221; he considered.<\/p>\n<p><iframe loading=\"lazy\" width=\"1180\" height=\"664\" src=\"https:\/\/www.youtube.com\/embed\/cRpb0ClJBXs\" title=\"\u00bfQui\u00e9n es Leonidas Iza, l\u00edder ind\u00edgena del movimiento que sacude a Ecuador? \u2022 FRANCE 24\" frameborder=\"0\" allow=\"accelerometer; autoplay; clipboard-write; encrypted-media; gyroscope; picture-in-picture\" allowfullscreen><\/iframe><\/p>\n<p><a href=\"https:\/\/www.nationalturk.com\/en\/ecuador-holiday-days-revive-pre-pandemic-tourism\/\" title=\"Ecuador: Holiday days revive pre-pandemic tourism\" rel=\"noopener\" target=\"_blank\">Ecuador: Holiday days revive pre-pandemic tourism<\/a><br \/>\n<a href=\"https:\/\/www.nationalturk.com\/en\/ecuadors-fm-becomes-un-general-assembly-president\/\" title=\"Ecuador\u2019s FM becomes UN General Assembly president\">Ecuador\u2019s FM becomes UN General Assembly president<\/a><\/p>\n","protected":false},"excerpt":{"rendered":"<p>Who is Leonidas Iza? And behind this wave of protests, which include clashes and road closures, is Leonidas Iza, the president of the Confederation of Indigenous Nationalities of Ecuador (Conaie), who claims for the prices of fuel and farm products, the unemployment and crime, among other demands. On Tuesday, on the ninth day of protests &hellip;<\/p>\n","protected":false},"author":29,"featured_media":71045,"comment_status":"open","ping_status":"open","sticky":false,"template":"","format":"standard","meta":{"footnotes":""},"categories":[6316],"tags":[],"class_list":["post-71044","post","type-post","status-publish","format-standard","has-post-thumbnail","hentry","category-biography"],"_links":{"self":[{"href":"https:\/\/www.nationalturk.com\/en\/wp-json\/wp\/v2\/posts\/71044","targetHints":{"allow":["GET"]}}],"collection":[{"href":"https:\/\/www.nationalturk.com\/en\/wp-json\/wp\/v2\/posts"}],"about":[{"href":"https:\/\/www.nationalturk.com\/en\/wp-json\/wp\/v2\/types\/post"}],"author":[{"embeddable":true,"href":"https:\/\/www.nationalturk.com\/en\/wp-json\/wp\/v2\/users\/29"}],"replies":[{"embeddable":true,"href":"https:\/\/www.nationalturk.com\/en\/wp-json\/wp\/v2\/comments?post=71044"}],"version-history":[{"count":0,"href":"https:\/\/www.nationalturk.com\/en\/wp-json\/wp\/v2\/posts\/71044\/revisions"}],"wp:featuredmedia":[{"embeddable":true,"href":"https:\/\/www.nationalturk.com\/en\/wp-json\/wp\/v2\/media\/71045"}],"wp:attachment":[{"href":"https:\/\/www.nationalturk.com\/en\/wp-json\/wp\/v2\/media?parent=71044"}],"wp:term":[{"taxonomy":"category","embeddable":true,"href":"https:\/\/www.nationalturk.com\/en\/wp-json\/wp\/v2\/categories?post=71044"},{"taxonomy":"post_tag","embeddable":true,"href":"https:\/\/www.nationalturk.com\/en\/wp-json\/wp\/v2\/tags?post=71044"}],"curies":[{"name":"wp","href":"https:\/\/api.w.org\/{rel}","templated":true}]}}