{"id":76652,"date":"2023-06-02T12:25:57","date_gmt":"2023-06-02T09:25:57","guid":{"rendered":"https:\/\/www.nationalturk.com\/en\/?p=76652"},"modified":"2023-06-02T12:25:57","modified_gmt":"2023-06-02T09:25:57","slug":"bloomberg-mehmet-simsek-will-be-minister-of-treasury-and-finance","status":"publish","type":"post","link":"https:\/\/www.nationalturk.com\/en\/bloomberg-mehmet-simsek-will-be-minister-of-treasury-and-finance\/","title":{"rendered":"Bloomberg: Mehmet \u015eim\u015fek will be Minister of Treasury and Finance"},"content":{"rendered":"<p>While the cabinet was expected to be announced by President Erdo\u011fan on Saturday, one of the most curious names in the cabinet was the Minister of Treasury and Finance.<\/p>\n<p>The US financial agency Bloomberg, citing sources with direct knowledge on the subject, wrote that Erdogan will appoint Mehmet \u015eim\u015fek, who defends the traditional economy, as the new treasury and finance minister to support market confidence.<\/p>\n<p>While it was stated that \u015eim\u015fek would be responsible for all economic policies of Turkey in the new cabinet, which is expected to be announced on Saturday, it was requested that his name not be disclosed due to the sensitivity of the issue.<\/p>\n<p>Both the Presidential Office and \u015eim\u015fek&#8217;s spokesperson declined to comment on the matter.<\/p>\n<p>In his balcony speech after the election results, Erdogan promised to build an \u201cinternationally reputable financial team\u201d that would ensure stability and confidence, but investors have been nervous since Erdogan was re-elected as president in the presidential run-off on May 28 and the lira fell to new record levels. .<\/p>\n<p>A former Merrill Lynch strategist respected by investors for defending his orthodox economic views, \u015eim\u015fek has previously served as Erdogan&#8217;s finance and deputy prime minister.<\/p>\n<p>In his last cabinet role, \u015eim\u015fek frequently traveled to London with then Central Bank Governor Murat \u00c7etinkaya to try to allay investors&#8217; concerns about Erdo\u011fan&#8217;s ambition for greater control over his economic policy. This caused the lira to fall rapidly.<\/p>\n<p>According to the news in Bloomberg, \u015eim\u015fek will replace Nureddin Nebati, who has been the finance minister since the end of 2021.<\/p>\n<h3>Mehmet \u015eim\u015fek rally in the stock market<\/h3>\n<p>Borsa Istanbul started the day with a sharp rise after Bloomberg wrote that Mehmet \u015eim\u015fek will be appointed as the Minister of Treasury and Finance. The rise in banking shares at the opening exceeded 6 percent.<\/p>\n<p>BIST 100 index in Borsa Istanbul started the day at 5,102.56 points with an increase of 2.88 percent.<\/p>\n<p>At the opening, the BIST 100 index rose to 5,102.56 points, gaining 142.76 points and 2.88 percent compared to the previous close.<\/p>\n<p>The banking index increased by 6.59 percent and the holding index increased by 3.23 percent. While all sector indices rose, banking was the highest earner.<\/p>\n<p>The news on Bloomberg this morning, which stated that Mehmet \u015eim\u015fek will be appointed as the Minister of Treasury and Finance with full authority, was effective in the rise in the stock market.<\/p>\n<p>Moving in an upward trend yesterday, the BIST 100 index gained 1.49 percent and closed the day at 4,959.80 points.<\/p>\n","protected":false},"excerpt":{"rendered":"<p>While the cabinet was expected to be announced by President Erdo\u011fan on Saturday, one of the most curious names in the cabinet was the Minister of Treasury and Finance. The US financial agency Bloomberg, citing sources with direct knowledge on the subject, wrote that Erdogan will appoint Mehmet \u015eim\u015fek, who defends the traditional economy, as &hellip;<\/p>\n","protected":false},"author":29,"featured_media":76653,"comment_status":"open","ping_status":"open","sticky":false,"template":"","format":"standard","meta":{"footnotes":""},"categories":[184],"tags":[18498,1153,77182,79275],"class_list":["post-76652","post","type-post","status-publish","format-standard","has-post-thumbnail","hentry","category-turkey-economy","tag-mehmet-simsek","tag-recep-tayyip-erdogan","tag-turkey","tag-turkiye"],"_links":{"self":[{"href":"https:\/\/www.nationalturk.com\/en\/wp-json\/wp\/v2\/posts\/76652","targetHints":{"allow":["GET"]}}],"collection":[{"href":"https:\/\/www.nationalturk.com\/en\/wp-json\/wp\/v2\/posts"}],"about":[{"href":"https:\/\/www.nationalturk.com\/en\/wp-json\/wp\/v2\/types\/post"}],"author":[{"embeddable":true,"href":"https:\/\/www.nationalturk.com\/en\/wp-json\/wp\/v2\/users\/29"}],"replies":[{"embeddable":true,"href":"https:\/\/www.nationalturk.com\/en\/wp-json\/wp\/v2\/comments?post=76652"}],"version-history":[{"count":1,"href":"https:\/\/www.nationalturk.com\/en\/wp-json\/wp\/v2\/posts\/76652\/revisions"}],"predecessor-version":[{"id":76654,"href":"https:\/\/www.nationalturk.com\/en\/wp-json\/wp\/v2\/posts\/76652\/revisions\/76654"}],"wp:featuredmedia":[{"embeddable":true,"href":"https:\/\/www.nationalturk.com\/en\/wp-json\/wp\/v2\/media\/76653"}],"wp:attachment":[{"href":"https:\/\/www.nationalturk.com\/en\/wp-json\/wp\/v2\/media?parent=76652"}],"wp:term":[{"taxonomy":"category","embeddable":true,"href":"https:\/\/www.nationalturk.com\/en\/wp-json\/wp\/v2\/categories?post=76652"},{"taxonomy":"post_tag","embeddable":true,"href":"https:\/\/www.nationalturk.com\/en\/wp-json\/wp\/v2\/tags?post=76652"}],"curies":[{"name":"wp","href":"https:\/\/api.w.org\/{rel}","templated":true}]}}