{"id":7698,"date":"2010-07-12T19:03:56","date_gmt":"2010-07-12T16:03:56","guid":{"rendered":"http:\/\/www.nationalturk.com\/en\/?p=7698"},"modified":"2026-01-22T16:17:21","modified_gmt":"2026-01-22T13:17:21","slug":"transfer-news-besiktas-sign-real-madrid-veteran-guti-87662456","status":"publish","type":"post","link":"https:\/\/www.nationalturk.com\/en\/transfer-news-besiktas-sign-real-madrid-veteran-guti-87662456\/","title":{"rendered":"Transfer News &#8211; Be\u015fikta\u015f sign Real Madrid veteran Guti?"},"content":{"rendered":"<h2 style=\"font-size: 1.5em;\">Be\u015fikta\u015f sign Real Madrid veteran Guti Hernandez<\/h2>\n<figure id=\"attachment_7700\" aria-describedby=\"caption-attachment-7700\" style=\"width: 610px\" class=\"wp-caption alignnone\"><img loading=\"lazy\" decoding=\"async\" class=\"size-full wp-image-7700\" title=\"guti basin top\" src=\"http:\/\/www.nationalturk.com\/en\/wp-content\/uploads\/2010\/07\/guti-basin-top.jpg\" alt=\"\" width=\"610\" height=\"247\" srcset=\"https:\/\/www.nationalturk.com\/en\/wp-content\/uploads\/2010\/07\/guti-basin-top.jpg 610w, https:\/\/www.nationalturk.com\/en\/wp-content\/uploads\/2010\/07\/guti-basin-top-280x113.jpg 280w\" sizes=\"auto, (max-width: 610px) 100vw, 610px\" \/><figcaption id=\"caption-attachment-7700\" class=\"wp-caption-text\">Guti is rumored to have agreed to all terms and conditions with Be\u015fikta\u015f and is only awaiting to sign the papers.<\/figcaption><\/figure>\n<p>Be\u015fikta\u015f had also signed world famous Portuguese winger, Ricardo Quaresma, in an attempt to regain the Turkish League Championship and do well in the Europa League.<\/p>\n<p>According to close sources within the Be\u015fikta\u015f club, chairman Y\u0131ld\u0131r\u0131m Demir\u00f6ren has agreed to terms with the manager of Guti Hernandez, and is preparing to fly to Spain and bring the Spanish footballer to Turkey on his private plane.<\/p>\n<p>The same sources have also alleged that the manager of the 33-year-old, Santos Marquez Gonzalez and Be\u015fikta\u015f representative Ahmet Ers\u00f6z has agreed on all terms and conditions and the only job in hand is for the official signatures to be made.<\/p>\n<p>All of the past problems encountered by the meetings between the two representatives have been solved and Be\u015fikta\u015f Chairman Y\u0131ld\u0131r\u0131m Demir\u00f6ren and Be\u015fikta\u015f board members <a title=\"Serdal Adal\u0131 Besiktas Braga\" href=\"https:\/\/www.nationalturk.com\/en\/besiktas-muci-musrati-transfer-legia-braga\/\" target=\"_blank\" rel=\"noopener\">Serdal Adal\u0131<\/a> and Cengiz Z\u00fclfikaro\u011flu are expected to go to Madrid as soon as possible.<\/p>\n<h3>Guti Hernandez, official signing ceremony<\/h3>\n<p>It has also been rumored that, Guti\u2019s official signing ceremony will be made before the Europa league match against V\u00edkingur G\u00f8ta at the In\u00f6n\u00fc Stadium (Be\u015fikta\u015f home ground).<\/p>\n<p>A source at Be\u015fikta\u015f has also said that, the reason why Guti\u2019s acceptance of coming to Be\u015fikta\u015f is being kept a secret is due to a report which manager Bernd Schuster gave to the Be\u015fikta\u015f board of director.<\/p>\n<p>In the report, the German manager asked the Be\u015fikta\u015f board to keep Zapotocny and Hilbert both of foreign nationalities at the club.<\/p>\n<p>The problem Be\u015fikta\u015f now faces is that they have a surplus amount of foreign nationals at the club but Turkish league rules apply that a team can only have six foreign nationals in the first 11 and the rest would be kept as substitutes.<\/p>\n<p>Most foreign players who come to the Turkish league, are here to further their careers and go to bigger European clubs and most do not except to be substitutes.<\/p>\n<h4><strong>Write your Be\u015fikta\u015f sign Real Madrid veteran Guti comments and thoughts below.<\/strong><\/h4>\n<blockquote class=\"wp-embedded-content\" data-secret=\"3plA8eCY0X\"><p><a href=\"https:\/\/www.nationalturk.com\/en\/besiktas-muci-musrati-transfer-legia-braga\/\">Serdal Adal\u0131: The money for Mu\u00e7i and Al Musrati transfers goes to the funds, not to Legia and Braga!<\/a><\/p><\/blockquote>\n<p><iframe loading=\"lazy\" class=\"wp-embedded-content\" sandbox=\"allow-scripts\" security=\"restricted\" style=\"position: absolute; visibility: hidden;\" title=\"&#8220;Serdal Adal\u0131: The money for Mu\u00e7i and Al Musrati transfers goes to the funds, not to Legia and Braga!&#8221; &#8212; NationalTurk\" src=\"https:\/\/www.nationalturk.com\/en\/besiktas-muci-musrati-transfer-legia-braga\/embed\/#?secret=W4l2zBkwho#?secret=3plA8eCY0X\" data-secret=\"3plA8eCY0X\" width=\"500\" height=\"282\" frameborder=\"0\" marginwidth=\"0\" marginheight=\"0\" scrolling=\"no\"><\/iframe><\/p>\n","protected":false},"excerpt":{"rendered":"<p>Guti Rumored at Be\u015fikta\u015f : Turkish giants Be\u015fikta\u015f who have eyed both the Turkish Super League and the UEFA Europa League for the 2010-11 season has allegedly agreed to terms with the manager of Real Madrid veteran Guti.<\/p>\n","protected":false},"author":29,"featured_media":81214,"comment_status":"open","ping_status":"open","sticky":false,"template":"","format":"standard","meta":{"footnotes":""},"categories":[135,80,63,118,1633],"tags":[9391,1700,15313,2779,11017,11545,11018,6745,7693,11019,3028,7688,11021,11137,80238,519,10846,77182,10020,11136,11022,1708,1722,1711],"class_list":["post-7698","post","type-post","status-publish","format-standard","has-post-thumbnail","hentry","category-football","category-breaking-news","category-daily","category-hot","category-turkey-sport","tag-bernd-schuster","tag-besiktas","tag-besiktas-jk","tag-europa-league","tag-guti","tag-guti-hernandez","tag-guti-manager","tag-istanbul","tag-quaresma","tag-real","tag-real-madrid","tag-ricardo-quaresma","tag-robinho","tag-santos-marquez-gonzalez","tag-serdal-adali","tag-spain","tag-transfer","tag-turkey","tag-turkish-club","tag-turkish-league-champion","tag-turkish-side","tag-turkish-super-league","tag-uefa","tag-yildirim-demiroren"],"_links":{"self":[{"href":"https:\/\/www.nationalturk.com\/en\/wp-json\/wp\/v2\/posts\/7698","targetHints":{"allow":["GET"]}}],"collection":[{"href":"https:\/\/www.nationalturk.com\/en\/wp-json\/wp\/v2\/posts"}],"about":[{"href":"https:\/\/www.nationalturk.com\/en\/wp-json\/wp\/v2\/types\/post"}],"author":[{"embeddable":true,"href":"https:\/\/www.nationalturk.com\/en\/wp-json\/wp\/v2\/users\/29"}],"replies":[{"embeddable":true,"href":"https:\/\/www.nationalturk.com\/en\/wp-json\/wp\/v2\/comments?post=7698"}],"version-history":[{"count":2,"href":"https:\/\/www.nationalturk.com\/en\/wp-json\/wp\/v2\/posts\/7698\/revisions"}],"predecessor-version":[{"id":81216,"href":"https:\/\/www.nationalturk.com\/en\/wp-json\/wp\/v2\/posts\/7698\/revisions\/81216"}],"wp:featuredmedia":[{"embeddable":true,"href":"https:\/\/www.nationalturk.com\/en\/wp-json\/wp\/v2\/media\/81214"}],"wp:attachment":[{"href":"https:\/\/www.nationalturk.com\/en\/wp-json\/wp\/v2\/media?parent=7698"}],"wp:term":[{"taxonomy":"category","embeddable":true,"href":"https:\/\/www.nationalturk.com\/en\/wp-json\/wp\/v2\/categories?post=7698"},{"taxonomy":"post_tag","embeddable":true,"href":"https:\/\/www.nationalturk.com\/en\/wp-json\/wp\/v2\/tags?post=7698"}],"curies":[{"name":"wp","href":"https:\/\/api.w.org\/{rel}","templated":true}]}}