{"id":7738,"date":"2010-07-15T10:42:40","date_gmt":"2010-07-15T07:42:40","guid":{"rendered":"http:\/\/www.nationalturk.com\/en\/?p=7738"},"modified":"2024-02-17T01:24:17","modified_gmt":"2024-02-16T22:24:17","slug":"real-madrid-veteran-guti-signs-with-turkish-giant-besiktas-24562456","status":"publish","type":"post","link":"https:\/\/www.nationalturk.com\/en\/real-madrid-veteran-guti-signs-with-turkish-giant-besiktas-24562456\/","title":{"rendered":"Real Madrid Veteran Guti Signs with Turkish giant Be\u015fikta\u015f"},"content":{"rendered":"<h1 style=\"font-size: 1.5em;\">Transfer News &#8211; Guti has agreed to a two year contract with Turkish giants Be\u015fikta\u015f, which will take the Spanish footballer away from the Santiago Bernabeu for the first time in his career.<\/h1>\n<h2>\n<figure id=\"attachment_7740\" aria-describedby=\"caption-attachment-7740\" style=\"width: 380px\" class=\"wp-caption alignleft\"><img loading=\"lazy\" decoding=\"async\" class=\"size-full wp-image-7740 \" title=\"guti_haz\" src=\"http:\/\/www.nationalturk.com\/en\/wp-content\/uploads\/2010\/07\/guti_haz.jpg\" alt=\"\" width=\"380\" height=\"250\" srcset=\"https:\/\/www.nationalturk.com\/en\/wp-content\/uploads\/2010\/07\/guti_haz.jpg 380w, https:\/\/www.nationalturk.com\/en\/wp-content\/uploads\/2010\/07\/guti_haz-280x184.jpg 280w\" sizes=\"auto, (max-width: 380px) 100vw, 380px\" \/><figcaption id=\"caption-attachment-7740\" class=\"wp-caption-text\">Real Madrid play maker Guti at Be\u015fikta\u015f<\/figcaption><\/figure>\n<p>The Be\u015fikta\u015f official website wrote on Thursday that \u201cBe\u015fikta\u015f Football Investment industry and Trade Inc, have let the IMKB (stock market) that they have started negotiations with Real Madrid player Guti and his club.\u201d<\/h2>\n<p>However it widely excepted that Be\u015fikta\u015f JK informs the stock exchange of a possible transfer deal only when the player is certain to come.<\/p>\n<p>Be\u015fikta\u015f have given Guti a two year contract worth \u20ac3 million a year. Guti and Chairman Y\u0131ld\u0131r\u0131m Demir\u00f6ren are expected to arrive in Turkey within Thursday.<\/p>\n<p>Be\u015fikta\u015f have made some important transfers this season with the arrival of former Real Madrid Boss, Bernd Schuster.<\/p>\n<p>With the arrival of Ricardo Quaresma and now Guti Be\u015fikta\u015f are planning to be champions of the Turkish Super League and go far in the Uefa Europa League.<\/p>\n<p>It is also widely speculated that Real Madrid veteran and goal machine Raul may also be transferred to Be\u015fikta\u015f with the help of Schuster who worked with the player in his spell at the Bernabeu.<\/p>\n<p>Be\u015fikta\u015f JK had recently been tourned down by Manchester City for a multi-million pound deal to bring Brazilian sensation Robinho.<\/p>\n<p>Be\u015fikta\u015f will play their first formal game of the season against Faroe Island side V\u00edkingur in the UEFA Europa League second qualifying round on Thursday.<\/p>\n<p><strong>Write your comments and thoughts below.<\/strong><\/p>\n<p><strong><span style=\"font-weight: bold; color: #f00;\">Error, group does not exist! Check your syntax! (ID: 9)<\/span> <span style=\"font-weight: bold; color: #f00;\">Error, group does not exist! Check your syntax! (ID: 19)<\/span><\/strong><\/p>\n","protected":false},"excerpt":{"rendered":"<p>Guti Transfers to Be\u015fikta\u015f : Guti has agreed to a two year contract with Turkish giants Be\u015fikta\u015f, which will take the Spanish footballer away from the Santiago Bernabeu for the first time in his career.<\/p>\n","protected":false},"author":29,"featured_media":0,"comment_status":"open","ping_status":"open","sticky":false,"template":"","format":"standard","meta":{"footnotes":""},"categories":[135,80,63,118,127,1633],"tags":[8560,9391,1700,15313,11231,2779,11017,11230,11233,11232,4313,11234,3028,7688,519,77182,1722,11235,1711],"class_list":["post-7738","post","type-post","status-publish","format-standard","hentry","category-football","category-breaking-news","category-daily","category-hot","category-sport","category-turkey-sport","tag-bernabeu","tag-bernd-schuster","tag-besiktas","tag-besiktas-jk","tag-besiktas-transfer-guti","tag-europa-league","tag-guti","tag-guti-besiktas","tag-guti-to-besiktas","tag-guti-transfer-besiktas","tag-manchester-city","tag-raul","tag-real-madrid","tag-ricardo-quaresma","tag-spain","tag-turkey","tag-uefa","tag-vikingur","tag-yildirim-demiroren"],"_links":{"self":[{"href":"https:\/\/www.nationalturk.com\/en\/wp-json\/wp\/v2\/posts\/7738","targetHints":{"allow":["GET"]}}],"collection":[{"href":"https:\/\/www.nationalturk.com\/en\/wp-json\/wp\/v2\/posts"}],"about":[{"href":"https:\/\/www.nationalturk.com\/en\/wp-json\/wp\/v2\/types\/post"}],"author":[{"embeddable":true,"href":"https:\/\/www.nationalturk.com\/en\/wp-json\/wp\/v2\/users\/29"}],"replies":[{"embeddable":true,"href":"https:\/\/www.nationalturk.com\/en\/wp-json\/wp\/v2\/comments?post=7738"}],"version-history":[{"count":1,"href":"https:\/\/www.nationalturk.com\/en\/wp-json\/wp\/v2\/posts\/7738\/revisions"}],"predecessor-version":[{"id":78374,"href":"https:\/\/www.nationalturk.com\/en\/wp-json\/wp\/v2\/posts\/7738\/revisions\/78374"}],"wp:attachment":[{"href":"https:\/\/www.nationalturk.com\/en\/wp-json\/wp\/v2\/media?parent=7738"}],"wp:term":[{"taxonomy":"category","embeddable":true,"href":"https:\/\/www.nationalturk.com\/en\/wp-json\/wp\/v2\/categories?post=7738"},{"taxonomy":"post_tag","embeddable":true,"href":"https:\/\/www.nationalturk.com\/en\/wp-json\/wp\/v2\/tags?post=7738"}],"curies":[{"name":"wp","href":"https:\/\/api.w.org\/{rel}","templated":true}]}}