{"id":7983,"date":"2010-07-28T12:01:06","date_gmt":"2010-07-28T09:01:06","guid":{"rendered":"http:\/\/www.nationalturk.com\/en\/?p=7983"},"modified":"2025-02-08T16:09:03","modified_gmt":"2025-02-08T13:09:03","slug":"transfer-news-guti-signs-with-besiktas-at-inonu-stadium-76549665","status":"publish","type":"post","link":"https:\/\/www.nationalturk.com\/en\/transfer-news-guti-signs-with-besiktas-at-inonu-stadium-76549665\/","title":{"rendered":"Transfer News &#8211; Guti signs with Be\u015fikta\u015f at In\u00f6n\u00fc stadium"},"content":{"rendered":"<h2><strong>Guti signing papers which makes him a Be\u015fikta\u015f player at In\u00f6n\u00fc Stadium.<\/strong><\/h2>\n<p style=\"text-align: justify;\">The 33-year-old footballer who signed the official papers in front of 15,000 fans at the Be\u015fikta\u015f In\u00f6n\u00fc stadium was shocked by the support he received.<\/p>\n<p style=\"text-align: justify;\"><img loading=\"lazy\" decoding=\"async\" class=\"alignleft size-full wp-image-7984\" title=\"guti12-e1280256290678-280x141\" src=\"http:\/\/www.nationalturk.com\/en\/wp-content\/uploads\/2010\/07\/guti12-e1280256290678-280x141.jpg\" alt=\"\" width=\"280\" height=\"141\" \/>The footballer who has signed away from Real Madrid for the first time in his career looked mesmerized by the World famous \u00c7ar\u015f\u0131 fan group which holds the world record for the highest decibel of sound made at a football game.<\/p>\n<p style=\"text-align: justify;\">Though the amount of fans which came to the signing ceremony of Guti was notably less then Ricardo Quaresma\u2019s, there were some spectacular views at the In\u00f6n\u00fc stadium.<\/p>\n<p style=\"text-align: justify;\">The fans that turned up to the ceremony were especially surprised when the Spanish footballer did a Be\u015fikta\u015f trade mark celebration.<\/p>\n<p style=\"text-align: justify;\">Meanwhile, Be\u015fikta\u015f fans that had criticized and fiercely protested chairman Y\u0131ld\u0131r\u0131m Demir\u00f6ren were now supporting him. Fans were heard chanting \u201cThis is not enough Y\u0131ld\u0131r\u0131m Demir\u00f6ren\u201d signaling for the transfer of world super star Robinho.<\/p>\n<p style=\"text-align: justify;\"><img loading=\"lazy\" decoding=\"async\" class=\"alignleft size-full wp-image-7985\" title=\"guti22-e1280256621358-130x220\" src=\"http:\/\/www.nationalturk.com\/en\/wp-content\/uploads\/2010\/07\/guti22-e1280256621358-130x220.jpg\" alt=\"\" width=\"130\" height=\"220\" \/>Y\u0131ld\u0131r\u0131m Demir\u00f6ren who spoke at the ceremony said \u201cNow our only target is to regain the Turkey championship and to win the Europa Cup. Now the job is in your hands, the big Be\u015fikta\u015f fans. I wish the best for Guti at Be\u015fikta\u015f.\u201d<\/p>\n<p style=\"text-align: justify;\">Guti also spoke after the chairman said \u201cThank you all for being here. For me, wearing this shirt is a big honor.<\/p>\n<p style=\"text-align: justify;\">\u201cI am very happy to be in Turkey. I am very happy to be part of a team like Be\u015fikta\u015f. At the same time, playing in front of fans like these is a dream for me.\u201d<\/p>\n<p style=\"text-align: justify;\">After Guti signed the papers, he continued his speech saying \u201cWe will become champions together. And in the next season we will play in the <a title=\"UEFA Champions League\" href=\"https:\/\/www.uefa.com\/uefachampionsleague\/\" target=\"_blank\" rel=\"noopener\">Champions League<\/a>. Thank you for greeting me like this.\u201d<\/p>\n<p style=\"text-align: justify;\">Guti signed with Be\u015fikta\u015f for a two year deal worth a reported \u20ac3 million.<\/p>\n<p style=\"text-align: justify;\"><img loading=\"lazy\" decoding=\"async\" class=\"size-full wp-image-7986 alignnone\" title=\"guti_kapali-610x348\" src=\"http:\/\/www.nationalturk.com\/en\/wp-content\/uploads\/2010\/07\/guti_kapali-610x348.jpg\" alt=\"\" width=\"610\" height=\"348\" srcset=\"https:\/\/www.nationalturk.com\/en\/wp-content\/uploads\/2010\/07\/guti_kapali-610x348.jpg 610w, https:\/\/www.nationalturk.com\/en\/wp-content\/uploads\/2010\/07\/guti_kapali-610x348-280x159.jpg 280w\" sizes=\"auto, (max-width: 610px) 100vw, 610px\" \/><\/p>\n<p><strong>Write your comments and thoughts below.<\/strong><\/p>\n<blockquote class=\"wp-embedded-content\" data-secret=\"Naeavhl4TF\"><p><a href=\"https:\/\/www.nationalturk.com\/en\/che-tattooed-president-to-besiktas-who-is-hurser-tekinoktay\/\">Che tattooed president to Be\u015fikta\u015f ! Who is Hurser Tekinoktay?<\/a><\/p><\/blockquote>\n<p><iframe loading=\"lazy\" class=\"wp-embedded-content\" sandbox=\"allow-scripts\" security=\"restricted\" style=\"position: absolute; visibility: hidden;\" title=\"&#8220;Che tattooed president to Be\u015fikta\u015f ! Who is Hurser Tekinoktay?&#8221; &#8212; NationalTurk\" src=\"https:\/\/www.nationalturk.com\/en\/che-tattooed-president-to-besiktas-who-is-hurser-tekinoktay\/embed\/#?secret=mOK7mhXjiy#?secret=Naeavhl4TF\" data-secret=\"Naeavhl4TF\" width=\"500\" height=\"282\" frameborder=\"0\" marginwidth=\"0\" marginheight=\"0\" scrolling=\"no\"><\/iframe><\/p>\n<p>&nbsp;<\/p>\n","protected":false},"excerpt":{"rendered":"<p>Transfer News Guti Be\u015fikta\u015f : Transfer News &#8211; Real Madrid\u2019s former player Guti has finally signed the papers which made him a Be\u015fikta\u015f player on Tuesday after going through a medical check.<\/p>\n","protected":false},"author":29,"featured_media":80548,"comment_status":"open","ping_status":"open","sticky":false,"template":"","format":"standard","meta":{"footnotes":""},"categories":[135,80,63,118,127,1633],"tags":[1700,15313,11585,377,11267,11017,11230,11232,11547,11586,10846,1068,11584,1711],"class_list":["post-7983","post","type-post","status-publish","format-standard","has-post-thumbnail","hentry","category-football","category-breaking-news","category-daily","category-hot","category-sport","category-turkey-sport","tag-besiktas","tag-besiktas-jk","tag-besiktas-transfer","tag-champions-league","tag-demiroren","tag-guti","tag-guti-besiktas","tag-guti-transfer-besiktas","tag-guti-video","tag-inonu-stadium","tag-transfer","tag-video","tag-yildirim","tag-yildirim-demiroren"],"_links":{"self":[{"href":"https:\/\/www.nationalturk.com\/en\/wp-json\/wp\/v2\/posts\/7983","targetHints":{"allow":["GET"]}}],"collection":[{"href":"https:\/\/www.nationalturk.com\/en\/wp-json\/wp\/v2\/posts"}],"about":[{"href":"https:\/\/www.nationalturk.com\/en\/wp-json\/wp\/v2\/types\/post"}],"author":[{"embeddable":true,"href":"https:\/\/www.nationalturk.com\/en\/wp-json\/wp\/v2\/users\/29"}],"replies":[{"embeddable":true,"href":"https:\/\/www.nationalturk.com\/en\/wp-json\/wp\/v2\/comments?post=7983"}],"version-history":[{"count":2,"href":"https:\/\/www.nationalturk.com\/en\/wp-json\/wp\/v2\/posts\/7983\/revisions"}],"predecessor-version":[{"id":80550,"href":"https:\/\/www.nationalturk.com\/en\/wp-json\/wp\/v2\/posts\/7983\/revisions\/80550"}],"wp:featuredmedia":[{"embeddable":true,"href":"https:\/\/www.nationalturk.com\/en\/wp-json\/wp\/v2\/media\/80548"}],"wp:attachment":[{"href":"https:\/\/www.nationalturk.com\/en\/wp-json\/wp\/v2\/media?parent=7983"}],"wp:term":[{"taxonomy":"category","embeddable":true,"href":"https:\/\/www.nationalturk.com\/en\/wp-json\/wp\/v2\/categories?post=7983"},{"taxonomy":"post_tag","embeddable":true,"href":"https:\/\/www.nationalturk.com\/en\/wp-json\/wp\/v2\/tags?post=7983"}],"curies":[{"name":"wp","href":"https:\/\/api.w.org\/{rel}","templated":true}]}}