{"id":10011,"date":"2009-12-02T20:00:46","date_gmt":"2009-12-02T17:00:46","guid":{"rendered":"http:\/\/www.nationalturk.com\/?p=10011"},"modified":"2009-12-02T20:00:46","modified_gmt":"2009-12-02T17:00:46","slug":"kardesini-ayi-sandi","status":"publish","type":"post","link":"https:\/\/www.nationalturk.com\/tr\/kardesini-ayi-sandi\/","title":{"rendered":"Karde\u015fini &#8220;Ay\u0131&#8221; sand\u0131!"},"content":{"rendered":"<p><strong><img loading=\"lazy\" decoding=\"async\" class=\"alignleft size-medium wp-image-10012\" title=\"Boz Ay\u0131\" src=\"http:\/\/www.nationalturk.com\/tr\/wp-content\/uploads\/2009\/12\/bozayi-267x220.jpg\" alt=\"Boz Ay\u0131\" width=\"186\" height=\"220\" srcset=\"https:\/\/www.nationalturk.com\/tr\/wp-content\/uploads\/2009\/12\/bozayi-267x220.jpg 186w, https:\/\/www.nationalturk.com\/tr\/wp-content\/uploads\/2009\/12\/bozayi.jpg 338w\" sizes=\"auto, (max-width: 186px) 100vw, 186px\" \/>Yalova&#8217;n\u0131n \u00c7\u0131narc\u0131k \u0130l\u00e7esi&#8217;nde 39 ya\u015f\u0131ndaki Cengiz Ayvaz, kaybolan koyunlar\u0131n\u0131 ararken ay\u0131 sand\u0131\u011f\u0131 karde\u015fi 29 ya\u015f\u0131ndaki Y\u0131lmaz Ayvaz&#8217;\u0131 av t\u00fcfe\u011fiyle vurarak yaralad\u0131. <\/strong><\/p>\n<p>Al\u0131nan bilgilere g\u00f6re hayvanc\u0131l\u0131kla u\u011fra\u015fan Cengiz Ayvaz, yan\u0131na karde\u015fi Y\u0131lmaz Ayvaz&#8217;\u0131 da alarak d\u00fcn ormanda kaybolan iki koyununu aramaya \u00e7\u0131kt\u0131.<\/p>\n<p>Koyunlar\u0131 arayan iki karde\u015f havan\u0131n karard\u0131\u011f\u0131n\u0131n fark\u0131na varamayarak birbirlerinden uzakla\u015ft\u0131. Cengiz Ayvaz saat 19.30 s\u0131ralar\u0131nda \u00e7al\u0131l\u0131klar\u0131n aras\u0131ndan h\u0131\u015f\u0131rt\u0131 ve h\u0131rlamaya benzer sesler duydu. \u00c7\u0131kan seslerin ay\u0131lardan geldi\u011fini d\u00fc\u015f\u00fcnen a\u011fabey Cengiz Ayvaz, elindeki t\u00fcfekle sesin geldi\u011fi y\u00f6ne ate\u015f etti.<\/p>\n<p>Y\u0131lmaz Ayvaz, f\u0131kra gibi olaydan hafif yaralarla kurtulurken a\u011fabey Cengiz Ayvaz, tutuksuz yarg\u0131lanmak \u00fczere serbest b\u0131rak\u0131ld\u0131.<\/p>\n","protected":false},"excerpt":{"rendered":"<p>Yalova&#8217;n\u0131n \u00c7\u0131narc\u0131k \u0130l\u00e7esi&#8217;nde 39 ya\u015f\u0131ndaki Cengiz Ayvaz, kaybolan koyunlar\u0131n\u0131 ararken ay\u0131 sand\u0131\u011f\u0131 karde\u015fi 29 ya\u015f\u0131ndaki Y\u0131lmaz Ayvaz&#8217;\u0131 av t\u00fcfe\u011fiyle vurarak yaralad\u0131.<\/p>\n","protected":false},"author":4,"featured_media":193543,"comment_status":"open","ping_status":"open","sticky":false,"template":"","format":"standard","meta":{"_acf_changed":false,"footnotes":""},"categories":[5005,6805],"tags":[10327,10332,10329,10331,10330,10328],"class_list":["post-10011","post","type-post","status-publish","format-standard","has-post-thumbnail","hentry","category-manset","category-turkiye","tag-cengiz-ayvaz","tag-cinarcik-ayi-olayi","tag-yalova","tag-yalova-ayi-olayi","tag-yalova-cinarcik","tag-yilmaz-ayvaz"],"acf":[],"_links":{"self":[{"href":"https:\/\/www.nationalturk.com\/tr\/wp-json\/wp\/v2\/posts\/10011","targetHints":{"allow":["GET"]}}],"collection":[{"href":"https:\/\/www.nationalturk.com\/tr\/wp-json\/wp\/v2\/posts"}],"about":[{"href":"https:\/\/www.nationalturk.com\/tr\/wp-json\/wp\/v2\/types\/post"}],"author":[{"embeddable":true,"href":"https:\/\/www.nationalturk.com\/tr\/wp-json\/wp\/v2\/users\/4"}],"replies":[{"embeddable":true,"href":"https:\/\/www.nationalturk.com\/tr\/wp-json\/wp\/v2\/comments?post=10011"}],"version-history":[{"count":0,"href":"https:\/\/www.nationalturk.com\/tr\/wp-json\/wp\/v2\/posts\/10011\/revisions"}],"wp:featuredmedia":[{"embeddable":true,"href":"https:\/\/www.nationalturk.com\/tr\/wp-json\/wp\/v2\/media\/193543"}],"wp:attachment":[{"href":"https:\/\/www.nationalturk.com\/tr\/wp-json\/wp\/v2\/media?parent=10011"}],"wp:term":[{"taxonomy":"category","embeddable":true,"href":"https:\/\/www.nationalturk.com\/tr\/wp-json\/wp\/v2\/categories?post=10011"},{"taxonomy":"post_tag","embeddable":true,"href":"https:\/\/www.nationalturk.com\/tr\/wp-json\/wp\/v2\/tags?post=10011"}],"curies":[{"name":"wp","href":"https:\/\/api.w.org\/{rel}","templated":true}]}}