{"id":10016,"date":"2009-12-02T23:26:31","date_gmt":"2009-12-02T20:26:31","guid":{"rendered":"http:\/\/www.nationalturk.com\/?p=10016"},"modified":"2009-12-03T15:00:26","modified_gmt":"2009-12-03T12:00:26","slug":"joseph-blatter-thierry-henry","status":"publish","type":"post","link":"https:\/\/www.nationalturk.com\/tr\/joseph-blatter-thierry-henry\/","title":{"rendered":"Thierry Henry&#8217;e FIFA&#8217; dan soru\u015fturma"},"content":{"rendered":"<p><strong>Joseph Blatter&#8217;den \u00a0Thierry Henry&#8217;e moral, FIFA&#8217; dan soru\u015fturma!<\/strong><\/p>\n<p><a href=\"http:\/\/www.nationalturk.com\/tr\/wp-content\/uploads\/2009\/12\/henry-thierry.jpg\"><img loading=\"lazy\" decoding=\"async\" class=\"alignleft size-medium wp-image-10017\" title=\"France Ireland Thierry Henry\" src=\"http:\/\/www.nationalturk.com\/tr\/wp-content\/uploads\/2009\/12\/henry-thierry-193x220.jpg\" alt=\"France Ireland Thierry Henry\" width=\"193\" height=\"220\" srcset=\"https:\/\/www.nationalturk.com\/tr\/wp-content\/uploads\/2009\/12\/henry-thierry-193x220.jpg 193w, https:\/\/www.nationalturk.com\/tr\/wp-content\/uploads\/2009\/12\/henry-thierry-351x400.jpg 351w, https:\/\/www.nationalturk.com\/tr\/wp-content\/uploads\/2009\/12\/henry-thierry.jpg 468w\" sizes=\"auto, (max-width: 193px) 100vw, 193px\" \/><\/a>\u0130rlanda&#8217;n\u0131n Fransa ile 1-1 berabere kald\u0131\u011f\u0131 play-off baraj r\u00f6van\u015f ma\u00e7\u0131nda, Frans\u0131z futbolcu Thierry Henry&#8217;nin, topa eliyle m\u00fcdahale etmesiyle ilgili soru\u015fturma ba\u015flat\u0131laca\u011f\u0131 bildirildi.<\/p>\n<p>Henry&#8217;nin\u00a0 tak\u0131m arkada\u015f\u0131 Gallas&#8217; eliyle al-da at\u00a0diye verdi\u011fi topun Gallas\u00a0taraf\u0131ndan gole \u00e7evrilmesiyle Fransa&#8217;n\u0131n 2010 D\u00fcnya Kupas\u0131&#8217;na gitmeyi garantilemesi, G\u00fcney Afrika&#8217;n\u0131n Cape Town kentinde d\u00fczenlenen FIFA&#8217;n\u0131n ola\u011fan\u00fcst\u00fc toplant\u0131s\u0131nda ele al\u0131nan en \u00f6nemli konu oldu.<\/p>\n<p>\u00d6zellikle \u0130rlanda&#8217;n\u0131n hakk\u0131n\u0131n yenmesiyle ilgili kura sistemiyle de \u00e7\u0131kmaza giren\u00a0Joseph Blatter,\u00a0Henrry i\u00e7in\u00a0&#8221;Benden, kendisini aramam\u0131 istedi. Durumunu anlad\u0131\u011f\u0131m\u0131 s\u00f6yledim, ben de bir 9 numarayd\u0131m, ben de futbol oynarken gol atmak i\u00e7in de\u011fil, di\u011fer oyuncular\u0131 itmek i\u00e7in elimi kullan\u0131rd\u0131m&#8221; diye konu\u015ftu.<\/p>\n<p>Henry&#8217;nin su\u00e7lu olup olmad\u0131\u011f\u0131n\u0131 de\u011fil, sporla ilgili konu\u015ftuklar\u0131n\u0131 ifade eden Blatter, &#8221;Ceza alaca\u011f\u0131n\u0131 s\u00f6ylemedim, ba\u011f\u0131ms\u0131z olan FIFA Disiplin Kurulu&#8217;nca yap\u0131lacak bir soru\u015fturman\u0131n s\u00f6z konusu oldu\u011funu s\u00f6yledim&#8221; ifadelerini kulland\u0131.Joseph<\/p>\n<p>Joseph Blatter ve Thierry Henry aras\u0131nda ge\u00e7en konu\u015fmada\u00a0 Thierry Henry&#8217;nin hareketinin fark\u0131nda oldu\u011funu, y\u0131ld\u0131z futbolcunun, olaydan sonra kendisini ortada b\u0131rak\u0131lm\u0131\u015f hissetti\u011fini belirtti\u011fi \u00f6\u011frenildi.<\/p>\n<p>Tart\u0131\u015fmalara konu ma\u00e7ta Fransa, ma\u00e7\u0131n b\u00fcy\u00fck bir b\u00f6l\u00fcm\u00fcn\u00fc 1-0 yenik g\u00f6t\u00fcr\u00fcrken, uzatma dakikalar\u0131nda Thierry Henry&#8217;nin elle topu d\u00fczeltti\u011fi pozisyon sonucu Gallas&#8217;\u0131n att\u0131\u011f\u0131 golle durumu 1-1 beraberli\u011fe getirmi\u015f ve G\u00fcney Afrika vizesini son dakikada alm\u0131\u015ft\u0131.<\/p>\n<p>Thierry Henry, olayl\u0131 ma\u00e7tan sonra yapt\u0131\u011f\u0131 a\u00e7\u0131klamada, \u0130rlanda ma\u00e7\u0131 i\u00e7in adaletli \u00e7\u00f6z\u00fcm\u00fcn, ma\u00e7\u0131n tekrarlanmas\u0131 olaca\u011f\u0131n\u0131 belirtmi\u015fti.<\/p>\n<p>\u0130rlanda Futbol Federasyonu&#8217;nun itiraz\u0131 \u00fczerine ise FIFA, ma\u00e7\u0131n yinelenmesi ya da herhangi bir skor de\u011fi\u015fimi olmayaca\u011f\u0131n\u0131 bildirmi\u015fti.<\/p>\n","protected":false},"excerpt":{"rendered":"<p>Joseph Blatter ve Thierry Henry aras\u0131nda ge\u00e7en konu\u015fmada <\/p>\n","protected":false},"author":6,"featured_media":193542,"comment_status":"open","ping_status":"open","sticky":false,"template":"","format":"standard","meta":{"_acf_changed":false,"footnotes":""},"categories":[8244,6774,349,6194],"tags":[10336,10335,17,10334,601,5011,10337,10333],"class_list":["post-10016","post","type-post","status-publish","format-standard","has-post-thumbnail","hentry","category-fifa-dunya-kupasi","category-futbol","category-son-dakika","category-spor","tag-blatter","tag-cape-town","tag-fransa","tag-gallas","tag-guney-afrika","tag-irlanda","tag-joseph-blatter","tag-thierry-henrry"],"acf":[],"_links":{"self":[{"href":"https:\/\/www.nationalturk.com\/tr\/wp-json\/wp\/v2\/posts\/10016","targetHints":{"allow":["GET"]}}],"collection":[{"href":"https:\/\/www.nationalturk.com\/tr\/wp-json\/wp\/v2\/posts"}],"about":[{"href":"https:\/\/www.nationalturk.com\/tr\/wp-json\/wp\/v2\/types\/post"}],"author":[{"embeddable":true,"href":"https:\/\/www.nationalturk.com\/tr\/wp-json\/wp\/v2\/users\/6"}],"replies":[{"embeddable":true,"href":"https:\/\/www.nationalturk.com\/tr\/wp-json\/wp\/v2\/comments?post=10016"}],"version-history":[{"count":0,"href":"https:\/\/www.nationalturk.com\/tr\/wp-json\/wp\/v2\/posts\/10016\/revisions"}],"wp:featuredmedia":[{"embeddable":true,"href":"https:\/\/www.nationalturk.com\/tr\/wp-json\/wp\/v2\/media\/193542"}],"wp:attachment":[{"href":"https:\/\/www.nationalturk.com\/tr\/wp-json\/wp\/v2\/media?parent=10016"}],"wp:term":[{"taxonomy":"category","embeddable":true,"href":"https:\/\/www.nationalturk.com\/tr\/wp-json\/wp\/v2\/categories?post=10016"},{"taxonomy":"post_tag","embeddable":true,"href":"https:\/\/www.nationalturk.com\/tr\/wp-json\/wp\/v2\/tags?post=10016"}],"curies":[{"name":"wp","href":"https:\/\/api.w.org\/{rel}","templated":true}]}}