{"id":100230,"date":"2012-03-05T15:58:09","date_gmt":"2012-03-05T13:58:09","guid":{"rendered":"http:\/\/www.nationalturk.com\/?p=100230"},"modified":"2012-03-05T15:58:09","modified_gmt":"2012-03-05T13:58:09","slug":"8-mart-tatil-olsun-onerisi-100230","status":"publish","type":"post","link":"https:\/\/www.nationalturk.com\/tr\/8-mart-tatil-olsun-onerisi-100230\/","title":{"rendered":"8 Mart tatil olsun \u00f6nerisi"},"content":{"rendered":"<h1><img loading=\"lazy\" decoding=\"async\" class=\"alignleft size-medium wp-image-100235\" title=\"Sena Kaleli\" src=\"http:\/\/www.nationalturk.com\/tr\/wp-content\/uploads\/2012\/03\/sena__kaleli-e1330955703840-280x217.jpg\" alt=\"\" width=\"280\" height=\"217\" srcset=\"https:\/\/www.nationalturk.com\/tr\/wp-content\/uploads\/2012\/03\/sena__kaleli-e1330955703840-280x217.jpg 280w, https:\/\/www.nationalturk.com\/tr\/wp-content\/uploads\/2012\/03\/sena__kaleli-e1330955703840.jpg 383w\" sizes=\"auto, (max-width: 280px) 100vw, 280px\" \/>8 Mart tatil olsun \u00f6nerisi&#8230;\u00a0CHP Bursa Milletvekili Sena Kaleli, 8 Mart D\u00fcnya Kad\u0131nlar G\u00fcn\u00fc&#8217;n\u00fcn, resmi tatil olmas\u0131 i\u00e7in kanun teklifi verdi.<\/h1>\n<p>Sena Kaleli&#8217;nin Ulusal Bayram ve Genel Tatiller Hakk\u0131nda Kanun&#8217;da de\u011fi\u015fiklik yapan kanun teklifi,\u00a0Resmi Bayram g\u00fcnleri aras\u0131nda, 23 Nisan Ulusal Egemenlik ve \u00c7ocuk Bayram\u0131, 19 May\u0131s Atat\u00fcrk&#8217;\u00fc Anma ve Gen\u00e7lik ve Spor Bayram\u0131 ve 30 A\u011fustos Zafer Bayram\u0131&#8217;n\u0131n yan\u0131 s\u0131ra 8 Mart D\u00fcnya Kad\u0131nlar G\u00fcn\u00fc&#8217;n\u00fc de ekliyor.<\/p>\n<p>Teklifin gerek\u00e7esinde, kad\u0131na y\u00f6nelik \u015fiddetin \u00e7e\u015fitlilik kazanarak ve artarak devam etti\u011fi ifade edildi. Toplum, t\u00f6re, namus anlay\u0131\u015f\u0131, erkekleri rahatlatacak kurallarla gelenek haline getirilen bak\u0131\u015f a\u00e7\u0131s\u0131n\u0131n, kad\u0131na \u015fiddeti adeta me\u015fru k\u0131ld\u0131\u011f\u0131 belirtilen gerek\u00e7ede, kad\u0131n\u0131n ekonomik ve sosyal ya\u015famdan uzakla\u015ft\u0131r\u0131lmas\u0131, mazbutla\u015ft\u0131rma ve muhafazakarla\u015ft\u0131rma \u00e7abalar\u0131n\u0131n da \u015fiddete zemin haz\u0131rlad\u0131\u011f\u0131 vurguland\u0131. Gerek\u00e7ede, &#8221;\u00dclkemizde ya\u015fananlar\u0131 ve artan \u015fiddeti g\u00f6z \u00f6n\u00fcne ald\u0131\u011f\u0131m\u0131zda kad\u0131n, sadece do\u011furan, b\u00fcy\u00fcten, evi \u00e7ekip \u00e7eviren, yaranmak, onay g\u00f6rmek zorunda hisseden konumundan kurtar\u0131lamad\u0131k\u00e7a, bu geleneksel halden \u00e7\u0131kamad\u0131k\u00e7a kaderi de de\u011fi\u015fmeyecektir. Sevgisiz sadece siyasi ideolojilerin pe\u015finden giden anlay\u0131\u015f, \u015fiddeti do\u011furan en b\u00fcy\u00fck nedenlerdendir&#8221; denildi.<\/p>\n<p>Gerek\u00e7ede, &#8221;8 Mart&#8217;\u0131n \u00fclkemizde de resmi tatil ilan edilmesiyle ekonomik anlamda bir kay\u0131p s\u00f6z konusu olmayaca\u011f\u0131 gibi b\u00fct\u00fcn d\u00fcnyan\u0131n ortak de\u011feri olan emek, bar\u0131\u015f, e\u015fitlik ve \u00f6zg\u00fcrl\u00fck m\u00fccadelesine kad\u0131nlar\u0131n aktif kat\u0131l\u0131m\u0131n\u0131n \u00f6n\u00fc a\u00e7\u0131lacakt\u0131r&#8221; denildi.<\/p>\n<!-- Error, Advert is not available at this time due to schedule\/geolocation restrictions! -->\n","protected":false},"excerpt":{"rendered":"<p>8 Mart tatil olsun \u00f6nerisi&#8230; CHP Bursa Milletvekili Sena Kaleli, 8 Mart D\u00fcnya Kad\u0131nlar G\u00fcn\u00fc&#8217;n\u00fcn, resmi tatil olmas\u0131 i\u00e7in kanun teklifi verdi.<\/p>\n","protected":false},"author":4,"featured_media":185103,"comment_status":"open","ping_status":"open","sticky":false,"template":"","format":"standard","meta":{"_acf_changed":false,"footnotes":""},"categories":[6155,5005,6202,6805],"tags":[64233,8723,94844,57119],"class_list":["post-100230","post","type-post","status-publish","format-standard","has-post-thumbnail","hentry","category-gundem","category-manset","category-politika","category-turkiye","tag-8-mart","tag-chp","tag-kadinlar-gunu","tag-sena-kaleli"],"acf":[],"_links":{"self":[{"href":"https:\/\/www.nationalturk.com\/tr\/wp-json\/wp\/v2\/posts\/100230","targetHints":{"allow":["GET"]}}],"collection":[{"href":"https:\/\/www.nationalturk.com\/tr\/wp-json\/wp\/v2\/posts"}],"about":[{"href":"https:\/\/www.nationalturk.com\/tr\/wp-json\/wp\/v2\/types\/post"}],"author":[{"embeddable":true,"href":"https:\/\/www.nationalturk.com\/tr\/wp-json\/wp\/v2\/users\/4"}],"replies":[{"embeddable":true,"href":"https:\/\/www.nationalturk.com\/tr\/wp-json\/wp\/v2\/comments?post=100230"}],"version-history":[{"count":0,"href":"https:\/\/www.nationalturk.com\/tr\/wp-json\/wp\/v2\/posts\/100230\/revisions"}],"wp:featuredmedia":[{"embeddable":true,"href":"https:\/\/www.nationalturk.com\/tr\/wp-json\/wp\/v2\/media\/185103"}],"wp:attachment":[{"href":"https:\/\/www.nationalturk.com\/tr\/wp-json\/wp\/v2\/media?parent=100230"}],"wp:term":[{"taxonomy":"category","embeddable":true,"href":"https:\/\/www.nationalturk.com\/tr\/wp-json\/wp\/v2\/categories?post=100230"},{"taxonomy":"post_tag","embeddable":true,"href":"https:\/\/www.nationalturk.com\/tr\/wp-json\/wp\/v2\/tags?post=100230"}],"curies":[{"name":"wp","href":"https:\/\/api.w.org\/{rel}","templated":true}]}}