{"id":100634,"date":"2012-03-07T18:26:22","date_gmt":"2012-03-07T16:26:22","guid":{"rendered":"http:\/\/www.nationalturk.com\/?p=100634"},"modified":"2012-03-07T18:26:34","modified_gmt":"2012-03-07T16:26:34","slug":"hamas-olasi-bir-savasta-israili-vurmayiz-100634","status":"publish","type":"post","link":"https:\/\/www.nationalturk.com\/tr\/hamas-olasi-bir-savasta-israili-vurmayiz-100634\/","title":{"rendered":"Hamas: Olas\u0131 bir sava\u015fta \u0130srail&#8217;i vurmay\u0131z"},"content":{"rendered":"<h1><img loading=\"lazy\" decoding=\"async\" class=\"alignleft size-medium wp-image-100635\" title=\"Hamas\" src=\"http:\/\/www.nationalturk.com\/tr\/wp-content\/uploads\/2012\/03\/hamass-280x186.jpg\" alt=\"\" width=\"280\" height=\"186\" srcset=\"https:\/\/www.nationalturk.com\/tr\/wp-content\/uploads\/2012\/03\/hamass-280x186.jpg 280w, https:\/\/www.nationalturk.com\/tr\/wp-content\/uploads\/2012\/03\/hamass-599x400.jpg 599w, https:\/\/www.nationalturk.com\/tr\/wp-content\/uploads\/2012\/03\/hamass.jpg 800w\" sizes=\"auto, (max-width: 280px) 100vw, 280px\" \/>Hamas: Olas\u0131 bir sava\u015fta \u0130srail&#8217;i vurmay\u0131z&#8230;\u00a0Gazze \u015eeridi&#8217;ni kontrol alt\u0131nda tutan Hamas, \u0130ran ile \u0130srail aras\u0131nda bir sava\u015f \u00e7\u0131kmas\u0131 durumunda \u0130srail&#8217;i vurmayacaklar\u0131n\u0131 bildirdi.<\/h1>\n<p>Hamas&#8217;\u0131n s\u00f6zc\u00fclerinden Fevzi Barhum, Hamas&#8217;\u0131n silahlar\u0131n\u0131n &#8220;m\u00fctevazi&#8221; ve Filistinlileri korumak i\u00e7in oldu\u011funu belirterek, Hamas&#8217;\u0131n b\u00f6lgesel bir sava\u015f\u0131n par\u00e7as\u0131 olma g\u00fcc\u00fc bulunmad\u0131\u011f\u0131n\u0131 s\u00f6yledi.<\/p>\n<p>Barhum&#8217;un a\u00e7\u0131klamalar\u0131n\u0131n, sava\u015f \u00e7\u0131kmas\u0131 durumunda \u0130ran&#8217;\u0131n m\u00fcttefiki Hamas&#8217;\u0131n \u0130srail&#8217;e roket sald\u0131r\u0131lar\u0131nda bulunaca\u011f\u0131 endi\u015fesi ta\u015f\u0131yan \u0130srail&#8217;in kayg\u0131lar\u0131n\u0131 azaltabilece\u011fi bildiriliyor. Hamas, son zamanlarda \u0130ran ile aras\u0131na mesafe koymaya \u00e7al\u0131\u015f\u0131yor. \u0130ran&#8217;a sald\u0131rmay\u0131 planlad\u0131\u011f\u0131 ileri s\u00fcr\u00fclen \u0130srail, Hamas olmasa bile L\u00fcbnan&#8217;daki \u0130ran destekli Hizbullah \u00f6rg\u00fct\u00fcn\u00fcn sald\u0131r\u0131 d\u00fczenleyebilece\u011fini d\u00fc\u015f\u00fcn\u00fcyor.<\/p>\n<!-- Error, Advert is not available at this time due to schedule\/geolocation restrictions! -->\n","protected":false},"excerpt":{"rendered":"<p>Hamas: Olas\u0131 bir sava\u015fta \u0130srail&#8217;i vurmay\u0131z&#8230; Gazze \u015eeridi&#8217;ni kontrol alt\u0131nda tutan Hamas, \u0130ran ile \u0130srail aras\u0131nda bir sava\u015f \u00e7\u0131kmas\u0131 durumunda \u0130srail&#8217;i vurmayacaklar\u0131n\u0131 bildirdi.<\/p>\n","protected":false},"author":4,"featured_media":185047,"comment_status":"open","ping_status":"open","sticky":false,"template":"","format":"standard","meta":{"_acf_changed":false,"footnotes":""},"categories":[6769,6665,6155,6772],"tags":[11334,6964,95097,82619,1981,23765,95098,1555,15387],"class_list":["post-100634","post","type-post","status-publish","format-standard","has-post-thumbnail","hentry","category-asya","category-dunya","category-gundem","category-ortadogu","tag-gazze-seridi","tag-hamas","tag-hamas-gazze","tag-hamas-israil","tag-iran","tag-iran-israil","tag-iran-israil-savasi","tag-israil","tag-israil-iran-savasi"],"acf":[],"_links":{"self":[{"href":"https:\/\/www.nationalturk.com\/tr\/wp-json\/wp\/v2\/posts\/100634","targetHints":{"allow":["GET"]}}],"collection":[{"href":"https:\/\/www.nationalturk.com\/tr\/wp-json\/wp\/v2\/posts"}],"about":[{"href":"https:\/\/www.nationalturk.com\/tr\/wp-json\/wp\/v2\/types\/post"}],"author":[{"embeddable":true,"href":"https:\/\/www.nationalturk.com\/tr\/wp-json\/wp\/v2\/users\/4"}],"replies":[{"embeddable":true,"href":"https:\/\/www.nationalturk.com\/tr\/wp-json\/wp\/v2\/comments?post=100634"}],"version-history":[{"count":0,"href":"https:\/\/www.nationalturk.com\/tr\/wp-json\/wp\/v2\/posts\/100634\/revisions"}],"wp:featuredmedia":[{"embeddable":true,"href":"https:\/\/www.nationalturk.com\/tr\/wp-json\/wp\/v2\/media\/185047"}],"wp:attachment":[{"href":"https:\/\/www.nationalturk.com\/tr\/wp-json\/wp\/v2\/media?parent=100634"}],"wp:term":[{"taxonomy":"category","embeddable":true,"href":"https:\/\/www.nationalturk.com\/tr\/wp-json\/wp\/v2\/categories?post=100634"},{"taxonomy":"post_tag","embeddable":true,"href":"https:\/\/www.nationalturk.com\/tr\/wp-json\/wp\/v2\/tags?post=100634"}],"curies":[{"name":"wp","href":"https:\/\/api.w.org\/{rel}","templated":true}]}}