{"id":100687,"date":"2012-03-08T11:32:29","date_gmt":"2012-03-08T09:32:29","guid":{"rendered":"http:\/\/www.nationalturk.com\/?p=100687"},"modified":"2023-08-11T17:40:13","modified_gmt":"2023-08-11T14:40:13","slug":"kadinlar-gunu-sonu-oldu-100687","status":"publish","type":"post","link":"https:\/\/www.nationalturk.com\/tr\/kadinlar-gunu-sonu-oldu-100687\/","title":{"rendered":"Kad\u0131nlar G\u00fcn\u00fc sonu oldu!"},"content":{"rendered":"<h1><img loading=\"lazy\" decoding=\"async\" class=\"alignleft size-medium wp-image-100688\" title=\"\" src=\"http:\/\/www.nationalturk.com\/tr\/wp-content\/uploads\/2012\/03\/silahhhh-280x196.jpg\" alt=\"\" width=\"280\" height=\"196\" srcset=\"https:\/\/www.nationalturk.com\/tr\/wp-content\/uploads\/2012\/03\/silahhhh-280x196.jpg 280w, https:\/\/www.nationalturk.com\/tr\/wp-content\/uploads\/2012\/03\/silahhhh.jpg 300w\" sizes=\"auto, (max-width: 280px) 100vw, 280px\" \/>Kad\u0131nlar G\u00fcn\u00fc sonu oldu!\u00a0Kad\u0131nlar G\u00fcn\u00fc de vah\u015feti bitirmedi!&#8230;\u00a08 Mart D\u00fcnya Kad\u0131nlar G\u00fcn\u00fc &#8216;n\u00fcn ilk kad\u0131n cinayeti \u0130stanbul Kurtk\u00f6y&#8217;de i\u015flendi.<\/h1>\n<p>Al\u0131nan bilgilere g\u00f6re Kurtk\u00f6y Mahallesi&#8217;ndeki bir t\u0131p merkezinin i\u00e7inde saat 02.00 s\u0131ralar\u0131nda meydana gelen olayda e\u015fiyle s\u00fcrekli kavga etti\u011fi i\u00e7in \u00fclkesine d\u00f6nmeye karar veren Azerbaycan uyruklu Diyar B. (40) bavullar\u0131n\u0131 alarak evden ayr\u0131ld\u0131. Gidecek yeri olmayan Diyar B. ara s\u0131ra \u00e7ocuklar\u0131n\u0131n tedavisini yapt\u0131rmak i\u00e7in gidip-geldi\u011fi, 24 saat a\u00e7\u0131k olan t\u0131p merkezine gelerek bekleme salonunda oturmaya ba\u015flad\u0131.<\/p>\n<p>K\u0131sa s\u00fcre sonra hastaneye gelen \u00d6.B. belinden \u00e7\u0131kard\u0131\u011f\u0131 silah\u0131 koltukta oturan yengesine do\u011frularak kad\u0131na kur\u015fun ya\u011fd\u0131rd\u0131. Diyar B. yap\u0131lan t\u00fcm m\u00fcdahalelere ra\u011fmen kurtar\u0131lamazken \u00d6.B. polisler taraf\u0131ndan yakaland\u0131. \u00d6.B.&#8217;nin akli dengesinin yerinde olmad\u0131\u011f\u0131na dair raporu oldu\u011fu \u00f6\u011frenildi. \u00a0Polis, \u00d6.B.&#8217;nin yengesinin yerini nas\u0131l \u00f6\u011frendi\u011fini ve cinayeti azmettiren olup olmad\u0131\u011f\u0131n\u0131 ara\u015ft\u0131r\u0131yor. Ceset yap\u0131lan incelemenin ard\u0131ndan Pendik Devlet Hastanesi morguna kald\u0131r\u0131ld\u0131.<\/p>\n<!-- Error, Advert is not available at this time due to schedule\/geolocation restrictions! -->\n","protected":false},"excerpt":{"rendered":"<p>Kad\u0131nlar G\u00fcn\u00fc sonu oldu! Kad\u0131nlar G\u00fcn\u00fc de vah\u015feti bitirmedi!&#8230; 8 Mart D\u00fcnya Kad\u0131nlar G\u00fcn\u00fc &#8216;n\u00fcn ilk kad\u0131n cinayeti \u0130stanbul Kurtk\u00f6y&#8217;de i\u015flendi.<\/p>\n","protected":false},"author":4,"featured_media":185041,"comment_status":"open","ping_status":"open","sticky":false,"template":"","format":"standard","meta":{"_acf_changed":false,"footnotes":""},"categories":[6155,5005,349,6805],"tags":[7390,221292,64165,94844,29326],"class_list":["post-100687","post","type-post","status-publish","format-standard","has-post-thumbnail","hentry","category-gundem","category-manset","category-son-dakika","category-turkiye","tag-cinayet","tag-cinayet-haberleri","tag-dunya-kadinlar-gunu","tag-kadinlar-gunu","tag-kurtkoy"],"acf":[],"_links":{"self":[{"href":"https:\/\/www.nationalturk.com\/tr\/wp-json\/wp\/v2\/posts\/100687","targetHints":{"allow":["GET"]}}],"collection":[{"href":"https:\/\/www.nationalturk.com\/tr\/wp-json\/wp\/v2\/posts"}],"about":[{"href":"https:\/\/www.nationalturk.com\/tr\/wp-json\/wp\/v2\/types\/post"}],"author":[{"embeddable":true,"href":"https:\/\/www.nationalturk.com\/tr\/wp-json\/wp\/v2\/users\/4"}],"replies":[{"embeddable":true,"href":"https:\/\/www.nationalturk.com\/tr\/wp-json\/wp\/v2\/comments?post=100687"}],"version-history":[{"count":0,"href":"https:\/\/www.nationalturk.com\/tr\/wp-json\/wp\/v2\/posts\/100687\/revisions"}],"wp:featuredmedia":[{"embeddable":true,"href":"https:\/\/www.nationalturk.com\/tr\/wp-json\/wp\/v2\/media\/185041"}],"wp:attachment":[{"href":"https:\/\/www.nationalturk.com\/tr\/wp-json\/wp\/v2\/media?parent=100687"}],"wp:term":[{"taxonomy":"category","embeddable":true,"href":"https:\/\/www.nationalturk.com\/tr\/wp-json\/wp\/v2\/categories?post=100687"},{"taxonomy":"post_tag","embeddable":true,"href":"https:\/\/www.nationalturk.com\/tr\/wp-json\/wp\/v2\/tags?post=100687"}],"curies":[{"name":"wp","href":"https:\/\/api.w.org\/{rel}","templated":true}]}}