{"id":101073,"date":"2012-03-12T10:14:19","date_gmt":"2012-03-12T08:14:19","guid":{"rendered":"http:\/\/www.nationalturk.com\/?p=101073"},"modified":"2012-03-12T10:14:19","modified_gmt":"2012-03-12T08:14:19","slug":"cem-yilmaz-ahu-yagtu-dugun-toreni-147","status":"publish","type":"post","link":"https:\/\/www.nationalturk.com\/tr\/cem-yilmaz-ahu-yagtu-dugun-toreni-147\/","title":{"rendered":"Cem Y\u0131lmaz Ahu Ya\u011ftu d\u00fc\u011f\u00fcn t\u00f6reni \u00e7ok konu\u015fuldu"},"content":{"rendered":"<h2><a href=\"http:\/\/www.nationalturk.com\/tr\/wp-content\/uploads\/2012\/03\/cem-yilmaz-ahu-yagtu-dugunu.jpg\"><img loading=\"lazy\" decoding=\"async\" class=\"alignleft size-medium wp-image-101078\" title=\"Cem Y\u0131lmaz Ahu Ya\u011ftu d\u00fc\u011f\u00fcn t\u00f6reni \u00e7ok konu\u015fuldu\" src=\"http:\/\/www.nationalturk.com\/tr\/wp-content\/uploads\/2012\/03\/cem-yilmaz-ahu-yagtu-dugunu-280x213.jpg\" alt=\"\" width=\"280\" height=\"213\" srcset=\"https:\/\/www.nationalturk.com\/tr\/wp-content\/uploads\/2012\/03\/cem-yilmaz-ahu-yagtu-dugunu-280x213.jpg 280w, https:\/\/www.nationalturk.com\/tr\/wp-content\/uploads\/2012\/03\/cem-yilmaz-ahu-yagtu-dugunu.jpg 333w\" sizes=\"auto, (max-width: 280px) 100vw, 280px\" \/><\/a>Cem Y\u0131lmaz Ahu Ya\u011ftu d\u00fc\u011f\u00fcn t\u00f6reninde \u00fcnl\u00fcler ge\u00e7idi ya\u015fand\u0131.<\/h2>\n<p>Haftalard\u0131r merakla beklenen d\u00fc\u011f\u00fcn sonunda ger\u00e7ekle\u015fti. Cem Y\u0131lmaz ile Ahu Ya\u011ftu&#8217;nun d\u00fc\u011f\u00fcn t\u00f6renine i\u015f ve sanat camias\u0131ndan bir\u00e7ok \u00fcnl\u00fc isim kat\u0131ld\u0131.<\/p>\n<p>Tarkan, Bel\u00e7im Erdo\u011fan, Sezen Aksu, Kenan Do\u011fulu, Beren Saat, Mazhar Alanson, \u00dcmit Besen, Demet Akba\u011f, Meltem Cumbul, T\u00fcrker \u0130nano\u011flu, Cihan Okan, \u015eebnem Ferah, \u015eener \u015een,Y\u0131lmaz Erdo\u011fan gibi bir\u00e7ok \u00fcnl\u00fc ismin kat\u0131ld\u0131\u011f\u0131 t\u00f6rende \u00fcnl\u00fc \u015fark\u0131c\u0131lar s\u0131rayla sahneye \u00e7\u0131k\u0131p \u015fark\u0131 s\u00f6ylediler.<\/p>\n<p>D\u00fcetlerle renklenen d\u00fc\u011f\u00fcn\u00fcn s\u00fcrprizlerinden biri de Sezen Aksu\u2019nun \u0131srar\u0131yla sahneye \u00e7\u0131kan Demet Akba\u011f\u2019d\u0131. \u00dcnl\u00fc oyuncu, yapt\u0131\u011f\u0131 Sezen Aksu taklidiyle konuklar\u0131 g\u00fcld\u00fcrd\u00fc. Akba\u011f\u2019a en \u00e7ok g\u00fclen de Aksu oldu.<\/p>\n<h3>Cem Y\u0131lmaz Ahu Ya\u011ftu d\u00fc\u011f\u00fcn\u00fc \u00e7ok konu\u015fuldu<\/h3>\n<p>Cumartesi gecesi tarihi Pera Palas Otel\u2019in ev sahipli\u011fi yapt\u0131\u011f\u0131 d\u00fc\u011f\u00fcn t\u00f6reninde Cem Y\u0131lmaz ile Ahu Ya\u011ftu&#8217;dan sonra en \u00e7ok ilgi g\u00f6ren \u00e7ift ku\u015fkusuz Beren Saat ile Kenan Do\u011fulu oldu. Gazeteciler ilk kez elele g\u00f6r\u00fcnt\u00fclenen \u00e7ifte b\u00fcy\u00fck ilgi g\u00f6sterdi.<\/p>\n<h3>Twitter salland\u0131<\/h3>\n<p>Cem Y\u0131lmaz ve Ahu Ya\u011ftu, d\u00fc\u011f\u00fcn\u00fcn bas\u0131na kapal\u0131yd\u0131. Ancak Y\u0131lmaz\u2019\u0131n nik\u00e2h k\u0131y\u0131l\u0131p gelini \u00f6pt\u00fckten hemen sonra \u201cHadi bakal\u0131m, kimler foto\u011fraflar\u0131 \u00e7ekip Twitter\u2019a y\u00fckl\u00fcyor?\u201d demesiyle birlikte sosyal medya hareketlendi.<\/p>\n<p>Cep telefonlar\u0131 ve foto\u011fraf makineleriyle geceyi g\u00f6r\u00fcnt\u00fcleyen konuklar, o kareleri internetteki takip\u00e7ileriyle payla\u015fmaya ba\u015flad\u0131.<\/p>\n<!-- Error, Advert is not available at this time due to schedule\/geolocation restrictions! -->\n","protected":false},"excerpt":{"rendered":"<p>Cem Y\u0131lmaz Ahu Ya\u011ftu d\u00fc\u011f\u00fcn t\u00f6reni \u00e7ok konu\u015fuldu<\/p>\n","protected":false},"author":3,"featured_media":184989,"comment_status":"open","ping_status":"open","sticky":false,"template":"","format":"standard","meta":{"_acf_changed":false,"footnotes":""},"categories":[6155,6232,5005],"tags":[54681,36833,15624,14168,54682,55884,6926,11365,3054,13401,18706,843,3277,95380,26268],"class_list":["post-101073","post","type-post","status-publish","format-standard","has-post-thumbnail","hentry","category-gundem","category-magazin","category-manset","tag-ahu-yagtu","tag-belcim-erdogan","tag-beren-saat","tag-cem-yilmaz","tag-cem-yilmaz-ahu-yagtu","tag-demet-akbag","tag-kenan-dogulu","tag-mazhar-alanson","tag-meltem-cumbul","tag-sebnem-ferah","tag-sener-sen","tag-sezen-aksu","tag-tarkan","tag-turker-inanoglu","tag-yilmaz-erdogan"],"acf":[],"_links":{"self":[{"href":"https:\/\/www.nationalturk.com\/tr\/wp-json\/wp\/v2\/posts\/101073","targetHints":{"allow":["GET"]}}],"collection":[{"href":"https:\/\/www.nationalturk.com\/tr\/wp-json\/wp\/v2\/posts"}],"about":[{"href":"https:\/\/www.nationalturk.com\/tr\/wp-json\/wp\/v2\/types\/post"}],"author":[{"embeddable":true,"href":"https:\/\/www.nationalturk.com\/tr\/wp-json\/wp\/v2\/users\/3"}],"replies":[{"embeddable":true,"href":"https:\/\/www.nationalturk.com\/tr\/wp-json\/wp\/v2\/comments?post=101073"}],"version-history":[{"count":0,"href":"https:\/\/www.nationalturk.com\/tr\/wp-json\/wp\/v2\/posts\/101073\/revisions"}],"wp:featuredmedia":[{"embeddable":true,"href":"https:\/\/www.nationalturk.com\/tr\/wp-json\/wp\/v2\/media\/184989"}],"wp:attachment":[{"href":"https:\/\/www.nationalturk.com\/tr\/wp-json\/wp\/v2\/media?parent=101073"}],"wp:term":[{"taxonomy":"category","embeddable":true,"href":"https:\/\/www.nationalturk.com\/tr\/wp-json\/wp\/v2\/categories?post=101073"},{"taxonomy":"post_tag","embeddable":true,"href":"https:\/\/www.nationalturk.com\/tr\/wp-json\/wp\/v2\/tags?post=101073"}],"curies":[{"name":"wp","href":"https:\/\/api.w.org\/{rel}","templated":true}]}}