{"id":101493,"date":"2012-03-14T18:30:06","date_gmt":"2012-03-14T16:30:06","guid":{"rendered":"http:\/\/www.nationalturk.com\/?p=101493"},"modified":"2012-03-14T18:31:19","modified_gmt":"2012-03-14T16:31:19","slug":"ergin-saygun-tutuklandi-101493","status":"publish","type":"post","link":"https:\/\/www.nationalturk.com\/tr\/ergin-saygun-tutuklandi-101493\/","title":{"rendered":"Ergin Saygun tutukland\u0131"},"content":{"rendered":"<h1><img loading=\"lazy\" decoding=\"async\" class=\"alignleft size-medium wp-image-101495\" title=\"\" src=\"http:\/\/www.nationalturk.com\/tr\/wp-content\/uploads\/2012\/03\/son-dakika-dikey10-206x220.jpg\" alt=\"\" width=\"206\" height=\"220\" srcset=\"https:\/\/www.nationalturk.com\/tr\/wp-content\/uploads\/2012\/03\/son-dakika-dikey10-206x220.jpg 206w, https:\/\/www.nationalturk.com\/tr\/wp-content\/uploads\/2012\/03\/son-dakika-dikey10.jpg 300w\" sizes=\"auto, (max-width: 206px) 100vw, 206px\" \/>Ergin Saygun tutukland\u0131&#8230;\u00a0&#8216;Balyoz Plan\u0131&#8217; davas\u0131 kapsam\u0131nda hakk\u0131nda yakalama emri bulunan emekli Orgeneral Ergin Saygun tutukland\u0131.<\/h1>\n<p>Balyoz davas\u0131 kapsam\u0131nda hakk\u0131nda yakalama karar\u0131 bulunan eski Birinci Ordu Komutan\u0131 Emekli Orgeneral Ergin Saygun getirildi\u011fi Be\u015fikta\u015f Adliyesi\u2019nde tutukland\u0131.<\/p>\n<p>Tutuklama karar\u0131 y\u00fcz\u00fcne okundu<\/p>\n<p>Balyoz davas\u0131nda, hakk\u0131nda yakalama karar\u0131 bulunan emekli Orgeneral Ergin Saygun, adliyeye getirildi. Saygun\u2019un tutuklanma kar\u0131n\u0131n y\u00fcz\u00fcne okunmas\u0131 bekleniyor. \u00a0\u0130stanbul 10. A\u011f\u0131r Ceza Mahkemesi\u2019nde g\u00f6r\u00fclen Balyoz davas\u0131nda, hakk\u0131nda yakalama karar\u0131 bulunan eski 1. Ordu Komutan\u0131 Ergin Saygun, Be\u015fikta\u015f\u2019taki \u0130stanbul Adliyesi\u2019ne getirildi. Yakalama karar\u0131n\u0131n \u00e7\u0131kmas\u0131ndan itibaren GATA\u2019ya yatan Saygun i\u00e7in Adli T\u0131p Kurumu, sa\u011fl\u0131k durumunun iyi oldu\u011fu, cezaevinde kalmas\u0131na engel olmad\u0131\u011f\u0131 y\u00f6n\u00fcnde rapor vermi\u015fti. Mahkeme bu raporu GATA\u2019ya g\u00f6nderdi. Bunun \u00fczerine yakla\u015f\u0131k bir y\u0131ld\u0131r GATA\u2019da yatan Saygun, askeriyeye ait sivil ara\u00e7la adliyeye getirildi. Saygun\u2019un bastonla y\u00fcr\u00fcd\u00fc\u011f\u00fc g\u00f6zlendi.<\/p>\n<p>Mahkemece \u00e7\u0131kar\u0131lan tutuklama karar\u0131n\u0131n Saygun&#8217;un y\u00fcz\u00fcne okunmas\u0131 bekleniyor.<\/p>\n<!-- Error, Advert is not available at this time due to schedule\/geolocation restrictions! -->\n","protected":false},"excerpt":{"rendered":"<p>Ergin Saygun tutukland\u0131&#8230; &#8216;Balyoz Plan\u0131&#8217; davas\u0131 kapsam\u0131nda hakk\u0131nda yakalama emri bulunan emekli Orgeneral Ergin Saygun tutukland\u0131.<\/p>\n","protected":false},"author":4,"featured_media":184928,"comment_status":"open","ping_status":"open","sticky":false,"template":"","format":"standard","meta":{"_acf_changed":false,"footnotes":""},"categories":[6155,5005,6202,6805],"tags":[14378,36918,16573,95627],"class_list":["post-101493","post","type-post","status-publish","format-standard","has-post-thumbnail","hentry","category-gundem","category-manset","category-politika","category-turkiye","tag-balyoz","tag-balyoz-davasi","tag-ergin-saygun","tag-ergin-saygun-tutuklandi"],"acf":[],"_links":{"self":[{"href":"https:\/\/www.nationalturk.com\/tr\/wp-json\/wp\/v2\/posts\/101493","targetHints":{"allow":["GET"]}}],"collection":[{"href":"https:\/\/www.nationalturk.com\/tr\/wp-json\/wp\/v2\/posts"}],"about":[{"href":"https:\/\/www.nationalturk.com\/tr\/wp-json\/wp\/v2\/types\/post"}],"author":[{"embeddable":true,"href":"https:\/\/www.nationalturk.com\/tr\/wp-json\/wp\/v2\/users\/4"}],"replies":[{"embeddable":true,"href":"https:\/\/www.nationalturk.com\/tr\/wp-json\/wp\/v2\/comments?post=101493"}],"version-history":[{"count":0,"href":"https:\/\/www.nationalturk.com\/tr\/wp-json\/wp\/v2\/posts\/101493\/revisions"}],"wp:featuredmedia":[{"embeddable":true,"href":"https:\/\/www.nationalturk.com\/tr\/wp-json\/wp\/v2\/media\/184928"}],"wp:attachment":[{"href":"https:\/\/www.nationalturk.com\/tr\/wp-json\/wp\/v2\/media?parent=101493"}],"wp:term":[{"taxonomy":"category","embeddable":true,"href":"https:\/\/www.nationalturk.com\/tr\/wp-json\/wp\/v2\/categories?post=101493"},{"taxonomy":"post_tag","embeddable":true,"href":"https:\/\/www.nationalturk.com\/tr\/wp-json\/wp\/v2\/tags?post=101493"}],"curies":[{"name":"wp","href":"https:\/\/api.w.org\/{rel}","templated":true}]}}