{"id":101562,"date":"2012-03-15T13:36:38","date_gmt":"2012-03-15T11:36:38","guid":{"rendered":"http:\/\/www.nationalturk.com\/?p=101562"},"modified":"2012-03-15T13:36:38","modified_gmt":"2012-03-15T11:36:38","slug":"abdullah-gul-sivas-olayi-aydinlatilamadi-101562","status":"publish","type":"post","link":"https:\/\/www.nationalturk.com\/tr\/abdullah-gul-sivas-olayi-aydinlatilamadi-101562\/","title":{"rendered":"Abdullah G\u00fcl: Sivas olay\u0131 ayd\u0131nlat\u0131lamad\u0131"},"content":{"rendered":"<h1><img loading=\"lazy\" decoding=\"async\" class=\"alignleft size-medium wp-image-101564\" title=\"Abdullah G\u00fcl\" src=\"http:\/\/www.nationalturk.com\/tr\/wp-content\/uploads\/2012\/03\/abdullah____gul_havaalani1-280x196.jpg\" alt=\"\" width=\"280\" height=\"196\" srcset=\"https:\/\/www.nationalturk.com\/tr\/wp-content\/uploads\/2012\/03\/abdullah____gul_havaalani1-280x196.jpg 280w, https:\/\/www.nationalturk.com\/tr\/wp-content\/uploads\/2012\/03\/abdullah____gul_havaalani1.jpg 460w\" sizes=\"auto, (max-width: 280px) 100vw, 280px\" \/>Abdullah G\u00fcl: Sivas olay\u0131 ayd\u0131nlat\u0131lamad\u0131&#8230;\u00a0Cumhurba\u015fkan\u0131 Abdullah G\u00fcl, Sivas olaylar\u0131na ili\u015fkin davan\u0131n zaman a\u015f\u0131m\u0131ndan d\u00fc\u015fmesiyle ilgili a\u00e7\u0131klamalarda bulundu.<\/h1>\n<p>Cumhurba\u015fkan\u0131 Abdullah G\u00fcl, Ekvador Cumhurba\u015fkan\u0131 Rafael Correa Delgado ile \u00c7ankaya K\u00f6\u015fk\u00fc&#8217;nde d\u00fczenledikleri ortak bas\u0131n toplant\u0131s\u0131nda, g\u00fcndeme ili\u015fkin sorular\u0131 yan\u0131tlad\u0131. G\u00fcl,\u00a0Sivas olaylar\u0131yla ilgili davada 6 ki\u015finin dosyas\u0131n\u0131n zaman a\u015f\u0131m\u0131na u\u011framas\u0131n\u0131n ard\u0131ndan olu\u015fan tepkilerin hat\u0131rlat\u0131lmas\u0131 \u00fczerine Yarg\u0131tay Ba\u015fkan\u0131 Naz\u0131m Kaynak&#8217;\u0131n s\u00f6zlerini an\u0131msatarak &#8220;Dava devam ediyor demektir. Bu olay yak\u0131n siyasi tarihimizin en ac\u0131 ve en utan\u0131lacak olaylar\u0131ndan birisidir. Asl\u0131nda bunun b\u00fct\u00fcn ve\u00e7heleriyle ortaya \u00e7\u0131kart\u0131lmas\u0131 laz\u0131m. Bu olay tam ayd\u0131nlat\u0131lmam\u0131\u015ft\u0131r. Bu olay\u0131n tam ayd\u0131nlat\u0131lmas\u0131, nas\u0131l oldu, kimler, nedir&#8230; Tam ayd\u0131nlat\u0131lmas\u0131 gerekti\u011fi kanaatindeyim&#8221; dedi.<\/p>\n<p>Abdullah G\u00fcl, Nedim \u015eener ve Ahmet \u015e\u0131k&#8217;\u0131n tahliye edilmeleriyle ilgili olarak ise &#8220;Gazetecilerle ilgili de, ben ba\u015f\u0131ndan beri g\u00f6r\u00fc\u015flerimi payla\u015fm\u0131\u015ft\u0131m. Mahkeme nihayet verdi\u011fi kararla T\u00fcrkiye&#8217;nin imaj\u0131na \u00e7ok b\u00fcy\u00fck katk\u0131 sa\u011flam\u0131\u015ft\u0131r. Tabii ki tahliye olmalar\u0131 ve yarg\u0131lamalar\u0131n gazeteciler i\u00e7in d\u0131\u015far\u0131dan devam ediyor olmas\u0131 bizi de memnun etmi\u015ftir&#8221; ifadelerini kulland\u0131.<\/p>\n<!-- Error, Advert is not available at this time due to schedule\/geolocation restrictions! -->\n","protected":false},"excerpt":{"rendered":"<p>Abdullah G\u00fcl: Sivas olay\u0131 ayd\u0131nlat\u0131lamad\u0131&#8230; Cumhurba\u015fkan\u0131 Abdullah G\u00fcl, Sivas olaylar\u0131na ili\u015fkin davan\u0131n zaman a\u015f\u0131m\u0131ndan d\u00fc\u015fmesiyle ilgili a\u00e7\u0131klamalarda bulundu. <\/p>\n","protected":false},"author":4,"featured_media":184918,"comment_status":"open","ping_status":"open","sticky":false,"template":"","format":"standard","meta":{"_acf_changed":false,"footnotes":""},"categories":[6155,5005,6202,6805],"tags":[4343,46933,63865,63864,987,95456,33882],"class_list":["post-101562","post","type-post","status-publish","format-standard","has-post-thumbnail","hentry","category-gundem","category-manset","category-politika","category-turkiye","tag-abdullah-gul","tag-abdullah-gul-aciklama","tag-ahmet-sik","tag-nedim-sener","tag-sivas","tag-sivas-davasi","tag-sivas-olaylari"],"acf":[],"_links":{"self":[{"href":"https:\/\/www.nationalturk.com\/tr\/wp-json\/wp\/v2\/posts\/101562","targetHints":{"allow":["GET"]}}],"collection":[{"href":"https:\/\/www.nationalturk.com\/tr\/wp-json\/wp\/v2\/posts"}],"about":[{"href":"https:\/\/www.nationalturk.com\/tr\/wp-json\/wp\/v2\/types\/post"}],"author":[{"embeddable":true,"href":"https:\/\/www.nationalturk.com\/tr\/wp-json\/wp\/v2\/users\/4"}],"replies":[{"embeddable":true,"href":"https:\/\/www.nationalturk.com\/tr\/wp-json\/wp\/v2\/comments?post=101562"}],"version-history":[{"count":0,"href":"https:\/\/www.nationalturk.com\/tr\/wp-json\/wp\/v2\/posts\/101562\/revisions"}],"wp:featuredmedia":[{"embeddable":true,"href":"https:\/\/www.nationalturk.com\/tr\/wp-json\/wp\/v2\/media\/184918"}],"wp:attachment":[{"href":"https:\/\/www.nationalturk.com\/tr\/wp-json\/wp\/v2\/media?parent=101562"}],"wp:term":[{"taxonomy":"category","embeddable":true,"href":"https:\/\/www.nationalturk.com\/tr\/wp-json\/wp\/v2\/categories?post=101562"},{"taxonomy":"post_tag","embeddable":true,"href":"https:\/\/www.nationalturk.com\/tr\/wp-json\/wp\/v2\/tags?post=101562"}],"curies":[{"name":"wp","href":"https:\/\/api.w.org\/{rel}","templated":true}]}}