{"id":101763,"date":"2012-03-16T13:19:17","date_gmt":"2012-03-16T11:19:17","guid":{"rendered":"http:\/\/www.nationalturk.com\/?p=101763"},"modified":"2012-03-16T13:19:28","modified_gmt":"2012-03-16T11:19:28","slug":"basbakan-erdogandan-sivas-davasi-hakkinda-ilginc-aciklamalar-101763","status":"publish","type":"post","link":"https:\/\/www.nationalturk.com\/tr\/basbakan-erdogandan-sivas-davasi-hakkinda-ilginc-aciklamalar-101763\/","title":{"rendered":"Ba\u015fbakan Erdo\u011fan&#8217;dan Sivas davas\u0131 hakk\u0131nda ilgin\u00e7 a\u00e7\u0131klamalar"},"content":{"rendered":"<h1><img loading=\"lazy\" decoding=\"async\" class=\"alignleft size-medium wp-image-101766\" title=\"Ba\u015fbakan Erdo\u011fan\" src=\"http:\/\/www.nationalturk.com\/tr\/wp-content\/uploads\/2012\/03\/erdogan__fransa_konusma1-280x216.jpg\" alt=\"\" width=\"280\" height=\"216\" srcset=\"https:\/\/www.nationalturk.com\/tr\/wp-content\/uploads\/2012\/03\/erdogan__fransa_konusma1-280x216.jpg 280w, https:\/\/www.nationalturk.com\/tr\/wp-content\/uploads\/2012\/03\/erdogan__fransa_konusma1.jpg 470w\" sizes=\"auto, (max-width: 280px) 100vw, 280px\" \/>Ba\u015fbakan Erdo\u011fan&#8217;dan Sivas davas\u0131 hakk\u0131nda ilgin\u00e7 a\u00e7\u0131klamalar&#8230; Ba\u015fbakan Recep Tayyip Erdo\u011fan, 5 ki\u015finin davas\u0131n\u0131n zaman a\u015f\u0131m\u0131na u\u011frad\u0131\u011f\u0131n\u0131 hat\u0131rlatarak &#8216;Sivas Davas\u0131&#8217;n\u0131n zaman a\u015f\u0131m\u0131na u\u011frad\u0131\u011f\u0131 ifadesi \u00e7ok da do\u011fru de\u011fil&#8217; dedi.<\/h1>\n<p>Gazetecilerin sorular\u0131n\u0131 yan\u0131tlayan Ba\u015fbakan Recep Tayyip Erdo\u011fan, Sivas davas\u0131n\u0131n zaman a\u015f\u0131m\u0131ndan d\u00fc\u015fmesinin hat\u0131rlat\u0131lmas\u0131 \u00fczerine\u00a0&#8221;\u015eu anda 12 Eyl\u00fcl bile masaya konuldu. Bunlar olabiliyor. 12 Eyl\u00fcl&#8217;den bu yana nerdeyse 30 sene ge\u00e7ti ama masada. Bu konuda da olmas\u0131 gereken her t\u00fcr alternatif de\u011ferlendirilmeli. \u015eu anda 5 ki\u015finin zaman a\u015f\u0131m\u0131 dolmu\u015f durumda. Sivas Davas\u0131&#8217;n\u0131n zaman a\u015f\u0131m\u0131na u\u011frad\u0131\u011f\u0131 ifadesi \u00e7ok da do\u011fru de\u011fil. 5 ki\u015finin davas\u0131 zaman a\u015f\u0131m\u0131na u\u011frad\u0131.\u00a0Sivas&#8217;a gidi\u015fimizde 18-19 ya\u015f\u0131ndaki k\u0131zlar yan\u0131m\u0131za gelip babalar\u0131n\u0131n haks\u0131z yere idama mahkum oldu\u011fuyla ilgili a\u011fl\u0131yor. Tek tarafl\u0131 bakmay\u0131 do\u011fru bulmuyorum. Ankara&#8217;da Adliye Saray\u0131&#8217;n\u0131n \u00f6n\u00fcnde g\u00f6steri yapmak suretiyle belli bir ideolojinin borazanl\u0131\u011f\u0131n\u0131 yapman\u0131n do\u011fru oldu\u011funu d\u00fc\u015f\u00fcnm\u00fcyorum&#8221; diye konu\u015ftu.<\/p>\n<!-- Error, Advert is not available at this time due to schedule\/geolocation restrictions! -->\n","protected":false},"excerpt":{"rendered":"<p>Ba\u015fbakan Erdo\u011fan&#8217;dan Sivas davas\u0131 hakk\u0131nda ilgin\u00e7 a\u00e7\u0131klamalar&#8230; Ba\u015fbakan Recep Tayyip Erdo\u011fan, 5 ki\u015finin davas\u0131n\u0131n zaman a\u015f\u0131m\u0131na u\u011frad\u0131\u011f\u0131n\u0131 hat\u0131rlatarak &#8216;Sivas Davas\u0131&#8217;n\u0131n zaman a\u015f\u0131m\u0131na u\u011frad\u0131\u011f\u0131 ifadesi \u00e7ok da do\u011fru de\u011fil&#8217; dedi.<\/p>\n","protected":false},"author":4,"featured_media":184889,"comment_status":"open","ping_status":"open","sticky":false,"template":"","format":"standard","meta":{"_acf_changed":false,"footnotes":""},"categories":[6155,5005,6202,6805],"tags":[3888,787,987,95456,95460,29288,33882],"class_list":["post-101763","post","type-post","status-publish","format-standard","has-post-thumbnail","hentry","category-gundem","category-manset","category-politika","category-turkiye","tag-basbakan-erdogan","tag-recep-tayyip-erdogan","tag-sivas","tag-sivas-davasi","tag-sivas-davasi-zaman-asimi","tag-sivas-katliami","tag-sivas-olaylari"],"acf":[],"_links":{"self":[{"href":"https:\/\/www.nationalturk.com\/tr\/wp-json\/wp\/v2\/posts\/101763","targetHints":{"allow":["GET"]}}],"collection":[{"href":"https:\/\/www.nationalturk.com\/tr\/wp-json\/wp\/v2\/posts"}],"about":[{"href":"https:\/\/www.nationalturk.com\/tr\/wp-json\/wp\/v2\/types\/post"}],"author":[{"embeddable":true,"href":"https:\/\/www.nationalturk.com\/tr\/wp-json\/wp\/v2\/users\/4"}],"replies":[{"embeddable":true,"href":"https:\/\/www.nationalturk.com\/tr\/wp-json\/wp\/v2\/comments?post=101763"}],"version-history":[{"count":0,"href":"https:\/\/www.nationalturk.com\/tr\/wp-json\/wp\/v2\/posts\/101763\/revisions"}],"wp:featuredmedia":[{"embeddable":true,"href":"https:\/\/www.nationalturk.com\/tr\/wp-json\/wp\/v2\/media\/184889"}],"wp:attachment":[{"href":"https:\/\/www.nationalturk.com\/tr\/wp-json\/wp\/v2\/media?parent=101763"}],"wp:term":[{"taxonomy":"category","embeddable":true,"href":"https:\/\/www.nationalturk.com\/tr\/wp-json\/wp\/v2\/categories?post=101763"},{"taxonomy":"post_tag","embeddable":true,"href":"https:\/\/www.nationalturk.com\/tr\/wp-json\/wp\/v2\/tags?post=101763"}],"curies":[{"name":"wp","href":"https:\/\/api.w.org\/{rel}","templated":true}]}}