{"id":101852,"date":"2012-03-17T12:19:05","date_gmt":"2012-03-17T10:19:05","guid":{"rendered":"http:\/\/www.nationalturk.com\/?p=101852"},"modified":"2012-03-17T12:20:43","modified_gmt":"2012-03-17T10:20:43","slug":"zorunlu-egitimde-mhpden-surpriz-teklif-101852","status":"publish","type":"post","link":"https:\/\/www.nationalturk.com\/tr\/zorunlu-egitimde-mhpden-surpriz-teklif-101852\/","title":{"rendered":"Zorunlu e\u011fitimde MHP&#8217;den s\u00fcrpriz teklif"},"content":{"rendered":"<h1><img loading=\"lazy\" decoding=\"async\" class=\"alignleft size-medium wp-image-101854\" title=\"Mehmet \u015eand\u0131r\" src=\"http:\/\/www.nationalturk.com\/tr\/wp-content\/uploads\/2012\/03\/mehmet_sandir-280x172.jpg\" alt=\"\" width=\"280\" height=\"172\" srcset=\"https:\/\/www.nationalturk.com\/tr\/wp-content\/uploads\/2012\/03\/mehmet_sandir-280x172.jpg 280w, https:\/\/www.nationalturk.com\/tr\/wp-content\/uploads\/2012\/03\/mehmet_sandir.jpg 564w\" sizes=\"auto, (max-width: 280px) 100vw, 280px\" \/>Zorunlu e\u011fitimde MHP&#8217;den s\u00fcrpriz teklif&#8230;\u00a0MHP Grup Ba\u015fkan Vekili Mehmet \u015eand\u0131r, zorunlu e\u011fitimi 12 y\u0131la \u00e7\u0131karan kanun teklifiyle ilgili olarak a\u00e7\u0131klamalarda bulundu.<\/h1>\n<p>Hatay&#8217;\u0131n \u0130skenderun il\u00e7esine gelen \u015eand\u0131r, AA muhabirine yapt\u0131\u011f\u0131 a\u00e7\u0131klamada, zorunlu e\u011fitimi 12 y\u0131la \u00e7\u0131karan kanun teklifinin Meclis Genel Kurulu&#8217;ndaki g\u00f6r\u00fc\u015fmeleri s\u0131ras\u0131nda parti olarak \u00f6nerge vereceklerini s\u00f6yledi.<\/p>\n<p>E\u011fitimin, T\u00fcrk milletinin gelece\u011fini \u015fekillendiren \u00e7ok temel bir de\u011fer oldu\u011funu belirten \u015eand\u0131r, bu konuda yap\u0131lacak k\u00f6kl\u00fc de\u011fi\u015fikliklerin, be\u015f milletvekilinin teklifi ya da h\u00fck\u00fcmet tasar\u0131s\u0131yla olmayaca\u011f\u0131n\u0131, h\u00fck\u00fcmetin tasar\u0131y\u0131 t\u00fcm kurumlar ile mutabakata vararak, tart\u0131\u015farak, uzla\u015farak ve siyasi partiler ile g\u00f6r\u00fc\u015ferek sunmas\u0131 gerekti\u011fini bildirdi.<\/p>\n<p>\u0130\u00e7 t\u00fcz\u00fc\u011f\u00fcn 29. ve 46. maddelerine g\u00f6re getirilen kanun teklifinin, i\u00e7 t\u00fcz\u00fc\u011fe uygun \u00e7\u0131kart\u0131lmad\u0131\u011f\u0131n\u0131 ifade eden \u015eand\u0131r, parti olarak komisyonun verece\u011fi karar\u0131 yok h\u00fckm\u00fcnde sayd\u0131klar\u0131n\u0131, bu nedenle de kanunun komisyonda yeniden g\u00f6r\u00fc\u015f\u00fclmesini talep ettiklerini belirtti.\u00a0Kanunun i\u00e7eri\u011fine bak\u0131ld\u0131\u011f\u0131nda e\u011fitim sistemini b\u00fct\u00fcn\u00fc ile de\u011fi\u015ftiren bir yap\u0131n\u0131n s\u00f6z konusu oldu\u011funu savunan \u015eand\u0131r, yap\u0131lanmaya ba\u011fl\u0131 m\u00fcfredat de\u011fi\u015fikli\u011finin s\u00f6z konusu olaca\u011f\u0131n\u0131 ve bu de\u011fi\u015fiklik konusunda da b\u00fcy\u00fck endi\u015feleri bulundu\u011funu kaydetti.<\/p>\n<p>Kanunu, &#8217;28 \u015eubat&#8217;\u0131n r\u00f6van\u015f\u0131 olarak nitelendiren \u015eand\u0131r, kanunun 28 \u015eubat&#8217;ta getirilen &#8216;kesintisiz e\u011fitim&#8217; sistemine kar\u015f\u0131 \u00e7\u0131kart\u0131ld\u0131\u011f\u0131n\u0131 ve &#8221;ihtiya\u00e7tan de\u011fil, bir \u00f6fkenin, bir intikam\u0131n sonucu olarak&#8221; \u00e7\u0131kart\u0131ld\u0131\u011f\u0131n\u0131 iddia etti.<br \/>\nTasar\u0131n\u0131n i\u00e7eri\u011fi konusunda da derin endi\u015feleri bulundu\u011funu belirten \u015eand\u0131r, \u015f\u00f6yle konu\u015ftu:<\/p>\n<p>&#8221;Bu noktada konuyu bir masa etraf\u0131nda tart\u0131\u015f\u0131p ortak ak\u0131l \u00fcretmeye \u00e7al\u0131\u015fabilseydik kanunun baz\u0131 k\u0131s\u0131mlar\u0131 d\u00fczeltilebilirdi. Biz MHP olarak bu konuda \u00e7ok haz\u0131rl\u0131kl\u0131 bir partiyiz. E\u011fitim sistemiyle ilgili \u00e7ok kapsaml\u0131 bir projemiz var. \u0130lk\u00f6\u011fretimde okul \u00f6ncesi e\u011fitim zorunlu ama ilk\u00f6\u011fretimden ayr\u0131 olmal\u0131. Bir y\u0131l, t\u00fcm \u00e7ocuklar\u0131m\u0131z hayata haz\u0131rlanacak \u015fekilde okul \u00f6ncesi e\u011fitimden ge\u00e7irilmeliler. Okul \u00f6ncesi e\u011fitimden sonra 5 y\u0131l olmal\u0131. \u015eimdi bunlar\u0131n getirdi\u011fi 4 y\u0131l, biz buna \u00e7ok itiraz etmiyoruz. \u0130kinci kademede ise y\u00f6nlendirme ba\u015flamal\u0131d\u0131r. \u00c7ocuklar\u0131m\u0131z\u0131 hayata haz\u0131rlayacak, temel e\u011fitimi verecek bir y\u00f6nlendirme yap\u0131lmal\u0131d\u0131r. Bu y\u00f6nlendirmede MHP olarak teklifimiz dini, milli ve insani de\u011ferlerin kaynaklar\u0131 \u00f6\u011fretilmelidir. Bizim dinimizin inanc\u0131m\u0131z\u0131n kayna\u011f\u0131 Kur&#8217;an-\u0131 Kerim&#8217;dir. MHP olarak bu kanun komisyonda veya genel kurulda g\u00f6r\u00fc\u015f\u00fcl\u00fcrse bir \u00f6nergemiz olacak. Kur&#8217;an-\u0131 Kerim&#8217;in ve Hz. Peygamberin hayat\u0131n\u0131n se\u00e7meli ders olarak ikinci kademede t\u00fcm \u00e7ocuklar\u0131m\u0131za \u00f6\u011fretilmesini teklif edece\u011fiz. Se\u00e7meli ders olarak dini kaynaklar\u0131m\u0131z\u0131n, milli kaynaklar\u0131m\u0131z\u0131n ve insani kaynaklar\u0131n temel e\u011fitim olarak t\u00fcm \u00e7ocuklar\u0131m\u0131za verilmesini teklif edece\u011fiz.<\/p>\n<p>Adalet ve Kalk\u0131nma Partisi&#8217;ne buradan teklif ediyoruz, davet ediyoruz, gelin bu i\u015fbirli\u011fini yapal\u0131m, e\u011fer 28 \u015eubat s\u00fcrecine kar\u015f\u0131 \u00e7\u0131k\u0131\u015f\u0131n\u0131z imam hatip liselerinin orta k\u0131sm\u0131n\u0131n kapat\u0131lmas\u0131 ise y\u00fcre\u011finiz yetiyorsa gelin imam hatiplerin orta k\u0131sm\u0131n\u0131 a\u00e7al\u0131m. Bu yetmez t\u00fcm okullar\u0131m\u0131z\u0131n orta kademelerinde Kur&#8217;an-\u0131 Kerim&#8217;in, Hz. Peygamberin hayat\u0131n\u0131n, milli de\u011ferlerimizin \u00f6\u011fretilmesini se\u00e7meli ders olarak koyal\u0131m. MHP bu teklifini 1999 y\u0131l\u0131ndan beri se\u00e7im beyannamesinde yazmaktad\u0131r. Parti program\u0131m\u0131zda da yer almaktad\u0131r.&#8221;<\/p>\n<p>MHP olarak, okul \u00f6ncesi, ilk\u00f6\u011fretimin ve lise e\u011fitiminin 13 y\u0131l olmas\u0131n\u0131 teklif etiklerini bildiren \u015eand\u0131r, \u015f\u00f6yle devam etti:<br \/>\n&#8221;Bizim sistemimiz, \u00e7ocuklar\u0131m\u0131z\u0131 ilk\u00f6\u011fretimde y\u00f6nlendirerek hayata haz\u0131rlamakt\u0131r. Liseden mezun olacak \u00e7ocu\u011fun hayat\u0131n\u0131 hangi alanda tanzim edece\u011fini bu y\u00f6nlendirme e\u011fitimleri ile belirlemeye \u00e7al\u0131\u015faca\u011f\u0131z. Sonra da \u00fcniversiteyi imtihans\u0131z yapaca\u011f\u0131z. Liseden mezun olan bir \u00e7ocuk m\u00fchendis mi olacak doktor mu olacak bunu velisi ile kendi karar\u0131 ile okul y\u00f6netimi ile \u00f6\u011fretmenleri ile liseden mezun olurken belirlemi\u015f olacak. Ama t\u00fcm bu tart\u0131\u015fmalar toplumun her kesimini ilgilendirdi\u011fi i\u00e7in oturup birlikte d\u00fczenlememiz, ortak ak\u0131l ile yapmam\u0131z laz\u0131m. Adalet ve Kalk\u0131nma Partisi&#8217;nin temel yanl\u0131\u015f\u0131 budur. &#8216;Ben y\u00fczde 50 oy ald\u0131m benim s\u00f6yledi\u011fim do\u011frudur, benim yapt\u0131\u011f\u0131m hakt\u0131r, herkes de buna uymak mecburiyetindedir&#8217; anlay\u0131\u015f\u0131, T\u00fcrkiye&#8217;deki kavgalar\u0131n sebebidir. Bununla da sonu\u00e7 alabilme \u015fans\u0131 yoktur. MHP olarak bu konuda herkesi sa\u011fduyulu olmaya davet ediyorum.&#8221;<\/p>\n<!-- Error, Advert is not available at this time due to schedule\/geolocation restrictions! -->\n","protected":false},"excerpt":{"rendered":"<p>Zorunlu e\u011fitimde MHP&#8217;den s\u00fcrpriz teklif&#8230; MHP Grup Ba\u015fkan Vekili Mehmet \u015eand\u0131r, zorunlu e\u011fitimi 12 y\u0131la \u00e7\u0131karan kanun teklifiyle ilgili olarak a\u00e7\u0131klamalarda bulundu.<\/p>\n","protected":false},"author":4,"featured_media":184883,"comment_status":"open","ping_status":"open","sticky":false,"template":"","format":"standard","meta":{"_acf_changed":false,"footnotes":""},"categories":[6663,6155,5005,6202,6805],"tags":[95867,8728,10829,52753],"class_list":["post-101852","post","type-post","status-publish","format-standard","has-post-thumbnail","hentry","category-egitim","category-gundem","category-manset","category-politika","category-turkiye","tag-kuran-dersi","tag-mehmet-sandir","tag-mhp","tag-zorunlu-egitim"],"acf":[],"_links":{"self":[{"href":"https:\/\/www.nationalturk.com\/tr\/wp-json\/wp\/v2\/posts\/101852","targetHints":{"allow":["GET"]}}],"collection":[{"href":"https:\/\/www.nationalturk.com\/tr\/wp-json\/wp\/v2\/posts"}],"about":[{"href":"https:\/\/www.nationalturk.com\/tr\/wp-json\/wp\/v2\/types\/post"}],"author":[{"embeddable":true,"href":"https:\/\/www.nationalturk.com\/tr\/wp-json\/wp\/v2\/users\/4"}],"replies":[{"embeddable":true,"href":"https:\/\/www.nationalturk.com\/tr\/wp-json\/wp\/v2\/comments?post=101852"}],"version-history":[{"count":0,"href":"https:\/\/www.nationalturk.com\/tr\/wp-json\/wp\/v2\/posts\/101852\/revisions"}],"wp:featuredmedia":[{"embeddable":true,"href":"https:\/\/www.nationalturk.com\/tr\/wp-json\/wp\/v2\/media\/184883"}],"wp:attachment":[{"href":"https:\/\/www.nationalturk.com\/tr\/wp-json\/wp\/v2\/media?parent=101852"}],"wp:term":[{"taxonomy":"category","embeddable":true,"href":"https:\/\/www.nationalturk.com\/tr\/wp-json\/wp\/v2\/categories?post=101852"},{"taxonomy":"post_tag","embeddable":true,"href":"https:\/\/www.nationalturk.com\/tr\/wp-json\/wp\/v2\/tags?post=101852"}],"curies":[{"name":"wp","href":"https:\/\/api.w.org\/{rel}","templated":true}]}}