{"id":10240,"date":"2009-12-05T12:34:33","date_gmt":"2009-12-05T09:34:33","guid":{"rendered":"http:\/\/www.nationalturk.com\/?p=10240"},"modified":"2009-12-05T12:38:33","modified_gmt":"2009-12-05T09:38:33","slug":"nisanlisini-tasiyan-otobusun-altinda-kaldi","status":"publish","type":"post","link":"https:\/\/www.nationalturk.com\/tr\/nisanlisini-tasiyan-otobusun-altinda-kaldi\/","title":{"rendered":"Ni\u015fanl\u0131s\u0131n\u0131 ta\u015f\u0131yan otob\u00fcs\u00fcn alt\u0131nda kald\u0131"},"content":{"rendered":"<p><strong><img loading=\"lazy\" decoding=\"async\" class=\"alignleft size-full wp-image-10241\" title=\"Onur De\u011firmenci\" src=\"http:\/\/www.nationalturk.com\/tr\/wp-content\/uploads\/2009\/12\/onur_degirmenci.jpg\" alt=\"Onur De\u011firmenci\" width=\"136\" height=\"146\" \/>A\u011fr\u0131&#8217;n\u0131n Patnos il\u00e7esinde ya\u015fanan bir olay y\u00fcrekleri da\u011flad\u0131. \u0130ki ay \u00f6nce ni\u015fanland\u0131\u011f\u0131 meslekta\u015f\u0131n\u0131 kar\u015f\u0131lamak i\u00e7in otogara giden \u00f6\u011fretmen Onur De\u011firmenci (25) ni\u015fanl\u0131s\u0131n\u0131 ta\u015f\u0131yan otob\u00fcs\u00fcn alt\u0131nda kalarak can verdi.<\/strong><\/p>\n<p>Mu\u015f\u2019un Malazgirt il\u00e7esindeki Alparslan K\u0131z Yat\u0131l\u0131 \u0130lk\u00f6\u011fretim B\u00f6lge Okulu\u2019nda Teknoloji ve Tasar\u0131m \u00f6\u011fretmeni olan Onur De\u011firmenci, ayn\u0131 okulda \u0130ngilizce \u00f6\u011fretmeni olan ni\u015fanl\u0131s\u0131 Elif Nalcak\u2019\u0131 kar\u015f\u0131lamaya gitti\u011fi otogarda ni\u015fanl\u0131s\u0131n\u0131 getiren otob\u00fcs\u00fcn alt\u0131nda kald\u0131. \u00d6n koltukta oturan ve Tokat\u2019tan gelen Elif\u2019i g\u00f6rmek isterken ezilen De\u011firmenci, hastanede de ni\u015fanl\u0131s\u0131n\u0131 g\u00f6rmek istedi ancak g\u00f6remeden ya\u015fama veda etti.<\/p>\n<p>Her ikisi de birer y\u0131ll\u0131k \u00f6\u011fretmen olan De\u011firmenci ile Nalcak ekimde ni\u015fanland\u0131. Kaza bayram\u0131n son g\u00fcn\u00fc A\u011fr\u0131\u2019n\u0131n Patnos il\u00e7esinde meydana geldi. De\u011firmenci, bayram i\u00e7in gitti\u011fi memleketi Tokat\u2019tan otob\u00fcsle d\u00f6nen ni\u015fanl\u0131s\u0131 Nalcak\u2019\u0131 kar\u015f\u0131lamak i\u00e7in Malazgirt\u2019ten geldi. Ancak De\u011firmenci, \u00f6n koltukta oturan sevgilisini g\u00f6rmek isterken otob\u00fcs\u00fcn alt\u0131nda kald\u0131. Manevra yapan otob\u00fcs\u00fcn tekerlekleri aras\u0131ndan \u00e7\u0131kar\u0131lan Onur \u00d6\u011fretmen, ambulansla A\u011fr\u0131 Devlet Hastanesi\u2019ne kald\u0131r\u0131ld\u0131. Kalp masaj\u0131yla hayata d\u00f6nd\u00fcr\u00fclen Onur \u00d6\u011fretmen\u2019in Erzurum\u2019a nakledilmesi kararla\u015ft\u0131r\u0131ld\u0131.<\/p>\n<p>Ambulans helikopter A\u011fr\u0131\u2019ya gelemeyince ambulansla yola \u00e7\u0131kar\u0131lan De\u011firmenci, Horasan yak\u0131nlar\u0131nda son nefesini verdi.<br \/>\nDe\u011firmenci\u2019nin baz\u0131 arkada\u015flar\u0131, \u201cDoktorlar ayaklar\u0131ndaki k\u0131r\u0131klar \u00fczerinde durdu. Ancak i\u00e7 kanamadan \u00f6ld\u00fc\u201d dedi. \u0130ki ayl\u0131k ni\u015fanl\u0131s\u0131n\u0131 son yolculu\u011fa u\u011furlayan Elif \u00f6\u011fretmene sakinle\u015ftirici i\u011fne yap\u0131ld\u0131. Burdurlu olan De\u011firmenci\u2019nin cenazesi, Ankara\u2019da topra\u011fa verildi.<\/p>\n","protected":false},"excerpt":{"rendered":"<p>A\u011fr\u0131 Patnos&#8217;ta ac\u0131 \u00f6l\u00fcm!<\/p>\n","protected":false},"author":4,"featured_media":10241,"comment_status":"open","ping_status":"open","sticky":false,"template":"","format":"standard","meta":{"_acf_changed":false,"footnotes":""},"categories":[1],"tags":[10611],"class_list":["post-10240","post","type-post","status-publish","format-standard","has-post-thumbnail","hentry","category-nationalturk","tag-agri"],"acf":[],"_links":{"self":[{"href":"https:\/\/www.nationalturk.com\/tr\/wp-json\/wp\/v2\/posts\/10240","targetHints":{"allow":["GET"]}}],"collection":[{"href":"https:\/\/www.nationalturk.com\/tr\/wp-json\/wp\/v2\/posts"}],"about":[{"href":"https:\/\/www.nationalturk.com\/tr\/wp-json\/wp\/v2\/types\/post"}],"author":[{"embeddable":true,"href":"https:\/\/www.nationalturk.com\/tr\/wp-json\/wp\/v2\/users\/4"}],"replies":[{"embeddable":true,"href":"https:\/\/www.nationalturk.com\/tr\/wp-json\/wp\/v2\/comments?post=10240"}],"version-history":[{"count":0,"href":"https:\/\/www.nationalturk.com\/tr\/wp-json\/wp\/v2\/posts\/10240\/revisions"}],"wp:featuredmedia":[{"embeddable":true,"href":"https:\/\/www.nationalturk.com\/tr\/wp-json\/wp\/v2\/media\/10241"}],"wp:attachment":[{"href":"https:\/\/www.nationalturk.com\/tr\/wp-json\/wp\/v2\/media?parent=10240"}],"wp:term":[{"taxonomy":"category","embeddable":true,"href":"https:\/\/www.nationalturk.com\/tr\/wp-json\/wp\/v2\/categories?post=10240"},{"taxonomy":"post_tag","embeddable":true,"href":"https:\/\/www.nationalturk.com\/tr\/wp-json\/wp\/v2\/tags?post=10240"}],"curies":[{"name":"wp","href":"https:\/\/api.w.org\/{rel}","templated":true}]}}