{"id":10290,"date":"2009-12-06T16:17:18","date_gmt":"2009-12-06T13:17:18","guid":{"rendered":"http:\/\/www.nationalturk.com\/?p=10290"},"modified":"2023-08-11T14:46:42","modified_gmt":"2023-08-11T11:46:42","slug":"amanda-knox-meredith-kercher-rudy-guede-cinayet","status":"publish","type":"post","link":"https:\/\/www.nationalturk.com\/tr\/amanda-knox-meredith-kercher-rudy-guede-cinayet\/","title":{"rendered":"Amanda Knox&#8217; a 26 y\u0131l"},"content":{"rendered":"<h1>Melek Y\u00fczl\u00fc Amanda Knox &#8216;a 26 y\u0131l hapis<\/h1>\n<p>2007 Y\u0131l\u0131nda \u00d6\u011frenci de\u011fi\u015fim program\u0131 Erasmus ile \u0130talya&#8217;ya gelen, oda arkada\u015f\u0131 \u0130ngiliz Meredith Kercher &#8216;in cinayetinde ba\u015frol\u00fc oynayan Amerikal\u0131 Amanda Knox&#8217;un Trajik hikayesi 26 y\u0131l ile sonland\u0131.<\/p>\n<p><strong>\u00d6\u011frenci kenti olan Perugia&#8217; daki unutulamas\u0131 zor olay ve Amanda Knox Kimdir ;<\/strong><\/p>\n<p><a href=\"http:\/\/www.nationalturk.com\/tr\/wp-content\/uploads\/2009\/12\/ev.jpg\"><img loading=\"lazy\" decoding=\"async\" class=\"alignleft size-full wp-image-10291\" title=\"Umbria Tepesindeki vah\u015fetin i\u015flendi\u011fi ev\" src=\"http:\/\/www.nationalturk.com\/tr\/wp-content\/uploads\/2009\/12\/ev.jpg\" alt=\"Umbria Tepesindeki Rafael Sollecito'nun sahibi oldu\u011fu vah\u015fetin i\u015flendi\u011fi ev\" width=\"330\" height=\"244\" srcset=\"https:\/\/www.nationalturk.com\/tr\/wp-content\/uploads\/2009\/12\/ev.jpg 330w, https:\/\/www.nationalturk.com\/tr\/wp-content\/uploads\/2009\/12\/ev-280x207.jpg 280w\" sizes=\"auto, (max-width: 330px) 100vw, 330px\" \/><\/a>Kendisi gibi Perugia&#8217;ya gelen\u00a0 \u0130ngiliz Meredith Kercher ile Amerikal\u0131 Amanda Knox ayn\u0131 oday\u0131 payla\u015fmaya ba\u015flam\u0131\u015flard\u0131. Knox k\u0131sa s\u00fcrede sempatik, giri\u015fken haliyle \u0130talya&#8217;da bir erkek arkada\u015f bulmu\u015ftu.<\/p>\n<p>Perugia&#8217;l\u0131 \u0130talyan Rafael Sollecito ile Amanda Knox k\u0131sa s\u00fcrede ate\u015fli bir a\u015fk ya\u015famaya ba\u015flam\u0131\u015flard\u0131.<\/p>\n<p>1\u00a0Kas\u0131m 2007 g\u00fcn\u00fc\u00a0 Umbria tepesindeki evde\u00a0 Amanda Knox oda arkada\u015f\u0131 Meredith Kercher,\u00a0 Raffaele Sollecito ve Rudy Guede bulu\u015ftular.<\/p>\n<p>Saat 20.00 sular\u0131nda ba\u015flayan ziyaret geceyar\u0131s\u0131na do\u011fru arkas\u0131nda seks izleri b\u0131rakan\u00a0vah\u015fi bir cinayet ile sonland\u0131.<\/p>\n<p>Rafael Sollecito&#8217;nun kendisine\u00a0uyu\u015fturucu sa\u011flayan arkada\u015f\u0131 Fildi\u015fili g\u00f6\u00e7men\u00a0Rudy Guede ile birlikte Amanda Knox&#8217;a grup seks\u00a0teklif etmesiyle birlikte Meredith Kercher&#8217;in, bu teklifini reddemesi sonucu Knox, erkek arkada\u015flar\u0131 Raffaele Sollecito&#8217;yle Rudy Guede ile birlikte gen\u00e7 k\u0131z\u0131 bir odaya kilitlemesiyle\u00a0olay kanl\u0131 bir cuma gecesine d\u00f6n\u00fc\u015ferek Kercher&#8217;in \u00f6ld\u00fcr\u00fcld\u00fc \u00f6\u011frenilmi\u015fti.<\/p>\n<p><a href=\"http:\/\/www.nationalturk.com\/tr\/wp-content\/uploads\/2009\/12\/perugia-amanda-knox.jpg\"><img loading=\"lazy\" decoding=\"async\" class=\"alignleft size-full wp-image-10292\" title=\"Perugia Amanda Knox\" src=\"http:\/\/www.nationalturk.com\/tr\/wp-content\/uploads\/2009\/12\/perugia-amanda-knox.jpg\" alt=\"Melek Y\u00fczl\u00fc Amerikal\u0131 Amanda Knox 'a 26 y\u0131l hapis\" width=\"298\" height=\"449\" srcset=\"https:\/\/www.nationalturk.com\/tr\/wp-content\/uploads\/2009\/12\/perugia-amanda-knox.jpg 298w, https:\/\/www.nationalturk.com\/tr\/wp-content\/uploads\/2009\/12\/perugia-amanda-knox-146x220.jpg 146w, https:\/\/www.nationalturk.com\/tr\/wp-content\/uploads\/2009\/12\/perugia-amanda-knox-265x400.jpg 265w\" sizes=\"auto, (max-width: 298px) 100vw, 298px\" \/><\/a>Olay\u0131n Rafael\u00a0Sollecito ve Rudy Guede, Knox\u2019tan b\u0131\u00e7akla Kercher\u2019i korkutmas\u0131n\u0131 isteyerek ba\u015flayan taciz \u00a0Knox&#8217;un\u00a0 arkada\u015flar\u0131n\u0131n da yard\u0131m\u0131yla Kercher\u2019i vah\u015fice katletmesiyle sona erdi\u011fi \u0130talyan savc\u0131lar taraf\u0131ndan iddia edildi.<\/p>\n<p>\u0130ngiliz ve \u0130talyan medyas\u0131n\u0131n olay\u0131n bir an olsun bu \u015fekilde oldu\u011fu bile d\u00fc\u015f\u00fcnmeden \u201c\u015fok\u201d, \u201cskandal\u201d, \u201cseks\u201d, \u201cvah\u015fet\u201d kelimelerinin bolca ge\u00e7ti\u011fi haberler ile mahkemeyle san\u0131klar adeta bir fenomen haline gelmi\u015flerdi.<\/p>\n<p>Bu duru\u015fmalar\u0131n birinde Amerikal\u0131 Amanda Knox,21 ya\u015f\u0131ndaki oda arkada\u015f\u0131 Kercher\u2019i bo\u011faz\u0131n\u0131 keserken baz\u0131, satanist duygular\u0131nda olu\u015ftu\u011funu iddia eden savc\u0131lara kar\u015f\u0131 herhangi bir direni\u015f bile g\u00f6stermemi\u015fti.<\/p>\n<p>\u00d6nceki g\u00fcnk\u00fc karar duru\u015fmas\u0131nda h\u00e2kim, Knox\u2019a 26 y\u0131l, sevgilisi Sollecito\u2019ya 25 y\u0131l hapis cezas\u0131 verdi.<\/p>\n<p>22 ya\u015f\u0131ndaki Amerikal\u0131 Amanda Knox son s\u00f6z\u00fcn\u00fcn sorulmas\u0131 \u00fczerine hakimlere yalvararak Meredith&#8217;i \u00f6ld\u00fcrmedi\u011fini s\u00f6yledi. Ancak Knox&#8217;un s\u00f6zleri 13 ayd\u0131r s\u00fcren davan\u0131n iki hakimi ile alt\u0131 j\u00fcri \u00fcyesini ikna etmeye yetmedi. 13 saat s\u00fcren g\u00f6r\u00fc\u015f al\u0131\u015fveri\u015finden sonra zanl\u0131lar su\u00e7lu bulundu.<\/p>\n<p>Gen\u00e7lere uyu\u015fturucu temin eden Rudy Guede ise daha \u00f6nce 30 y\u0131l hapse m\u00e2hkum olmu\u015ftu.<\/p>\n<p>Kercher\u2019in ailesi, duru\u015fma sonras\u0131 verilen cezalar\u0131n Meredith&#8217;i geri getirmeyece\u011fini ancak ac\u0131lar\u0131n\u0131n bir nebze olsun bu karar\u0131n dindirdi\u011fini s\u00f6ylediler.<\/p>\n<p>\u0130talyan\u00a0medyas\u0131n\u0131n uzun s\u00fcredir takip edip\u00a0 man\u015fetlerden d\u00fc\u015f\u00fcrmedi\u011fi, bu tutumuyla\u00a0\u2018h\u00fckm\u00fc ba\u015ftan verdi\u011fi\u2019 ele\u015ftirileri aras\u0131nda a\u011f\u0131r cezalarla sona eren duru\u015fma sonunda Amanda Knox&#8217;un annesi k\u0131z\u0131n\u0131n su\u00e7suz oldu\u011fu her \u015feyin ortaya \u00e7\u0131kmad\u0131\u011f\u0131n\u0131 k\u0131z\u0131n\u0131n\u00a0b\u00f6yle bir olay\u0131n i\u00e7inde olmad\u0131\u011f\u0131\u00a0ileri s\u00fcrd\u00fc.<\/p>\n<h2>\u0130nternet siteleri a\u00e7\u0131lan hatta\u00a0Kitaplara da konu olan Amanda Knox davas\u0131ndan ilgin\u00e7 tespitler;<\/h2>\n<p><img loading=\"lazy\" decoding=\"async\" class=\"alignleft size-full wp-image-10294\" title=\"Raffaele Sollecito\" src=\"http:\/\/www.nationalturk.com\/tr\/wp-content\/uploads\/2009\/12\/Raffaele-Sollecito.jpg\" alt=\"Amanda Knox ile Raffaelo Sollecito mahk\u00fbm Oldu \" width=\"468\" height=\"346\" srcset=\"https:\/\/www.nationalturk.com\/tr\/wp-content\/uploads\/2009\/12\/Raffaele-Sollecito.jpg 468w, https:\/\/www.nationalturk.com\/tr\/wp-content\/uploads\/2009\/12\/Raffaele-Sollecito-280x207.jpg 280w\" sizes=\"auto, (max-width: 468px) 100vw, 468px\" \/>\u0130talyan savc\u0131lar, Amanda Knox\u00a0 Sollecito \u2019nun, 2 Kas\u0131m 2007 gecesi Kercher\u2019i, cinsel bir oyunun par\u00e7as\u0131 olmaya zorlad\u0131klar\u0131n\u0131, sonunda da \u201ca\u015f\u0131r\u0131ya ka\u00e7arak\u201d onu \u00f6ld\u00fcrd\u00fcklerini \u00f6ne s\u00fcr\u00fcyordu.<\/p>\n<p>\u0130ddianamede Kercher&#8217;in \u00f6ld\u00fcr\u00fclmeden \u00f6nce \u00fc\u00e7 zanl\u0131 taraf\u0131ndan tecav\u00fcze maruz kald\u0131\u011f\u0131 belirtildi. \u00d6\u011frencinin, oda arkada\u015f\u0131 Amanda Knox ile onun erkek arkada\u015f\u0131 Raffaelo Sollecito ve di\u011fer zanl\u0131 taraf\u0131ndan susturulmak amac\u0131yla \u00f6ld\u00fcr\u00fcld\u00fc\u011f\u00fc kaydedildi. \u00dc\u00e7 zanl\u0131n\u0131n cinayeti i\u015flemeden \u00f6nce uyu\u015fturucu ald\u0131\u011f\u0131 da vurguland\u0131.<\/p>\n<p>Savc\u0131lar Fildi\u015fi Sahili do\u011fumlu siyah\u00ee g\u00f6\u00e7men Rudy Guede&#8217;nin Kercher\u2019in erkek arkada\u015f\u0131 oldu\u011fuyla cinayetin bir par\u00e7as\u0131 oldu\u011funu ileri s\u00fcr\u00fcyorlard\u0131.<br \/>\nRudy Guede ise, bas\u0131na kapal\u0131 ger\u00e7ekle\u015ftirilen \u201ch\u0131zl\u0131 oturumlu\u201d mahkeme sonucu, ge\u00e7ti\u011fimiz aylarda 30 y\u0131l hapse mahk\u00fbm edildi.<\/p>\n<p>Amanda Knox Seks d\u00fc\u015fk\u00fcn\u00fc Amerikal\u0131 olarak lanse edildi.\u00a0Knox\u2019un \u00f6zel hayat\u0131na ili\u015fkin, cinayetle ilgisi olmayan ayr\u0131nt\u0131lara geni\u015f yer verildi.\u00a0 \u201cTeam\u00fcllere ayk\u0131r\u0131 dava\u201d Mahk\u00fbmlar\u0131n \u00fc\u00e7\u00fc de cinayetle ilgileri olmad\u0131\u011f\u0131n\u0131 s\u00f6yledi.<\/p>\n<p>Bir\u00e7ok uluslararas\u0131 adl\u00ee uzman, cinayet sonras\u0131, \u0130talyan polisinin, Kercher\u2019in cesedinin bulundu\u011fu, Knox\u2019la ortak evinde yapt\u0131\u011f\u0131 incelemenin hi\u00e7bir \u015fekilde team\u00fcllere uygun olmad\u0131\u011f\u0131 belirtti<\/p>\n<p>Su\u00e7lananlar aras\u0131ndan sadece Guede\u2019ye y\u00f6nelik ciddi kan\u0131tlar vard\u0131. Kercher\u2019in cesedi \u00fczerinde DNA\u2019s\u0131, cinayet mahallinde de kanl\u0131 parmak izi bulunan Guede, olay gecesi Kercher\u2019in evinde oldu\u011funu itiraf etti.<\/p>\n<h3>Amanda Knox\u00a0Raffaelo Sollecito \u2019yu mahk\u00fbm ettiren evde bulunan B\u0131\u00e7ak Oldu !<\/h3>\n<p>Amanda Knox ve Sollecito \u2019yu mahk\u00fbm ettiren,\u00a0\u00a0Raffaelo Sollecito \u2019nun evinde bulunan ve \u00fczerinde Kercher ile Amanda Knox \u2019un ufak\u00a0 par\u00e7a DNA\u2019s\u0131n\u0131n bulundu\u011fu\u00a01 b\u0131\u00e7ak oldu.<\/p>\n<p>Raffaelo Sollecito\u00a0\u2019ya ait olan cinayet b\u0131\u00e7a\u011f\u0131n\u0131n sap\u0131nda Amanda Knox \u2019un, b\u0131\u00e7ak a\u011fz\u0131nda ise Kercher\u2019in DNA\u2019s\u0131 bulunmu\u015ftu. Avukat Maresca, Kercher\u2019in hi\u00e7bir zaman Sollecito\u2019nun evine gitmedi\u011fini, o gece eve oda arkada\u015f\u0131 Amanda Knox taraf\u0131ndan \u00e7a\u011fr\u0131ld\u0131\u011f\u0131n\u0131 \u00f6ne s\u00fcrm\u00fc\u015ft\u00fc.<\/p>\n<p>Sadece \u0130talya&#8217;da de\u011fil, Avrupa&#8217;da yak\u0131ndan izlenen, 100 tan\u0131\u011f\u0131n ifadesine ba\u015fvurulan cinayet davas\u0131nda \u00f6zellikle DNA ile ilgili kan\u0131tlar tart\u0131\u015fmalara neden oldu. Savc\u0131, cinayetin i\u015flendi\u011fi b\u0131\u00e7akta Amerikal\u0131 Amanda Knox &#8216;la kurban Meredith&#8217;e ait DNA izlerine rastland\u0131\u011f\u0131na dikkat \u00e7ekti. Zanl\u0131lar\u0131n avukatlar\u0131 ise kurban\u0131n v\u00fccudundaki b\u0131\u00e7ak izlerinin, s\u00f6zkonusu b\u0131\u00e7akla yap\u0131lmas\u0131n\u0131n m\u00fcmk\u00fcn olamayaca\u011f\u0131n\u0131 ileri s\u00fcrd\u00fc.<\/p>\n<p>Ge\u00e7ti\u011fimiz y\u0131l yap\u0131lan duru\u015fmalar\u0131n birinde Sollecito&#8217;nun Kercher&#8217;in s\u00fctyeni, tokas\u0131 \u00fczerinde DNA&#8217;s\u0131n\u0131 bulundu\u011funu iddia eden \u00a0\u0130talyan savc\u0131lar\u0131n bu d\u00fc\u015f\u00fcncelerine kar\u015f\u0131 Berlusconi&#8217;nin de avukat\u0131 olan Giulia Bongiorno b\u00fcy\u00fck tepki g\u00f6stermi\u015f ve bunlar\u0131n cinayet i\u00e7in yeterli kan\u0131t olamayaca\u011f\u0131n\u0131 ileri s\u00fcrm\u00fc\u015ft\u00fc.<\/p>\n<p>Al\u0131nan bu a\u011f\u0131r kararlarda \u0130talyan Savc\u0131lar\u0131n vah\u015fi cinayetin \u00fc\u00e7 zanl\u0131 taraf\u0131ndan \u201cnas\u0131l i\u015flenmi\u015f olabilece\u011fini\u201d, \u015femalarla, resimlerle, hatta maktulle \u201ckatilleri\u201d aras\u0131nda ge\u00e7ti\u011fi hayal edilen diyaloglarla canland\u0131rmas\u0131n\u0131n j\u00fcri \u00fczerinde \u00e7ok etkili oldu\u011fu ve a\u011f\u0131r mahk\u00fbmiyet kararlar\u0131n\u0131n \u201cvarsay\u0131mlara\u201d dayanarak verildi\u011fi san\u0131klar\u0131n avukatlar\u0131 ve aileleri taraf\u0131ndan\u00a0s\u0131k\u00e7a dile getirildi.<\/p>\n<h4>Amanda Knox ve Raffaelo Sollecito \u2019nun aileleri\u00a0karara tepki g\u00f6sterdiler<\/h4>\n<p>Amanda Knox ve Raffaelo Sollecito \u2019nun aileleri, karar ertesi \u00e7ocuklar\u0131n\u0131n masum oldu\u011funu, kanuni m\u00fccadeleyi s\u00fcrd\u00fcreceklerini bas\u0131na a\u00e7\u0131klad\u0131.<\/p>\n<p>Zanl\u0131lardan Amanda Knox &#8216;un ailesi ile karara tepki g\u00f6sterirken,\u00a0Meredith&#8217;in korkun\u00e7 bi\u00e7imde \u00f6ld\u00fcr\u00fcld\u00fc\u011f\u00fc s\u0131rada Amanda&#8217;n\u0131n da odada bulundu\u011funu ispat eden delilin mahkemeye sunulamad\u0131\u011f\u0131 ileri s\u00fcr\u00fcld\u00fc. Baba Knox, Amerikan ABC Televizyonu&#8217;na verdi\u011fi deme\u00e7te, &#8220;Bu \u0130talyan adaletinin, Perugia kentiyle b\u00fct\u00fcn \u0130talya&#8217;n\u0131n bir ba\u015far\u0131s\u0131zl\u0131\u011f\u0131&#8221;d\u0131r diye konu\u015ftu.<\/p>\n<p>Ayr\u0131ca Amanda Knox\u2019un ailesinin bir gazeteye verdikleri r\u00f6portajda, tutukland\u0131\u011f\u0131 gece k\u0131zlar\u0131na \u0130talyan polisince vuruldu\u011funu s\u00f6ylemelerinden dolay\u0131 kendilerine kar\u015f\u0131 a\u00e7\u0131lan dava nedeniyle ba\u015f\u0131 dertte.<\/p>\n<p>T\u00fcm bu olanlardan sonra \u0130talyan Savc\u0131lardan Manuela Comodi\u2019nin deyi\u015fiyleyse, \u201cGer\u00e7e\u011fin tam olarak ne oldu\u011funu sadece tanr\u0131 bilecek.\u201d demesi 1 Kas\u0131m 2007 saat\u00a020.00\u00a0ile 23.00 aras\u0131nda ki gizemin bitmeyece\u011fi anlam\u0131na geliyor.<\/p>\n<p style=\"text-align: center;\"><a href=\"http:\/\/www.nationalturk.com\/tr\/wp-content\/uploads\/2009\/12\/meredith-kercher-rudy-gue.jpg\"><img loading=\"lazy\" decoding=\"async\" class=\"size-full wp-image-10293 aligncenter\" title=\"meredith-kercher-rudy-gue\" src=\"http:\/\/www.nationalturk.com\/tr\/wp-content\/uploads\/2009\/12\/meredith-kercher-rudy-gue.jpg\" alt=\"meredith-kercher-rudy-gue\" width=\"460\" height=\"276\" srcset=\"https:\/\/www.nationalturk.com\/tr\/wp-content\/uploads\/2009\/12\/meredith-kercher-rudy-gue.jpg 460w, https:\/\/www.nationalturk.com\/tr\/wp-content\/uploads\/2009\/12\/meredith-kercher-rudy-gue-280x168.jpg 280w\" sizes=\"auto, (max-width: 460px) 100vw, 460px\" \/><\/a><\/p>\n<p><a onclick=\"NewWindow(this.href,'\u00d6nizleme','625','750','no','center');return false\" href=\"http:\/\/www.nationalturk.com\/amanda-knox-resimleri\" target=\"_blank\" onfocus=\"this.blur()\" rel=\"noopener\">Amanda Knox Resim Galeri i\u00e7in t\u0131klay\u0131n.<\/a><\/p>\n<p><a onclick=\"NewWindow(this.href,'\u00d6nizleme','625','750','no','center');return false\" href=\"amanda-knox-resimleri\"><img loading=\"lazy\" decoding=\"async\" class=\"alignleft size-medium wp-image-10337\" title=\"Amanda Knox\" src=\"http:\/\/www.nationalturk.com\/tr\/wp-content\/uploads\/2009\/12\/amanda-knox-03-280x190.jpg\" alt=\"Amanda Knox\" width=\"100\" height=\"140\" \/><\/a><\/p>\n","protected":false},"excerpt":{"rendered":"<p>1 Kas\u0131m 2007 g\u00fcn\u00fc  Umbria tepesindeki evde  Amanda Knox oda arkada\u015f\u0131 Meredith Kercher,  Rafael Sollecito ve Rudy Guede bulu\u015ftular.<\/p>\n","protected":false},"author":6,"featured_media":10292,"comment_status":"open","ping_status":"open","sticky":false,"template":"","format":"standard","meta":{"_acf_changed":false,"footnotes":""},"categories":[6767,6700,6768,6665,6663,36169,6155,6771,5005,349],"tags":[10667,10675,61303,61307,61308,61306,61305,61309,7390,221292,10672,10674,10668,10669,10671,10670],"class_list":["post-10290","post","type-post","status-publish","format-standard","has-post-thumbnail","hentry","category-afrika","category-aile","category-amerika","category-dunya","category-egitim","category-fotograflar","category-gundem","category-latin-amerika","category-manset","category-son-dakika","tag-amanda-knox","tag-amanda-knox-cinayeti","tag-amanda-knox-kimdir","tag-amanda-knox-meredith","tag-amanda-knox-resim-galeri","tag-amanda-knox-sollecito","tag-amanda-knox-video","tag-amerikali-amanda-knox","tag-cinayet","tag-cinayet-haberleri","tag-giulia-bongiorno","tag-ingiliz-meredith-kercher-cinayeti","tag-meredith-kercher","tag-rafael-sollecito","tag-raffaele-sollecito","tag-rudy-guede"],"acf":[],"_links":{"self":[{"href":"https:\/\/www.nationalturk.com\/tr\/wp-json\/wp\/v2\/posts\/10290","targetHints":{"allow":["GET"]}}],"collection":[{"href":"https:\/\/www.nationalturk.com\/tr\/wp-json\/wp\/v2\/posts"}],"about":[{"href":"https:\/\/www.nationalturk.com\/tr\/wp-json\/wp\/v2\/types\/post"}],"author":[{"embeddable":true,"href":"https:\/\/www.nationalturk.com\/tr\/wp-json\/wp\/v2\/users\/6"}],"replies":[{"embeddable":true,"href":"https:\/\/www.nationalturk.com\/tr\/wp-json\/wp\/v2\/comments?post=10290"}],"version-history":[{"count":0,"href":"https:\/\/www.nationalturk.com\/tr\/wp-json\/wp\/v2\/posts\/10290\/revisions"}],"wp:featuredmedia":[{"embeddable":true,"href":"https:\/\/www.nationalturk.com\/tr\/wp-json\/wp\/v2\/media\/10292"}],"wp:attachment":[{"href":"https:\/\/www.nationalturk.com\/tr\/wp-json\/wp\/v2\/media?parent=10290"}],"wp:term":[{"taxonomy":"category","embeddable":true,"href":"https:\/\/www.nationalturk.com\/tr\/wp-json\/wp\/v2\/categories?post=10290"},{"taxonomy":"post_tag","embeddable":true,"href":"https:\/\/www.nationalturk.com\/tr\/wp-json\/wp\/v2\/tags?post=10290"}],"curies":[{"name":"wp","href":"https:\/\/api.w.org\/{rel}","templated":true}]}}