{"id":102960,"date":"2012-03-28T12:03:49","date_gmt":"2012-03-28T09:03:49","guid":{"rendered":"http:\/\/www.nationalturk.com\/?p=102960"},"modified":"2012-03-28T12:05:58","modified_gmt":"2012-03-28T09:05:58","slug":"real-madrid-apoel-apoel-real-madrid-maci-ozeti-video-102960","status":"publish","type":"post","link":"https:\/\/www.nationalturk.com\/tr\/real-madrid-apoel-apoel-real-madrid-maci-ozeti-video-102960\/","title":{"rendered":"Real Madrid Apoel &#8216;i ezdi \/ Apoel Real Madrid ma\u00e7\u0131 \u00f6zeti (Video)"},"content":{"rendered":"<h1><img loading=\"lazy\" decoding=\"async\" class=\"alignnone size-large wp-image-102946\" title=\"Real Madrid Apoel ma\u00e7\u0131\" src=\"http:\/\/www.nationalturk.com\/tr\/wp-content\/uploads\/2012\/03\/real_madrid_apoel-610x380.jpg\" alt=\"\" width=\"610\" height=\"380\" srcset=\"https:\/\/www.nationalturk.com\/tr\/wp-content\/uploads\/2012\/03\/real_madrid_apoel-610x380.jpg 610w, https:\/\/www.nationalturk.com\/tr\/wp-content\/uploads\/2012\/03\/real_madrid_apoel-280x174.jpg 280w, https:\/\/www.nationalturk.com\/tr\/wp-content\/uploads\/2012\/03\/real_madrid_apoel.jpg 646w\" sizes=\"auto, (max-width: 610px) 100vw, 610px\" \/><\/h1>\n<h1>Real Madrid Apoel &#8216;i ezdi \/ Apoel Real Madrid ma\u00e7\u0131 \u00f6zeti (Video)\u00a0\u015eampiyonlar Ligi \u00e7eyrek final heyecan\u0131 Apoel Real Madrid ma\u00e7\u0131 ile ba\u015flad\u0131. Real Madrid Apoel kar\u015f\u0131s\u0131nda zorlanmadan galip geldi. \/ Apoel Real Madrid ma\u00e7\u0131 \u00f6zeti&#8230;<\/h1>\n<p>UEFA \u015eampiyonlar Ligi \u00e7eyrek final ilk ma\u00e7\u0131nda Real Madrid Apoel &#8216;e konuk oldu. K\u0131br\u0131s Rum Kesimi&#8217;nde ate\u015fli taraftarlar\u0131n deste\u011fini arkas\u0131na alan Apoel Real Madrid kar\u015f\u0131s\u0131nda beklenen direnci g\u00f6steremedi.\u00a0GSP Stad\u0131&#8217;nda oynanan kar\u015f\u0131la\u015fmay\u0131 Real Madrid 3-0 kazanarak r\u00f6van\u015f i\u00e7in avantajl\u0131 bir skor elde etti.<\/p>\n<p>Real Madrid Apoel kar\u015f\u0131s\u0131nda ma\u00e7\u0131n tamam\u0131n\u0131 kontrol\u00fcnde ge\u00e7irirken golleri son 15 dakikada buldu. Real Madrid&#8217;e 3-0&#8217;l\u0131k galibiyeti getiren goller 74 ve 90. dakikalarda Karim Benzema, 82. dakikada ise Kaka&#8217;dan geldi.\u00a0Real Madrid&#8217;de Teknik Direkt\u00f6r Jose Mourinho ile sorunlar\u0131 oldu\u011fu iddia edilen milli futbolcumuz Nuri \u015eahin ma\u00e7a ilk 11&#8217;de ba\u015flad\u0131. Nuri \u015eahin g\u00fczel futbolu ile dikkat \u00e7ekerken Hamit Alt\u0131ntop yedek bekledi. T\u00fcrk as\u0131ll\u0131 Alman futbolcu Mesut \u00d6zil de her zamanki gibi ilk 11&#8217;de kendine yer buldu.<\/p>\n<p>\u015eampiyonlar Ligi&#8217;nde yar\u0131 final biletini alacak ekip 4 Nisan tarihinde oynanacak r\u00f6van\u015f kar\u015f\u0131la\u015fmas\u0131n\u0131n ard\u0131ndan belli olacak. R\u00f6van\u015f ma\u00e7\u0131 Santiago Bernabeu&#8217;da oynanacak.<\/p>\n<h2>Real Madrid Apoel ma\u00e7\u0131 \u00f6zeti;<\/h2>\n[media id=1589 width=610 height=340]\n<h3>Apoel Real Madrid ma\u00e7\u0131 \/ Mourinho&#8217;dan a\u00e7\u0131klamalar<\/h3>\n<p>Real Madrid Teknik Direkt\u00f6r\u00fc Jose Mourinho, UEFA Avrupa \u015eampiyonlar Ligi \u00e7eyrek finalinde 3-0 kazand\u0131klar\u0131 Apoel ma\u00e7\u0131nda 84 dakika sahada tuttu\u011fu Nuri \u015eahin&#8217;in performans\u0131ndan \u00e7ok memnun oldu\u011funu s\u00f6yledi.<br \/>\nMourinho, \u0130spanyol bas\u0131n\u0131nda yer alan de\u011ferlendirmesinde, &#8221;Onun i\u00e7in ideal bir ma\u00e7t\u0131, \u00e7\u00fcnk\u00fc topa \u00e7ok fazla sahip olaca\u011f\u0131m\u0131z\u0131 biliyordum. O da h\u0131zl\u0131 d\u00fc\u015f\u00fcn\u00fcp, topu hemen oyuna sokmay\u0131 bilen bir futbolcu. Nuri&#8217;nin oyunundan \u00e7ok memnunum. Ben de tak\u0131m arkada\u015flar\u0131 da memnunuz, \u00e7\u00fcnk\u00fc hepimizin sevdi\u011fi m\u00fckemmel bir \u00e7ocuk. Bu sezonu \u00e7ok k\u00f6t\u00fc ge\u00e7irdi. Oynamadan ve antreman yapmadan Madrid gibi bir kul\u00fcbe gelip, zor bir durumu a\u015fmaya \u00e7al\u0131\u015ft\u0131&#8221; dedi.<br \/>\nNuri \u015eahin i\u00e7in bas\u0131nda yer alan yorumlarda da &#8221;T\u00fcrk futbolcu, kolay bir g\u00fcnde sahaya \u00e7\u0131kt\u0131. Oynad\u0131\u011f\u0131 b\u00f6lgede hi\u00e7bir bask\u0131ya maruz kalmad\u0131 ve paslar\u0131n\u0131 ve yetene\u011fini g\u00f6sterebildi&#8221; ifadeleri kullan\u0131ld\u0131.<br \/>\nMarca Gazetesi, \u00f6zellikle ilk yar\u0131da &#8221;par\u0131ldayan&#8221; Nuri&#8217;nin, oyunda kald\u0131\u011f\u0131 s\u00fcre i\u00e7inde toplam 10 kilometre ko\u015ftu\u011funu ve Xabi Alonso&#8217;nun bo\u015flu\u011funu kapatt\u0131\u011f\u0131n\u0131 yazd\u0131.<\/p>\n<h4>Apoel Real Madrid ma\u00e7\u0131 \/ \u015eampiyonlar Ligi&#8217;nde ilgin\u00e7 olay!<\/h4>\n<p>\u0130ki ma\u00e7ta 9 Portekizli oynad\u0131. Portekiz tak\u0131m\u0131 Benfica ise tamamen yabanc\u0131 kadroyu tercih etti. \u015eampiyonlar Ligi \u00e7eyrek final ilk ma\u00e7\u0131nda Portekiz temsilcisi Benfica, Premier Lig tak\u0131mlar\u0131ndan Chelsea&#8217;yi a\u011f\u0131rlad\u0131. Estadio da Luz&#8217;da konuk ekibin 1-0 kazand\u0131\u011f\u0131 kar\u015f\u0131la\u015fmada \u00e7ok ilgin\u00e7 bir g\u00f6r\u00fcnt\u00fc ortaya \u00e7\u0131kt\u0131.<\/p>\n<p>Portekiz tak\u0131m\u0131 olmas\u0131na ra\u011fmen Benfica&#8217;da, 90 dakika boyunca tek Portekizli&#8217;nin forma giymemesi dikkati \u00e7ekti. Nitekim yedek kul\u00fcbesinde oturan Miguel Vitor, Nelson Oliveira ve kaleci Eduardo, Portekizli teknik adam Jorge Jesus&#8217;dan \u015fans bulamad\u0131. Di\u011fer ilgin\u00e7 ayr\u0131nt\u0131 ise Benfica&#8217;n\u0131n ilk 11&#8217;inde 5 Brezilyal\u0131 futbolcunun (Artur, Emerson, Luisao, Bruno Cesar, Jardel) g\u00f6rev yapmas\u0131 oldu.<\/p>\n<p>Ev sahibinin aksine Chelsea&#8217;de ise kadrodaki 4 Portekizli&#8217;den Raul Meireles ve Paulo Ferreira ilk 11&#8217;de, Jose Bosingwa da son 10 dakikada sahada yer ald\u0131. \u0130ngiliz ekibinde sadece kaleci Henrique Hilario, 18 i\u00e7inde kendisine yer bulamad\u0131.\u00a0Gecenin di\u011fer kar\u015f\u0131la\u015fmas\u0131nda da Portekizli oyuncular \u00f6n plandayd\u0131. \u00d6yle ki iki tak\u0131mda 6 Portekizli futbolcu, Devler Ligi sahnesinde boy g\u00f6sterdi.\u00a0APOEL deplasman\u0131na \u00e7\u0131kan \u0130spanya&#8217;n\u0131n Real Madrid tak\u0131m\u0131nda, kadrodaki 4 Portekizli&#8217;den sakat olan Carvalho d\u0131\u015f\u0131ndaki 3&#8217;\u00fc (Pepe, Ronaldo, Coentrao) m\u00fccadele etti.\u00a0K\u0131br\u0131s Rum Kesimi temsilcisinde de kadrodaki 4 Portekizli ismin 3&#8217;\u00fc (Paulo Jorge, Helio Pinto, Nuno Morais), ilk 11&#8217;de foma giydi. Yedekler aras\u0131ndaki Helder Sousa da ikinci yar\u0131da ter d\u00f6kt\u00fc.<\/p>\n<p><strong>G\u00f6khan Karata\u015f<\/strong><\/p>\n<!-- Error, Advert is not available at this time due to schedule\/geolocation restrictions! -->\n<p>Real Madrid Apoel ma\u00e7\u0131, Apoel Real Madrid ma\u00e7\u0131 \u00f6zeti&#8230;<\/p>\n","protected":false},"excerpt":{"rendered":"<p>Real Madrid Apoel &#8216;i ezdi \/ Apoel Real Madrid ma\u00e7\u0131 \u00f6zeti (Video) \u015eampiyonlar Ligi \u00e7eyrek final heyecan\u0131 Apoel Real Madrid ma\u00e7\u0131 ile ba\u015flad\u0131. Real Madrid Apoel kar\u015f\u0131s\u0131nda zorlanmadan galip geldi. \/ Apoel Real Madrid ma\u00e7\u0131 \u00f6zeti&#8230;<\/p>\n","protected":false},"author":4,"featured_media":184708,"comment_status":"open","ping_status":"open","sticky":false,"template":"","format":"standard","meta":{"_acf_changed":false,"footnotes":""},"categories":[1],"tags":[96599,96659,39163,96653,96657,96656],"class_list":["post-102960","post","type-post","status-publish","format-standard","has-post-thumbnail","hentry","category-nationalturk","tag-apoel-real-madrid","tag-apoel-real-madrid-golleri","tag-nuri-sahin","tag-real-madrid-apoel","tag-real-madrid-apoel-mac-ozeti","tag-real-madrid-apoel-video"],"acf":[],"_links":{"self":[{"href":"https:\/\/www.nationalturk.com\/tr\/wp-json\/wp\/v2\/posts\/102960","targetHints":{"allow":["GET"]}}],"collection":[{"href":"https:\/\/www.nationalturk.com\/tr\/wp-json\/wp\/v2\/posts"}],"about":[{"href":"https:\/\/www.nationalturk.com\/tr\/wp-json\/wp\/v2\/types\/post"}],"author":[{"embeddable":true,"href":"https:\/\/www.nationalturk.com\/tr\/wp-json\/wp\/v2\/users\/4"}],"replies":[{"embeddable":true,"href":"https:\/\/www.nationalturk.com\/tr\/wp-json\/wp\/v2\/comments?post=102960"}],"version-history":[{"count":0,"href":"https:\/\/www.nationalturk.com\/tr\/wp-json\/wp\/v2\/posts\/102960\/revisions"}],"wp:featuredmedia":[{"embeddable":true,"href":"https:\/\/www.nationalturk.com\/tr\/wp-json\/wp\/v2\/media\/184708"}],"wp:attachment":[{"href":"https:\/\/www.nationalturk.com\/tr\/wp-json\/wp\/v2\/media?parent=102960"}],"wp:term":[{"taxonomy":"category","embeddable":true,"href":"https:\/\/www.nationalturk.com\/tr\/wp-json\/wp\/v2\/categories?post=102960"},{"taxonomy":"post_tag","embeddable":true,"href":"https:\/\/www.nationalturk.com\/tr\/wp-json\/wp\/v2\/tags?post=102960"}],"curies":[{"name":"wp","href":"https:\/\/api.w.org\/{rel}","templated":true}]}}