{"id":10313,"date":"2009-12-07T10:58:54","date_gmt":"2009-12-07T07:58:54","guid":{"rendered":"http:\/\/www.nationalturk.com\/?p=10313"},"modified":"2009-12-07T10:58:54","modified_gmt":"2009-12-07T07:58:54","slug":"tiyatrocu-halil-ayan-sahnede-oldu","status":"publish","type":"post","link":"https:\/\/www.nationalturk.com\/tr\/tiyatrocu-halil-ayan-sahnede-oldu\/","title":{"rendered":"Tiyatrocu Halil Ayan sahnede \u00f6ld\u00fc"},"content":{"rendered":"<p><strong><img loading=\"lazy\" decoding=\"async\" class=\"alignleft size-medium wp-image-10315\" title=\"Halil Ayan\" src=\"http:\/\/www.nationalturk.com\/tr\/wp-content\/uploads\/2009\/12\/halil_ayan-280x186.jpg\" alt=\"Halil Ayan\" width=\"208\" height=\"219\" srcset=\"https:\/\/www.nationalturk.com\/tr\/wp-content\/uploads\/2009\/12\/halil_ayan-280x186.jpg 208w, https:\/\/www.nationalturk.com\/tr\/wp-content\/uploads\/2009\/12\/halil_ayan.jpg 285w\" sizes=\"auto, (max-width: 208px) 100vw, 208px\" \/>Trabzon Devlet Tiyatrosu sanat\u00e7\u0131s\u0131 Halil Ayan (42), d\u00fcn ak\u015fam \u2018\u0130stibdat Kumpanyas\u0131\u2019 adl\u0131 oyun s\u0131ras\u0131nda sahnede kalp krizi ge\u00e7irerek hayat\u0131n\u0131 kaybetti.<\/strong><\/p>\n<p>Oyun s\u0131ras\u0131nda fenala\u015farak hastaneye kald\u0131r\u0131lan Ayan t\u00fcm m\u00fcdahalelere ra\u011fmen kurtar\u0131lamad\u0131.<\/p>\n<p>Oyunda \u2018\u015eeref Pa\u015fa\u2019y\u0131 canland\u0131ran tecr\u00fcbeli tiyatrocu Halil Ayan, oyunun ilerleyen dakikalar\u0131nda sahnede fenala\u015farak seyircilerin \u015fa\u015fk\u0131n bak\u0131\u015flar\u0131 aras\u0131nda yere y\u0131\u011f\u0131ld\u0131.<\/p>\n<p>Arkada\u015flar\u0131 taraf\u0131ndan \u00e7a\u011f\u0131r\u0131lan ambulansla Numune E\u011fitim ve Ara\u015ft\u0131rma Hastanesi&#8217;ne kald\u0131r\u0131lan Halil Ayan, kalbindeki sorun nedeniyle Ahi Evren Kalp Hastanesi&#8217;ne sevk edildi. Anjiyo i\u00e7in haz\u0131rl\u0131k yapan doktorlar ba\u015far\u0131l\u0131 tiyatrocunun ci\u011ferlerinde sorun bulundu\u011funu belirleyince Ayan, Karadeniz Teknik \u00dcniversitesi T\u0131p Fak\u00fcltesi Farabi Hastanesi&#8217;ne kald\u0131r\u0131larak Yo\u011fun Bak\u0131m Servisi&#8217;nde tedavi alt\u0131na al\u0131nd\u0131 ancak t\u00fcm m\u00fcdahalelere ra\u011fmen kurtar\u0131lamad\u0131. \u0130lk belirlemelere g\u00f6re Halil Ayan&#8217;\u0131n solunum yetmezli\u011fi ve kalp krizi sonucu hayat\u0131n\u0131 kaybetti\u011fini a\u00e7\u0131kland\u0131.<\/p>\n","protected":false},"excerpt":{"rendered":"<p>Trabzon Devlet Tiyatrosu sanat\u00e7\u0131s\u0131 Halil Ayan (42), d\u00fcn ak\u015fam \u2018\u0130stibdat Kumpanyas\u0131\u2019 adl\u0131 oyun s\u0131ras\u0131nda sahnede kalp krizi ge\u00e7irerek hayat\u0131n\u0131 kaybetti.<\/p>\n","protected":false},"author":4,"featured_media":193501,"comment_status":"open","ping_status":"open","sticky":false,"template":"","format":"standard","meta":{"_acf_changed":false,"footnotes":""},"categories":[5005,6670,6805],"tags":[1688,1011,2697,10697,10691,3037],"class_list":["post-10313","post","type-post","status-publish","format-standard","has-post-thumbnail","hentry","category-manset","category-sanat","category-turkiye","tag-ankara","tag-istanbul","tag-karadeniz","tag-karadeniz-teknik-universitesi","tag-tiyatro","tag-trabzon"],"acf":[],"_links":{"self":[{"href":"https:\/\/www.nationalturk.com\/tr\/wp-json\/wp\/v2\/posts\/10313","targetHints":{"allow":["GET"]}}],"collection":[{"href":"https:\/\/www.nationalturk.com\/tr\/wp-json\/wp\/v2\/posts"}],"about":[{"href":"https:\/\/www.nationalturk.com\/tr\/wp-json\/wp\/v2\/types\/post"}],"author":[{"embeddable":true,"href":"https:\/\/www.nationalturk.com\/tr\/wp-json\/wp\/v2\/users\/4"}],"replies":[{"embeddable":true,"href":"https:\/\/www.nationalturk.com\/tr\/wp-json\/wp\/v2\/comments?post=10313"}],"version-history":[{"count":0,"href":"https:\/\/www.nationalturk.com\/tr\/wp-json\/wp\/v2\/posts\/10313\/revisions"}],"wp:featuredmedia":[{"embeddable":true,"href":"https:\/\/www.nationalturk.com\/tr\/wp-json\/wp\/v2\/media\/193501"}],"wp:attachment":[{"href":"https:\/\/www.nationalturk.com\/tr\/wp-json\/wp\/v2\/media?parent=10313"}],"wp:term":[{"taxonomy":"category","embeddable":true,"href":"https:\/\/www.nationalturk.com\/tr\/wp-json\/wp\/v2\/categories?post=10313"},{"taxonomy":"post_tag","embeddable":true,"href":"https:\/\/www.nationalturk.com\/tr\/wp-json\/wp\/v2\/tags?post=10313"}],"curies":[{"name":"wp","href":"https:\/\/api.w.org\/{rel}","templated":true}]}}