{"id":10319,"date":"2009-12-07T11:17:14","date_gmt":"2009-12-07T08:17:14","guid":{"rendered":"http:\/\/www.nationalturk.com\/?p=10319"},"modified":"2023-08-06T12:42:57","modified_gmt":"2023-08-06T09:42:57","slug":"tugce-anlas-yuruyus","status":"publish","type":"post","link":"https:\/\/www.nationalturk.com\/tr\/tugce-anlas-yuruyus\/","title":{"rendered":"Tu\u011f\u00e7e Anla\u015f i\u00e7in y\u00fcr\u00fcd\u00fcler"},"content":{"rendered":"<p><strong><img loading=\"lazy\" decoding=\"async\" class=\"alignleft size-full wp-image-10320\" title=\"Tu\u011f\u00e7e Anla\u015f Y\u00fcr\u00fcy\u00fc\u015f\" src=\"http:\/\/www.nationalturk.com\/tr\/wp-content\/uploads\/2009\/12\/tugce_anlas_yuruyus.jpg\" alt=\"Tu\u011f\u00e7e Anla\u015f Y\u00fcr\u00fcy\u00fc\u015f\" width=\"200\" height=\"219\" \/>Adana&#8217;da eski sevgilisi Malik En taraf\u0131ndan bo\u011faz\u0131 kesilerek \u00f6ld\u00fcr\u00fclen 20 ya\u015f\u0131ndaki Tu\u011f\u00e7e Anla\u015f&#8217;\u0131n ailesi ve yak\u0131nlar\u0131 &#8220;Ba\u015fka Tu\u011f\u00e7eler \u00f6lmesin&#8221; y\u00fcr\u00fcy\u00fc\u015f\u00fc yapt\u0131.<\/strong><\/p>\n<p>Yakla\u015f\u0131k 500 ki\u015filik grup ellerinde &#8220;Can\u0131m\u0131zdan can isteyin, \u00f6mr\u00fcm\u00fczden \u00f6m\u00fcr isteyin ama cinayet i\u015flemeyin&#8221;, &#8220;Adalet bu \u00fclkenin neresinde?&#8221;, &#8220;Gen\u00e7li\u011fimizi ya\u015famadan \u00f6l\u00fcyoruz&#8221;, &#8220;Tu\u011f\u00e7e tokat yedi, adalet katile yumruk atacak m\u0131?&#8221; yaz\u0131l\u0131 pankartlar ta\u015f\u0131y\u0131p &#8220;Tu\u011f\u00e7e \u00f6lmedin, kalbimizde ya\u015f\u0131yorsun&#8221; sloganlar\u0131 att\u0131.<\/p>\n<p>Akkap\u0131 mezarl\u0131\u011f\u0131nda sona eren y\u00fcr\u00fcy\u00fc\u015f\u00fcn ard\u0131ndan kabir ba\u015f\u0131nda anne ve baba fenal\u0131k ge\u00e7irerek feryat etti.<\/p>\n<p>Aile ad\u0131na a\u00e7\u0131klama yapan Tu\u011f\u00e7e&#8217;nin kuzeni Ayg\u00fcl Haskaya da seslerini milyonlara duyurmak i\u00e7in topland\u0131klar\u0131n\u0131 belirterek, \u015funlar\u0131 s\u00f6yledi: &#8220;Sesimiz ula\u015fs\u0131n ki ba\u015fka Tu\u011f\u00e7eler, M\u00fcnevverler hayat\u0131n\u0131n bahar\u0131ndayken 17 ya\u015f\u0131ndaki canilerin k\u00f6r b\u0131\u00e7a\u011f\u0131yla hayata veda etmesin. 17 ya\u015f\u0131ndayken i\u015flenen cinayetlerin de yapt\u0131r\u0131m\u0131 a\u011f\u0131r olmal\u0131. Tu\u011f\u00e7e&#8217;nin katil zanl\u0131s\u0131 M.E. ve M\u00fcnevver Karabulut&#8217;un katil zanl\u0131s\u0131 Cem Garipo\u011flu, az bir cezayla kurtulurlarsa k\u0131sa s\u00fcre sonra toplumun i\u00e7ine kar\u0131\u015facak, yapt\u0131klar\u0131 yanlar\u0131na kar kalacakt\u0131r!&#8217;<\/p>\n","protected":false},"excerpt":{"rendered":"<p>Adana&#8217;da eski sevgilisi Malik En taraf\u0131ndan bo\u011faz\u0131 kesilerek \u00f6ld\u00fcr\u00fclen 20 ya\u015f\u0131ndaki Tu\u011f\u00e7e Anla\u015f&#8217;\u0131n ailesi ve yak\u0131nlar\u0131 &#8220;Ba\u015fka Tu\u011f\u00e7eler \u00f6lmesin&#8221; y\u00fcr\u00fcy\u00fc\u015f\u00fc yapt\u0131.<\/p>\n","protected":false},"author":4,"featured_media":10320,"comment_status":"open","ping_status":"open","sticky":false,"template":"","format":"standard","meta":{"_acf_changed":false,"footnotes":""},"categories":[221263,5005,6805,6662],"tags":[2933,5151,5155,5156,10152,10153],"class_list":["post-10319","post","type-post","status-publish","format-standard","has-post-thumbnail","hentry","category-cem-garipoglu-davasi","category-manset","category-turkiye","category-yasam","tag-adana","tag-cem-garipoglu","tag-munevver-karabulut","tag-munevver-karabulut-cinayeti","tag-tugce-anlas","tag-tugce-anlas-cinayeti"],"acf":[],"_links":{"self":[{"href":"https:\/\/www.nationalturk.com\/tr\/wp-json\/wp\/v2\/posts\/10319","targetHints":{"allow":["GET"]}}],"collection":[{"href":"https:\/\/www.nationalturk.com\/tr\/wp-json\/wp\/v2\/posts"}],"about":[{"href":"https:\/\/www.nationalturk.com\/tr\/wp-json\/wp\/v2\/types\/post"}],"author":[{"embeddable":true,"href":"https:\/\/www.nationalturk.com\/tr\/wp-json\/wp\/v2\/users\/4"}],"replies":[{"embeddable":true,"href":"https:\/\/www.nationalturk.com\/tr\/wp-json\/wp\/v2\/comments?post=10319"}],"version-history":[{"count":0,"href":"https:\/\/www.nationalturk.com\/tr\/wp-json\/wp\/v2\/posts\/10319\/revisions"}],"wp:featuredmedia":[{"embeddable":true,"href":"https:\/\/www.nationalturk.com\/tr\/wp-json\/wp\/v2\/media\/10320"}],"wp:attachment":[{"href":"https:\/\/www.nationalturk.com\/tr\/wp-json\/wp\/v2\/media?parent=10319"}],"wp:term":[{"taxonomy":"category","embeddable":true,"href":"https:\/\/www.nationalturk.com\/tr\/wp-json\/wp\/v2\/categories?post=10319"},{"taxonomy":"post_tag","embeddable":true,"href":"https:\/\/www.nationalturk.com\/tr\/wp-json\/wp\/v2\/tags?post=10319"}],"curies":[{"name":"wp","href":"https:\/\/api.w.org\/{rel}","templated":true}]}}