{"id":103342,"date":"2012-04-02T10:22:01","date_gmt":"2012-04-02T07:22:01","guid":{"rendered":"http:\/\/www.nationalturk.com\/?p=103342"},"modified":"2012-04-02T10:22:01","modified_gmt":"2012-04-02T07:22:01","slug":"ekrem-bora-hayatini-kaybetti-2479","status":"publish","type":"post","link":"https:\/\/www.nationalturk.com\/tr\/ekrem-bora-hayatini-kaybetti-2479\/","title":{"rendered":"Ekrem Bora hayat\u0131n\u0131 kaybetti"},"content":{"rendered":"<h2><a href=\"http:\/\/www.nationalturk.com\/tr\/wp-content\/uploads\/2012\/04\/ekrem-bora-hayatini-kaybetti.jpg\"><img loading=\"lazy\" decoding=\"async\" class=\"alignleft size-medium wp-image-103347\" title=\"Ekrem Bora hayat\u0131n\u0131 kaybetti\" src=\"http:\/\/www.nationalturk.com\/tr\/wp-content\/uploads\/2012\/04\/ekrem-bora-hayatini-kaybetti-280x186.jpg\" alt=\"\" width=\"280\" height=\"186\" srcset=\"https:\/\/www.nationalturk.com\/tr\/wp-content\/uploads\/2012\/04\/ekrem-bora-hayatini-kaybetti-280x186.jpg 280w, https:\/\/www.nationalturk.com\/tr\/wp-content\/uploads\/2012\/04\/ekrem-bora-hayatini-kaybetti.jpg 520w\" sizes=\"auto, (max-width: 280px) 100vw, 280px\" \/><\/a>Sinema sanat\u00e7\u0131s\u0131 Ekrem Bora, hayat\u0131n\u0131 kaybetti.<\/h2>\n<p>D\u00fcn tedavi g\u00f6rd\u00fc\u011f\u00fc hastanede hayata veda eden 78 ya\u015f\u0131ndaki Ekrem Bora ba\u015fta yak\u0131nlar\u0131 olmak \u00fczere sanat\u00e7\u0131 dostlar\u0131 ve hayranlar\u0131n\u0131 yasa bo\u011fdu.<\/p>\n<p>Usta oyuncu, ilerleyen ya\u015f\u0131na ra\u011fmen setlerden kopmam\u0131\u015ft\u0131.<\/p>\n<p>Ye\u015fil\u00e7am&#8217;\u0131n \u00e7\u0131nar\u0131 Ekrem Bora, 30 Mart\u2019ta yatt\u0131\u011f\u0131 Kad\u0131k\u00f6y\u2019deki Florence Nightingale Hastanesi\u2019nde ya\u015fam\u0131n\u0131 yitirdi. Hastaneden yap\u0131lan yaz\u0131l\u0131 a\u00e7\u0131klamada, 78 ya\u015f\u0131ndaki usta oyuncuya \u201cakci\u011fer \u00f6demi\u201d te\u015fhisi kondu\u011fu, yo\u011fun bak\u0131mda tedavi alt\u0131na al\u0131nd\u0131\u011f\u0131 ancak yap\u0131lan t\u00fcm m\u00fcdahalelere ra\u011fmen saat 13.45\u2019te \u00f6ld\u00fc\u011f\u00fc belirtildi.<\/p>\n<p>Mart ay\u0131n\u0131n ba\u015f\u0131nda kalp yetmezli\u011fi nedeniyle hastaneye kald\u0131r\u0131lan ve tedavisinin ard\u0131ndan taburcu edilen Ekrem Bora, ge\u00e7en y\u0131l da enfarkt\u00fcs ge\u00e7irip zat\u00fcrre olmu\u015ftu.<\/p>\n<!-- Error, Advert is not available at this time due to schedule\/geolocation restrictions! -->\n","protected":false},"excerpt":{"rendered":"<p>Sinema sanat\u00e7\u0131s\u0131 Ekrem Bora, hayat\u0131n\u0131 kaybetti.<\/p>\n","protected":false},"author":3,"featured_media":184644,"comment_status":"open","ping_status":"open","sticky":false,"template":"","format":"standard","meta":{"_acf_changed":false,"footnotes":""},"categories":[6155,6221,6232,5005,6670,6672],"tags":[6014,96931,96932],"class_list":["post-103342","post","type-post","status-publish","format-standard","has-post-thumbnail","hentry","category-gundem","category-kultur","category-magazin","category-manset","category-sanat","category-sinema","tag-ekrem-bora","tag-ekrem-bora-hayatini-kaybetti","tag-ekrem-bora-oldu"],"acf":[],"_links":{"self":[{"href":"https:\/\/www.nationalturk.com\/tr\/wp-json\/wp\/v2\/posts\/103342","targetHints":{"allow":["GET"]}}],"collection":[{"href":"https:\/\/www.nationalturk.com\/tr\/wp-json\/wp\/v2\/posts"}],"about":[{"href":"https:\/\/www.nationalturk.com\/tr\/wp-json\/wp\/v2\/types\/post"}],"author":[{"embeddable":true,"href":"https:\/\/www.nationalturk.com\/tr\/wp-json\/wp\/v2\/users\/3"}],"replies":[{"embeddable":true,"href":"https:\/\/www.nationalturk.com\/tr\/wp-json\/wp\/v2\/comments?post=103342"}],"version-history":[{"count":0,"href":"https:\/\/www.nationalturk.com\/tr\/wp-json\/wp\/v2\/posts\/103342\/revisions"}],"wp:featuredmedia":[{"embeddable":true,"href":"https:\/\/www.nationalturk.com\/tr\/wp-json\/wp\/v2\/media\/184644"}],"wp:attachment":[{"href":"https:\/\/www.nationalturk.com\/tr\/wp-json\/wp\/v2\/media?parent=103342"}],"wp:term":[{"taxonomy":"category","embeddable":true,"href":"https:\/\/www.nationalturk.com\/tr\/wp-json\/wp\/v2\/categories?post=103342"},{"taxonomy":"post_tag","embeddable":true,"href":"https:\/\/www.nationalturk.com\/tr\/wp-json\/wp\/v2\/tags?post=103342"}],"curies":[{"name":"wp","href":"https:\/\/api.w.org\/{rel}","templated":true}]}}