{"id":103397,"date":"2012-04-02T14:57:08","date_gmt":"2012-04-02T11:57:08","guid":{"rendered":"http:\/\/www.nationalturk.com\/?p=103397"},"modified":"2012-04-02T14:57:08","modified_gmt":"2012-04-02T11:57:08","slug":"damla-orhan-ygs-kalp-krizi-103397","status":"publish","type":"post","link":"https:\/\/www.nationalturk.com\/tr\/damla-orhan-ygs-kalp-krizi-103397\/","title":{"rendered":"Damla Orhan &#8216;\u0131n arkada\u015flar\u0131na psikolojik destek \/ YGS \u00f6ncesi kalp krizi \u015foku!"},"content":{"rendered":"<h1><img loading=\"lazy\" decoding=\"async\" class=\"alignnone size-full wp-image-103354\" title=\"Damla Orhan&#039;\u0131n naa\u015f\u0131\" src=\"http:\/\/www.nationalturk.com\/tr\/wp-content\/uploads\/2012\/04\/damla_orhan.jpg\" alt=\"\" width=\"610\" height=\"382\"><\/h1>\n<h1>Damla Orhan &#8216;\u0131n arkada\u015flar\u0131na psikolojik destek \/ YGS \u00f6ncesi kalp krizi \u015foku!..\u00a0\u00a0Samsun\u2019da YGS&#8217;ye girece\u011fi sabah kalp krizi ge\u00e7iren Damla Orhan adl\u0131 gen\u00e7 k\u0131z ya\u015fam\u0131n\u0131 yitirdi. Damla Orhan &#8216;\u0131n s\u0131n\u0131f arkada\u015flar\u0131na psikolojik destek verilecek.<\/h1>\n<p>Ondokuz May\u0131s Lisesi son s\u0131n\u0131f \u00f6\u011frencisi olan Damla Orhan, sabah saatlerinde evinde aniden rahats\u0131zland\u0131. Ambulansla Gazi Devlet Hastanesi\u2019ne kald\u0131r\u0131lan Orhan&#8217;\u0131n, kalp krizi ge\u00e7irdi\u011fi belirlendi. Damla Orhan hastanede yap\u0131lan t\u00fcm m\u00fcdahalelere ra\u011fmen kurtar\u0131lamad\u0131.<\/p>\n<h2>Damla Orhan topra\u011fa verildi<\/h2>\n<p>Damla Orhan, tabutuna \u00f6rt\u00fclen beyaz gelinlikle g\u00f6zya\u015flar\u0131 aras\u0131nda son yolculu\u011funa u\u011furland\u0131.\u00a0Merkez \u0130lkad\u0131m \u0130l\u00e7esi Bah\u00e7eli Evler Mahallesi&#8217;nde oturan Ayhan ve Ayla Orhan \u00e7iftinin k\u0131z\u0131 18 ya\u015f\u0131ndaki Damla Orhan, YGS&#8217;ye Ticaret Meslek Lisesi&#8217;nde girmeye haz\u0131rlan\u0131yordu. 19 May\u0131s Lisesi T\u00fcrk\u00e7e-Matematik B\u00f6l\u00fcm\u00fc 4\u2019\u00fcnc\u00fc s\u0131n\u0131f \u00f6\u011frencisi Orhan bug\u00fcn girece\u011fi s\u0131nav nedeniyle sabah saat 05.00\u2019de annesini uyand\u0131rd\u0131. Annesi ile birlikte sabah namaz\u0131 k\u0131lan gen\u00e7 k\u0131z, daha sonra kahvalt\u0131 haz\u0131rlanana kadar odas\u0131na gidip yata\u011f\u0131na uzand\u0131. Bu s\u0131rada fenala\u015fan gen\u00e7 k\u0131z, ailesinin \u00e7a\u011f\u0131rd\u0131\u011f\u0131 ambulansla \u00f6zel bir hastanenin acil servisine kald\u0131rd\u0131. Kalp krizi ge\u00e7irdi\u011fi \u015f\u00fcphesiyle burada m\u00fcdahale yap\u0131lan Orhan t\u00fcm \u00e7abalara ra\u011fmen kurtar\u0131lamad\u0131. Ailesi ve s\u0131n\u0131f arkada\u015flar\u0131 gen\u00e7 k\u0131z\u0131n vefat haberiyle \u015foka girdi. Damla Orhan\u2019\u0131n naa\u015f\u0131 evinin \u00f6n\u00fcne getirildi. Tabutunun \u00fczerine beyaz gelinlik \u00f6rt\u00fclen Damla Orhan i\u00e7in burada dualar yap\u0131larak helallik istendi.<\/p>\n<p>Damla Orhan&#8217;\u0131n tabutu ba\u015f\u0131nda g\u00f6zya\u015flar\u0131na bo\u011fulan annesi ve s\u0131n\u0131f arkada\u015flar\u0131n\u0131 yak\u0131nlar\u0131 teselli etmeye \u00e7al\u0131\u015ft\u0131. Yap\u0131lan dualar\u0131n ard\u0131ndan Orhan\u2019\u0131n naa\u015f\u0131 Atakum il\u00e7esine ba\u011fl\u0131 Yukar\u0131aksu k\u00f6y\u00fcnde ikindi namaz\u0131na m\u00fcteakip k\u0131l\u0131nacak olan cenaze namaz\u0131n\u0131n ard\u0131ndan topra\u011fa verilmek \u00fczere yola \u00e7\u0131kt\u0131.<\/p>\n<p>S\u0131nava dershaneye giderek haz\u0131rlanan Damla Orhan\u2019\u0131n eni\u015ftesi Davut \u00c7atalsakal, \u201cS\u0131nav y\u00fck\u00fc ona a\u011f\u0131r geldi. Kald\u0131ramad\u0131\u201d dedi.<\/p>\n<h3>Damla Orhan &#8216;\u0131n arkada\u015flar\u0131na psikolojik destek<\/h3>\n<p>Damla Orhan\u2019\u0131n okudu\u011fu 19 May\u0131s Lisesi\u2019nde bug\u00fcn arkada\u015flar\u0131 yas tuttu. Damla Orhan \u2019\u0131n arkada\u015flar\u0131 12 T\u00fcrk\u00e7e-Matematik D s\u0131n\u0131f\u0131nda oturdu\u011fu s\u0131ras\u0131na foto\u011fraf\u0131n\u0131 koyup \u00e7i\u00e7ekler b\u0131rakt\u0131. Okuldaki rehber \u00f6\u011fretmenler 25 ki\u015filik s\u0131n\u0131ftaki \u00f6\u011frencilerle g\u00f6r\u00fc\u015ft\u00fc. Okul y\u00f6netiminin iste\u011fi \u00fczerine Rehberlik Ara\u015ft\u0131rma Merkezi\u2019nde bulunan Acil Kriz ekibinin yar\u0131n okula gelece\u011fi ve \u00f6\u011frencilere psikolojik destek verilece\u011fi belirtildi. Gazi Devlet Hastanesi\u2019nde yap\u0131lan otopside al\u0131nan numunelerin \u0130stanbul Adli T\u0131p Kurumu\u2019na g\u00f6nderildi\u011fi yap\u0131lacak incelemenin ard\u0131ndan Damla Orhan\u2019\u0131n kesin \u00f6l\u00fcm nedeni belirlenecek.<\/p>\n<h4>Damla Orhan i\u00e7in y\u00fcr\u00fcy\u00fc\u015f<\/h4>\n<p>\u00d6te yandan 19 May\u0131s Lisesi \u00f6\u011frencisi yakla\u015f\u0131k 40 ki\u015filik \u00f6\u011frenci grubu YGS\u2019yi protesto etmek i\u00e7in eylem yapt\u0131. &#8216;Yeter art\u0131k yeter. \u00d6SYM\u2019ye kurban olmayaca\u011f\u0131z&#8217; yaz\u0131l\u0131 pankart a\u00e7an \u00f6\u011frenciler 19 May\u0131s Lisesi \u00f6n\u00fcnde topland\u0131ktan sonra Gazi caddesi\u2019nden Mecidiye Caddesi\u2019ne kadar y\u00fcr\u00fcy\u00fc\u015f yapt\u0131.<\/p>\n<p>Mecidiye Caddesi&#8217;nde y\u00fcr\u00fcy\u00fc\u015fe son veren \u00f6\u011frenciler ad\u0131na 19 May\u0131s Lisesi T\u00fcrk\u00e7e-Matematik B\u00f6l\u00fcm\u00fc 4\u2019\u00fcnc\u00fc s\u0131n\u0131f \u00f6\u011frencisi S\u00fcha Erkul bas\u0131n a\u00e7\u0131klamas\u0131 yapt\u0131. Damla Orhan\u2019\u0131n kalbinin \u00e7\u00fcr\u00fcm\u00fc\u015f e\u011fitim sisteminin, rekabet\u00e7i, katil s\u0131navlar\u0131n yaratt\u0131\u011f\u0131 sisteme dayanamad\u0131\u011f\u0131n\u0131 s\u00f6yleyen Erkul, &#8220;Her y\u0131l YGS\u2019ye can veriyoruz, bu e\u011fitim sistemi her y\u0131l hayat\u0131m\u0131z\u0131 bizden \u00e7almaya devam ediyor ama art\u0131k yeter. Art\u0131k dayanam\u0131yoruz. Daha ka\u00e7 gen\u00e7 y\u00fcrek yumacak g\u00f6zlerini ya\u015fam\u0131n bahar\u0131nda? Daha ka\u00e7 can verece\u011fiz bu koku\u015fmu\u015f sisteme?&#8221; dedi.<\/p>\n<!-- Error, Advert is not available at this time due to schedule\/geolocation restrictions! -->\n<p>&nbsp;<\/p>\n","protected":false},"excerpt":{"rendered":"<p>Damla Orhan &#8216;\u0131n arkada\u015flar\u0131na psikolojik destek \/ YGS \u00f6ncesi kalp krizi \u015foku!..  Samsun\u2019da YGS&#8217;ye girece\u011fi sabah kalp krizi ge\u00e7iren Damla Orhan adl\u0131 gen\u00e7 k\u0131z ya\u015fam\u0131n\u0131 yitirdi. Damla Orhan &#8216;\u0131n s\u0131n\u0131f arkada\u015flar\u0131na psikolojik destek verilecek.<\/p>\n","protected":false},"author":4,"featured_media":103354,"comment_status":"open","ping_status":"open","sticky":false,"template":"","format":"standard","meta":{"_acf_changed":false,"footnotes":""},"categories":[1],"tags":[96936,96937,96938,3728,47192,23112],"class_list":["post-103397","post","type-post","status-publish","format-standard","has-post-thumbnail","hentry","category-nationalturk","tag-damla-orhan","tag-damla-orhan-kalp-krizi","tag-ilkadim","tag-samsun","tag-samsun-ilkadim","tag-ygs"],"acf":[],"_links":{"self":[{"href":"https:\/\/www.nationalturk.com\/tr\/wp-json\/wp\/v2\/posts\/103397","targetHints":{"allow":["GET"]}}],"collection":[{"href":"https:\/\/www.nationalturk.com\/tr\/wp-json\/wp\/v2\/posts"}],"about":[{"href":"https:\/\/www.nationalturk.com\/tr\/wp-json\/wp\/v2\/types\/post"}],"author":[{"embeddable":true,"href":"https:\/\/www.nationalturk.com\/tr\/wp-json\/wp\/v2\/users\/4"}],"replies":[{"embeddable":true,"href":"https:\/\/www.nationalturk.com\/tr\/wp-json\/wp\/v2\/comments?post=103397"}],"version-history":[{"count":0,"href":"https:\/\/www.nationalturk.com\/tr\/wp-json\/wp\/v2\/posts\/103397\/revisions"}],"wp:featuredmedia":[{"embeddable":true,"href":"https:\/\/www.nationalturk.com\/tr\/wp-json\/wp\/v2\/media\/103354"}],"wp:attachment":[{"href":"https:\/\/www.nationalturk.com\/tr\/wp-json\/wp\/v2\/media?parent=103397"}],"wp:term":[{"taxonomy":"category","embeddable":true,"href":"https:\/\/www.nationalturk.com\/tr\/wp-json\/wp\/v2\/categories?post=103397"},{"taxonomy":"post_tag","embeddable":true,"href":"https:\/\/www.nationalturk.com\/tr\/wp-json\/wp\/v2\/tags?post=103397"}],"curies":[{"name":"wp","href":"https:\/\/api.w.org\/{rel}","templated":true}]}}