{"id":103557,"date":"2012-04-04T10:00:15","date_gmt":"2012-04-04T07:00:15","guid":{"rendered":"http:\/\/www.nationalturk.com\/?p=103557"},"modified":"2012-04-04T10:01:00","modified_gmt":"2012-04-04T07:01:00","slug":"facebook-yahoo-patent-davasi-acti-527","status":"publish","type":"post","link":"https:\/\/www.nationalturk.com\/tr\/facebook-yahoo-patent-davasi-acti-527\/","title":{"rendered":"Facebook, Yahoo&#8217;ya patent davas\u0131 a\u00e7t\u0131"},"content":{"rendered":"<h2><a href=\"http:\/\/www.nationalturk.com\/tr\/wp-content\/uploads\/2012\/04\/facebook-yahoo-dava.jpg\"><img loading=\"lazy\" decoding=\"async\" class=\"alignleft size-medium wp-image-103558\" title=\"Facebook, Yahoo&#039;ya patent davas\u0131 a\u00e7t\u0131\" src=\"http:\/\/www.nationalturk.com\/tr\/wp-content\/uploads\/2012\/04\/facebook-yahoo-dava-280x186.jpg\" alt=\"\" width=\"280\" height=\"186\" srcset=\"https:\/\/www.nationalturk.com\/tr\/wp-content\/uploads\/2012\/04\/facebook-yahoo-dava-280x186.jpg 280w, https:\/\/www.nationalturk.com\/tr\/wp-content\/uploads\/2012\/04\/facebook-yahoo-dava.jpg 600w\" sizes=\"auto, (max-width: 280px) 100vw, 280px\" \/><\/a>Sosyal payla\u015f\u0131m sitesi Facebook, kendisini dava eden Yahoo&#8217;ya kar\u015f\u0131 patent davas\u0131 a\u00e7t\u0131.<\/h2>\n<p>Facebook, Yahoo&#8217;yu foto\u011fraf etiketleme, reklam gibi patentlerinden 10&#8217;unu ihlal etmekle su\u00e7lad\u0131.<\/p>\n<p>Sosyal payla\u015f\u0131m sitesi, Yahoo&#8217;nun patent ihlalinin Facebook&#8217;a &#8221;telafi edilemez oranda zarar verdi\u011fini&#8221; ileri s\u00fcrd\u00fc.<\/p>\n<p>Mart ay\u0131nda Facebook&#8217;un reklam, gizlilik denetimi ve sosyal a\u011flarla ilgili patentlerinden 10&#8217;unu ihlal etti\u011fini \u00f6ne s\u00fcrerek dava a\u00e7an Yahoo, Facebook&#8217;un iddialar\u0131n\u0131n temelsiz oldu\u011funu iddia etti.<\/p>\n<p>Facebook&#8217;un 750, Yahoo&#8217;nun ise binden fazla patenti bulunuyor.<\/p>\n<p>Merkezi California&#8217;da bulunan Facebook, San Francisco&#8217;daki federal mahkemede a\u00e7t\u0131\u011f\u0131 davada Yahoo&#8217;nun a\u00e7t\u0131\u011f\u0131 davan\u0131n reddedilmesini ve zarar\u0131n\u0131n tazmin edilmesini talep etti.<\/p>\n<!-- Error, Advert is not available at this time due to schedule\/geolocation restrictions! -->\n","protected":false},"excerpt":{"rendered":"<p>Sosyal payla\u015f\u0131m sitesi Facebook, kendisini dava eden Yahoo&#8217;ya kar\u015f\u0131 patent davas\u0131 a\u00e7t\u0131.<\/p>\n","protected":false},"author":3,"featured_media":184608,"comment_status":"open","ping_status":"open","sticky":false,"template":"","format":"standard","meta":{"_acf_changed":false,"footnotes":""},"categories":[6768,6665,6155,5005,6224],"tags":[4905,62299,58426],"class_list":["post-103557","post","type-post","status-publish","format-standard","has-post-thumbnail","hentry","category-amerika","category-dunya","category-gundem","category-manset","category-teknoloji","tag-facebook","tag-sosyal-paylasim-siteleri","tag-yahoo"],"acf":[],"_links":{"self":[{"href":"https:\/\/www.nationalturk.com\/tr\/wp-json\/wp\/v2\/posts\/103557","targetHints":{"allow":["GET"]}}],"collection":[{"href":"https:\/\/www.nationalturk.com\/tr\/wp-json\/wp\/v2\/posts"}],"about":[{"href":"https:\/\/www.nationalturk.com\/tr\/wp-json\/wp\/v2\/types\/post"}],"author":[{"embeddable":true,"href":"https:\/\/www.nationalturk.com\/tr\/wp-json\/wp\/v2\/users\/3"}],"replies":[{"embeddable":true,"href":"https:\/\/www.nationalturk.com\/tr\/wp-json\/wp\/v2\/comments?post=103557"}],"version-history":[{"count":0,"href":"https:\/\/www.nationalturk.com\/tr\/wp-json\/wp\/v2\/posts\/103557\/revisions"}],"wp:featuredmedia":[{"embeddable":true,"href":"https:\/\/www.nationalturk.com\/tr\/wp-json\/wp\/v2\/media\/184608"}],"wp:attachment":[{"href":"https:\/\/www.nationalturk.com\/tr\/wp-json\/wp\/v2\/media?parent=103557"}],"wp:term":[{"taxonomy":"category","embeddable":true,"href":"https:\/\/www.nationalturk.com\/tr\/wp-json\/wp\/v2\/categories?post=103557"},{"taxonomy":"post_tag","embeddable":true,"href":"https:\/\/www.nationalturk.com\/tr\/wp-json\/wp\/v2\/tags?post=103557"}],"curies":[{"name":"wp","href":"https:\/\/api.w.org\/{rel}","templated":true}]}}