{"id":103607,"date":"2012-04-04T13:49:56","date_gmt":"2012-04-04T10:49:56","guid":{"rendered":"http:\/\/www.nationalturk.com\/?p=103607"},"modified":"2012-04-04T13:50:32","modified_gmt":"2012-04-04T10:50:32","slug":"semdinlide-catisma-ustegmen-sehit-103607","status":"publish","type":"post","link":"https:\/\/www.nationalturk.com\/tr\/semdinlide-catisma-ustegmen-sehit-103607\/","title":{"rendered":"\u015eemdinli&#8217;de \u00e7at\u0131\u015fma: \u00dcste\u011fmen \u015fehit"},"content":{"rendered":"<h1><img loading=\"lazy\" decoding=\"async\" class=\"alignleft size-medium wp-image-103609\" title=\"\" src=\"http:\/\/www.nationalturk.com\/tr\/wp-content\/uploads\/2012\/04\/son-dakika-dikey2-206x220.jpg\" alt=\"\" width=\"206\" height=\"220\" srcset=\"https:\/\/www.nationalturk.com\/tr\/wp-content\/uploads\/2012\/04\/son-dakika-dikey2-206x220.jpg 206w, https:\/\/www.nationalturk.com\/tr\/wp-content\/uploads\/2012\/04\/son-dakika-dikey2.jpg 300w\" sizes=\"auto, (max-width: 206px) 100vw, 206px\" \/>\u015eemdinli&#8217;de \u00e7at\u0131\u015fma: \u00dcste\u011fmen \u015fehit&#8230; Hakkari&#8217;nin \u015eemdinli il\u00e7esi k\u0131rsal\u0131nda PKK&#8217;l\u0131 ter\u00f6ristlerle g\u00fcvenlik g\u00fc\u00e7leri aras\u0131nda \u00e7at\u0131\u015fma \u00e7\u0131kt\u0131.<\/h1>\n<p>Al\u0131nan bilgilere g\u00f6re Hakkari&#8217;nin \u015eemdinli il\u00e7esine ba\u011fl\u0131 Derecik beldesinde g\u00fcvenlik g\u00fc\u00e7leriyle PKK&#8217;l\u0131 ter\u00f6ristler aras\u0131nda \u00e7\u0131kan \u00e7at\u0131\u015fmada bir \u00fcste\u011fmen \u015fehit oldu, bir uzman \u00e7avu\u015f yaraland\u0131.\u00a0B\u00f6lgeye takviye birlikler sevk edilirken, ter\u00f6ristleri etkisiz hale getirmek i\u00e7in s\u0131n\u0131r boyunda hava destekli geni\u015f operasyon ba\u015flat\u0131ld\u0131.<\/p>\n<p>&nbsp;<\/p>\n<!-- Error, Advert is not available at this time due to schedule\/geolocation restrictions! -->\n","protected":false},"excerpt":{"rendered":"<p>\u015eemdinli&#8217;de \u00e7at\u0131\u015fma: \u00dcste\u011fmen \u015fehit&#8230; Hakkari&#8217;nin \u015eemdinli il\u00e7esi k\u0131rsal\u0131nda PKK&#8217;l\u0131 ter\u00f6ristlerle g\u00fcvenlik g\u00fc\u00e7leri aras\u0131nda \u00e7at\u0131\u015fma \u00e7\u0131kt\u0131.<\/p>\n","protected":false},"author":4,"featured_media":184597,"comment_status":"open","ping_status":"open","sticky":false,"template":"","format":"standard","meta":{"_acf_changed":false,"footnotes":""},"categories":[6155,349,6805],"tags":[78921,97134,11020,36347,31363,11024,31364,76931],"class_list":["post-103607","post","type-post","status-publish","format-standard","has-post-thumbnail","hentry","category-gundem","category-son-dakika","category-turkiye","tag-1-sehit","tag-derecik","tag-hakkari","tag-hakkari-catisma","tag-hakkari-semdinli","tag-semdinli","tag-semdinli-1-sehit","tag-semdinli-catisma"],"acf":[],"_links":{"self":[{"href":"https:\/\/www.nationalturk.com\/tr\/wp-json\/wp\/v2\/posts\/103607","targetHints":{"allow":["GET"]}}],"collection":[{"href":"https:\/\/www.nationalturk.com\/tr\/wp-json\/wp\/v2\/posts"}],"about":[{"href":"https:\/\/www.nationalturk.com\/tr\/wp-json\/wp\/v2\/types\/post"}],"author":[{"embeddable":true,"href":"https:\/\/www.nationalturk.com\/tr\/wp-json\/wp\/v2\/users\/4"}],"replies":[{"embeddable":true,"href":"https:\/\/www.nationalturk.com\/tr\/wp-json\/wp\/v2\/comments?post=103607"}],"version-history":[{"count":0,"href":"https:\/\/www.nationalturk.com\/tr\/wp-json\/wp\/v2\/posts\/103607\/revisions"}],"wp:featuredmedia":[{"embeddable":true,"href":"https:\/\/www.nationalturk.com\/tr\/wp-json\/wp\/v2\/media\/184597"}],"wp:attachment":[{"href":"https:\/\/www.nationalturk.com\/tr\/wp-json\/wp\/v2\/media?parent=103607"}],"wp:term":[{"taxonomy":"category","embeddable":true,"href":"https:\/\/www.nationalturk.com\/tr\/wp-json\/wp\/v2\/categories?post=103607"},{"taxonomy":"post_tag","embeddable":true,"href":"https:\/\/www.nationalturk.com\/tr\/wp-json\/wp\/v2\/tags?post=103607"}],"curies":[{"name":"wp","href":"https:\/\/api.w.org\/{rel}","templated":true}]}}