{"id":103835,"date":"2012-04-06T13:51:32","date_gmt":"2012-04-06T10:51:32","guid":{"rendered":"http:\/\/www.nationalturk.com\/?p=103835"},"modified":"2012-04-06T13:51:32","modified_gmt":"2012-04-06T10:51:32","slug":"abdullah-gul-kocaelide-103835","status":"publish","type":"post","link":"https:\/\/www.nationalturk.com\/tr\/abdullah-gul-kocaelide-103835\/","title":{"rendered":"Abdullah G\u00fcl Kocaeli&#8217;de"},"content":{"rendered":"<h1><img loading=\"lazy\" decoding=\"async\" class=\"alignleft size-medium wp-image-103836\" title=\"Abdullah G\u00fcl\" src=\"http:\/\/www.nationalturk.com\/tr\/wp-content\/uploads\/2012\/04\/abdullah_gul_kocaelide-274x220.jpg\" alt=\"\" width=\"274\" height=\"220\" srcset=\"https:\/\/www.nationalturk.com\/tr\/wp-content\/uploads\/2012\/04\/abdullah_gul_kocaelide-274x220.jpg 274w, https:\/\/www.nationalturk.com\/tr\/wp-content\/uploads\/2012\/04\/abdullah_gul_kocaelide-498x400.jpg 498w, https:\/\/www.nationalturk.com\/tr\/wp-content\/uploads\/2012\/04\/abdullah_gul_kocaelide.jpg 712w\" sizes=\"auto, (max-width: 274px) 100vw, 274px\" \/>Cumhurba\u015fkan\u0131 Abdullah G\u00fcl iki g\u00fcnl\u00fck bir dizi ziyaret i\u00e7in gitti\u011fi Kocaeli&#8217;de g\u00fcndemle ilgili a\u00e7\u0131klamalarda bulundu.<\/h1>\n<p>Cumhurba\u015fkan\u0131 Abdullah G\u00fcl, Milli Savunma Bakanl\u0131\u011f\u0131&#8217;n\u0131n(MSB) TBMM Uludere Alt Komisyonu&#8217;na g\u00f6nderdi\u011fi yaz\u0131ya ili\u015fkin &#8221;Ortada sivil, asker, hepimizi \u00e7ok \u00fczen bir, maalesef olay oldu. \u00dcz\u00fcnt\u00fcm\u00fcz hala hepimiz i\u00e7in \u00e7ok ge\u00e7erlidir. Bunun nas\u0131l oldu\u011funun ortaya \u00e7\u0131kart\u0131lmas\u0131 ile ilgili \u00e7al\u0131\u015fmalar\u0131n titiz yap\u0131ld\u0131\u011f\u0131ndan herkes emin olsun&#8221; dedi.<\/p>\n<p>Cumhurba\u015fkan\u0131 G\u00fcl, iki g\u00fcnl\u00fck ziyaret i\u00e7in geldi\u011fi Kocaeli&#8217;de Sanayi ve Ticaret Bakan\u0131 Nihat Erg\u00fcn, Kocaeli Valisi Ercan Topac\u0131 ve Kocaeli B\u00fcy\u00fck\u015fehir Belediye Ba\u015fkan\u0131 \u0130brahim Karaosmano\u011flu taraf\u0131ndan kar\u015f\u0131land\u0131.<br \/>\nValilik \u00f6n\u00fcnde d\u00fczenlenen resmi kar\u015f\u0131lama t\u00f6reninin ard\u0131ndan G\u00fcl, valilik makam\u0131nda, ziyaretiyle ilgili gazetecilere de\u011ferlendirmelerde bulundu.<\/p>\n<p>Gazetecilerin sorular\u0131 \u00fczerine G\u00fcl, MSB&#8217;nin TBMM Uludere Alt Komisyonu&#8217;na g\u00f6nderdi\u011fi yaz\u0131ya ili\u015fkin \u015f\u00f6yle konu\u015ftu:<br \/>\n&#8221;D\u0131\u015far\u0131dan raporlar\u0131 g\u00f6rmeden, okumadan, etmeden genel \u015feyler s\u00f6ylemek do\u011fru de\u011fil, ama bildi\u011finiz gibi \u00e7ok y\u00f6nl\u00fc zaten soru\u015fturmalar a\u00e7\u0131ld\u0131. Gerek Genelkurmay Ba\u015fkanl\u0131\u011f\u0131m\u0131z \u00e7er\u00e7evesinde askeri gerek di\u011fer ilde savc\u0131lar\u0131n a\u00e7t\u0131\u011f\u0131 soru\u015fturmalar var. B\u00fct\u00fcn bunlar a\u00e7\u0131k \u015fekilde olay\u0131 irdeliyorlar. Ortada hepimizi \u00e7ok \u00fczen sivil, asker, hepimizi \u00e7ok \u00fczen bir, maalesef olay oldu. \u00dcz\u00fcnt\u00fcm\u00fcz hala hepimiz i\u00e7in \u00e7ok ge\u00e7erlidir. Bunun nas\u0131l oldu\u011funun ortaya \u00e7\u0131kart\u0131lmas\u0131 ile ilgili \u00e7al\u0131\u015fmalar\u0131n titiz yap\u0131ld\u0131\u011f\u0131ndan herkes emin olsun.&#8221;<br \/>\nG\u00fcl, yarg\u0131n\u0131n siyasalla\u015fmas\u0131 ile ilgili tart\u0131\u015fmalar\u0131n hat\u0131rlat\u0131lmas\u0131 \u00fczerine &#8221;Bunlar\u0131n hepsi konu\u015fuldu. Yeni bir a\u00e7\u0131klama yapmay\u0131 gerekli g\u00f6rm\u00fcyorum&#8221; dedi.<\/p>\n<p>Cumhurba\u015fkan\u0131 Abdullah G\u00fcl, T\u00fcrkiye&#8217;nin \u00fcretmek zorunda oldu\u011fu ancak \u00fcretemedi\u011fi mallar bulundu\u011funu belirterek, &#8221;Bizim sanayi ihracat\u0131m\u0131z\u0131n b\u00fcy\u00fck bir k\u0131sm\u0131 maalesef ithalata dayal\u0131, ba\u011f\u0131ml\u0131. Dolay\u0131s\u0131yla t\u00fcketti\u011fimiz ama \u00fcretmedi\u011fimiz, ithal etti\u011fimiz mallar\u0131n T\u00fcrkiye&#8217;de \u00fcretilmesi i\u00e7in de bu te\u015fvik paketinin \u00f6nemli bir f\u0131rsat oldu\u011fu kanaatindeyim&#8221; dedi.<br \/>\nKocaeli&#8217;ne iki g\u00fcnl\u00fck ziyarette bulunan G\u00fcl, ilin T\u00fcrkiye&#8217;nin kalk\u0131nmas\u0131n\u0131n, sanayile\u015fmesinin sembol \u015fehirlerinden biri oldu\u011funu s\u00f6yledi.<\/p>\n<p>T\u00fcrkiye&#8217;nin \u00f6nemli \u015fehirlerinden biri olan Kocaeli&#8217;ni ziyaret etmekten duydu\u011fu memnuniyeti dile getiren G\u00fcl, &#8221;Kocaeli, tarihi itibar\u0131yla \u00e7ok eski, bir\u00e7ok imparatorluklar\u0131n gelip ge\u00e7ti\u011fi topraklar buralar. Hepsinin izleri var. Bug\u00fcn de do\u011frusu \u00e7ok dinamik bir n\u00fcfusu, renkli bir n\u00fcfusu ve k\u00fclt\u00fcr\u00fc var. B\u00fct\u00fcn bunlar\u0131n \u00f6tesinde sanayi kentimizdir&#8221; dedi.<br \/>\nG\u00fcl, Kocaeli&#8217;nin T\u00fcrkiye sanayi \u00fcretiminin y\u00fczde 10&#8217;unu ger\u00e7ekle\u015ftiren bir il oldu\u011funa dikkati \u00e7ekerek, \u015funlar\u0131 kaydetti:<br \/>\n&#8221;Dolay\u0131s\u0131yla yine enerjinin y\u00fczde 10&#8217;unu t\u00fcketen bir il. \u00c7ok a\u011f\u0131rl\u0131\u011f\u0131 olan bir ilimizdir. Buradaki ba\u015far\u0131lar, buradaki geli\u015fmeler sadece Kocaeli&#8217;ne de\u011fil, direkt T\u00fcrkiye&#8217;ye etki etmektedir, T\u00fcrkiye&#8217;ye yans\u0131maktad\u0131r. O bak\u0131mdan \u00e7ok dikkat etti\u011fimiz, hepimizin uzaktan, yak\u0131ndan yak\u0131n takip etti\u011fimiz bir ilimizdir. Tabii ayr\u0131ca do\u011fal g\u00fczelli\u011fi ayr\u0131d\u0131r. \u00d6nemli kurulu\u015flar\u0131m\u0131z vard\u0131r, burada. Sanayi kurulu\u015flar\u0131m\u0131z oldu\u011fu gibi donanmam\u0131z buradad\u0131r. Dolay\u0131s\u0131yla b\u00f6yle bir ilimizi ziyaret ediyorum.&#8221;<\/p>\n<p>Ziyaretleri hakk\u0131nda bilgi veren G\u00fcl, Kocaeli&#8217;den \u00e7ok \u00f6nemli ki\u015filer, siyaset adamlar\u0131 \u00e7\u0131kt\u0131\u011f\u0131na i\u015faret etti.<br \/>\nKocaeli bas\u0131n\u0131n \u00e7ok dinamik oldu\u011funu ve Atat\u00fcrk&#8217;\u00fcn \u00e7ok\u00e7a referans verilen \u0130zmit Konferans\u0131&#8217;nda a\u00e7\u0131klamalar\u0131 bulundu\u011funu an\u0131msatan G\u00fcl, Ocak 2013 Kocaeli Gazeteciler Cemiyeti&#8217;nce d\u00fczenlenecek toplant\u0131ya kat\u0131laca\u011f\u0131n\u0131 da kaydetti.<\/p>\n<p>Yeni Te\u015fvik Paketi ile ilgili soru \u00fczerine G\u00fcl, detaylar\u0131na bak\u0131ld\u0131\u011f\u0131nda \u00e7ok iyi haz\u0131rlanm\u0131\u015f oldu\u011funun g\u00f6r\u00fclece\u011fini belirterek, &#8221;Uzun s\u00fcredir T\u00fcrkiye&#8217;nin buna ihtiyac\u0131 vard\u0131&#8221; yorumunu yapt\u0131. G\u00fcl, s\u00f6zlerini \u015f\u00f6yle s\u00fcrd\u00fcrd\u00fc:<\/p>\n<p>&#8221;Her seviyede bu \u00e7a\u011fr\u0131lar\u0131 yap\u0131yorduk. Meclis a\u00e7\u0131l\u0131\u015f konu\u015fmamda ben de bu y\u00f6nde bir \u00e7a\u011fr\u0131da bulunmu\u015ftum. \u00d6zellikle T\u00fcrkiye&#8217;nin d\u0131\u015f ticaret a\u00e7\u0131\u011f\u0131n\u0131 kapatma y\u00f6n\u00fcnde T\u00fcrkiye&#8217;nin art\u0131k baz\u0131 \u00f6nemli sanayi ara \u00fcr\u00fcn\u00fcn\u00fc T\u00fcrkiye&#8217;de \u00fcretmesi gerekirdi ve te\u015fvik politikam\u0131z\u0131n da buna g\u00f6re ayarlanmas\u0131 gerekirdi. Dolay\u0131s\u0131yla ba\u015fta Sanayi Bakanl\u0131\u011f\u0131m\u0131z olmak \u00fczere b\u00fct\u00fcn ilgili bakanl\u0131klar uzun ama koordineli bir \u00e7al\u0131\u015fma yapt\u0131lar. Bunu ben de biliyorum.&#8221;<\/p>\n<p>Paketin neticelerinin iyi olmas\u0131n\u0131 \u00fcmit etti\u011fini belirten G\u00fcl, &#8221;\u00d6zellikle geli\u015fmeye muhta\u00e7 olan illerimiz var tabii ki. B\u00fct\u00fcn illerimiz Kocaeli gibi de\u011fil. B\u00fct\u00fcn \u015fehirlerimiz buras\u0131 gibi de\u011fil. Geli\u015fmeye muhta\u00e7 olan, kalk\u0131nmaya ihtiyac\u0131 olan y\u00f6relerimiz, illerimiz var, bu bir. \u0130kincisi nerede olursa olsun T\u00fcrkiye&#8217;nin muhakkak \u00fcretmek zorunda oldu\u011fu mallar var. Bizim sanayi ihracat\u0131m\u0131z\u0131n b\u00fcy\u00fck bir k\u0131sm\u0131 maalesef ithalata dayal\u0131, ba\u011f\u0131ml\u0131. Dolay\u0131s\u0131yla t\u00fcketti\u011fimiz ama \u00fcretmedi\u011fimiz, ithal etti\u011fimiz mallar\u0131n T\u00fcrkiye&#8217;de \u00fcretilmesi i\u00e7in de bu te\u015fvik paketinin \u00f6nemli bir f\u0131rsat oldu\u011fu kanaatindeyim. \u00dcmit ediyorum, bunlar\u0131n neticesini b\u00fct\u00fcn T\u00fcrkiye&#8217;nin her yerinde g\u00f6rece\u011fiz&#8221; diye konu\u015ftu.<\/p>\n<p>Cumhurba\u015fkan\u0131 G\u00fcl&#8217;e Vali Ercan Topaca, Hereke hal\u0131s\u0131 hediye etti. G\u00fcl, kendisine arma\u011fan edilen hal\u0131lar\u0131, \u00f6nemli misafirlerine veya gitti\u011fi \u00fclkelerdeki devlet ba\u015fkanlar\u0131na hediye etti\u011fini belirtti.<\/p>\n<p>G\u00fcl, \u00c7in&#8217;de Hereke ad\u0131nda bir k\u00f6y kuruldu\u011funu ve hal\u0131lara sahip \u00e7\u0131kmaya \u00e7al\u0131\u015ft\u0131\u011f\u0131n\u0131n an\u0131msat\u0131lmas\u0131 \u00fczerine &#8221;Marka bu kadar \u00f6nemli. E\u011fer bir markan\u0131z taklit edilebiliyorsa ba\u015fkalar\u0131 taraf\u0131ndan \u00e7ok b\u00fcy\u00fck bir ba\u015far\u0131n\u0131z var demektir. Demek ki d\u00fcnya \u00e7ap\u0131nda b\u00fcy\u00fck markalar \u00e7\u0131kartm\u0131\u015f\u0131z biz. Bunu korumak ve en g\u00fczel kaliteyi devam ettirmek gerekiyor&#8221; dedi.<br \/>\nVali Topaca&#8217;n\u0131n il hakk\u0131nda verdi\u011fi brifingin ard\u0131ndan Valilik&#8217;ten ayr\u0131lan G\u00fcl, yaya olarak B\u00fcy\u00fck\u015fehir Belediye Ba\u015fkanl\u0131\u011f\u0131na ge\u00e7ti. G\u00fcl, bu s\u0131rada kendisini d\u0131\u015far\u0131da bekleyen halkla selamla\u015ft\u0131.<\/p>\n<p>G\u00fcl, Kocaeli B\u00fcy\u00fck\u015fehir Belediyesi Ba\u015fkan\u0131 \u0130brahim Karaosmano\u011flu&#8217;nu ziyaretinde, B\u00fcy\u00fck\u015fehir Belediyesi&#8217;nin t\u00fcm Kocaeli s\u0131n\u0131rlar\u0131na hizmet etti\u011fine vurgu yaparak, &#8221;Bu anlamda asl\u0131nda bir pilot uygulamay\u0131 burada ba\u015flatm\u0131\u015ft\u0131k. Bu pilot uygulama \u00e7ok ba\u015far\u0131l\u0131 oldu\u011fu i\u00e7in daha sona \u0130stanbul ve ba\u015fka illere de yay\u0131l\u0131yor \u015fimdi&#8221; dedi.<\/p>\n<p>\u015eehrin g\u00fczelle\u015ftirilmesi i\u00e7in yap\u0131lan k\u00f6pr\u00fcler, viyad\u00fckler, yollar, parklar ve bah\u00e7elerin dikkati \u00e7ekti\u011fini kaydeden G\u00fcl, &#8221;T\u00fcm bunlar el birli\u011fi i\u00e7erisinde muhakkak ki yap\u0131lan i\u015flerdir. Bundan dolay\u0131 Say\u0131n Belediye Ba\u015fkan\u0131&#8217;n\u0131 tebrik ediyorum. T\u00fcrkiye&#8217;nin b\u00f6yle sanayi merkezi olan bu \u015fehrin ayn\u0131 zamanda g\u00fczel bir \u015fehir olmas\u0131 da burada b\u00fcy\u00fck bir n\u00fcfus var. Burada gayet tahsilli g\u00f6rg\u00fcl\u00fc bilgili bir n\u00fcfus var. Bu n\u00fcfusun muhakkak ki en g\u00fczel \u00e7evre \u015fartlar\u0131 en g\u00fczel imkanlarla hayat\u0131n\u0131 idame ettirmesi, belediye hizmetlerine \u00e7ok ba\u011fl\u0131d\u0131r. Bu bak\u0131mdan belediyelerimiz \u00e7ok b\u00fcy\u00fck sorumluluklara sahiptir&#8221; dedi.<\/p>\n<p>G\u00fcl, s\u0131n\u0131rlar\u0131n geni\u015flemesinden dolay\u0131 b\u00fcy\u00fck\u015fehir belediyesinin sorumlulu\u011fu ve hizmet y\u00fck\u00fcn\u00fcn artt\u0131\u011f\u0131na i\u015faret ederek, &#8221;Bundan dolay\u0131 \u00e7al\u0131\u015fmalar\u0131 uzaktan hep takip ediyorum, belediye hizmetlerini. Say\u0131n ba\u015fkan\u0131 tebrik ediyorum&#8221; diye konu\u015ftu.<br \/>\nHerkesin \u015fehrine sahip \u00e7\u0131kmas\u0131 ve dayan\u0131\u015fma g\u00f6stermesi durumunda ilerleme kaydedilece\u011fini ifade eden G\u00fcl, bu dayan\u0131\u015fmay\u0131 burada g\u00f6rd\u00fc\u011f\u00fc i\u00e7in duydu\u011fu memnuniyeti dile getirdi.<br \/>\nKocaeli B\u00fcy\u00fck\u015fehir Belediye Ba\u015fkan\u0131 \u0130brahim Karaosmano\u011flu da Cumhurba\u015fkan\u0131 G\u00fcl&#8217;e, belediye \u00e7al\u0131\u015fmalar\u0131 hakk\u0131nda brifing verdi.<\/p>\n<!-- Error, Advert is not available at this time due to schedule\/geolocation restrictions! -->\n","protected":false},"excerpt":{"rendered":"<p>Cumhurba\u015fkan\u0131 Abdullah G\u00fcl iki g\u00fcnl\u00fck bir dizi ziyaret i\u00e7in gitti\u011fi Kocaeli&#8217;de g\u00fcndemle ilgili a\u00e7\u0131klamalarda bulundu.<\/p>\n","protected":false},"author":4,"featured_media":184558,"comment_status":"open","ping_status":"open","sticky":false,"template":"","format":"standard","meta":{"_acf_changed":false,"footnotes":""},"categories":[6155,5005,6202,6805],"tags":[4343,46933,55151,46163,13681],"class_list":["post-103835","post","type-post","status-publish","format-standard","has-post-thumbnail","hentry","category-gundem","category-manset","category-politika","category-turkiye","tag-abdullah-gul","tag-abdullah-gul-aciklama","tag-ibrahim-karaosmanoglu","tag-kocaeli-buyuksehir-belediyesi","tag-nihat-ergun"],"acf":[],"_links":{"self":[{"href":"https:\/\/www.nationalturk.com\/tr\/wp-json\/wp\/v2\/posts\/103835","targetHints":{"allow":["GET"]}}],"collection":[{"href":"https:\/\/www.nationalturk.com\/tr\/wp-json\/wp\/v2\/posts"}],"about":[{"href":"https:\/\/www.nationalturk.com\/tr\/wp-json\/wp\/v2\/types\/post"}],"author":[{"embeddable":true,"href":"https:\/\/www.nationalturk.com\/tr\/wp-json\/wp\/v2\/users\/4"}],"replies":[{"embeddable":true,"href":"https:\/\/www.nationalturk.com\/tr\/wp-json\/wp\/v2\/comments?post=103835"}],"version-history":[{"count":0,"href":"https:\/\/www.nationalturk.com\/tr\/wp-json\/wp\/v2\/posts\/103835\/revisions"}],"wp:featuredmedia":[{"embeddable":true,"href":"https:\/\/www.nationalturk.com\/tr\/wp-json\/wp\/v2\/media\/184558"}],"wp:attachment":[{"href":"https:\/\/www.nationalturk.com\/tr\/wp-json\/wp\/v2\/media?parent=103835"}],"wp:term":[{"taxonomy":"category","embeddable":true,"href":"https:\/\/www.nationalturk.com\/tr\/wp-json\/wp\/v2\/categories?post=103835"},{"taxonomy":"post_tag","embeddable":true,"href":"https:\/\/www.nationalturk.com\/tr\/wp-json\/wp\/v2\/tags?post=103835"}],"curies":[{"name":"wp","href":"https:\/\/api.w.org\/{rel}","templated":true}]}}