{"id":103933,"date":"2012-04-07T14:23:31","date_gmt":"2012-04-07T11:23:31","guid":{"rendered":"http:\/\/www.nationalturk.com\/?p=103933"},"modified":"2012-04-07T14:25:48","modified_gmt":"2012-04-07T11:25:48","slug":"idris-naim-sahin-biber-gazi-sagliga-zararli-degil-103933","status":"publish","type":"post","link":"https:\/\/www.nationalturk.com\/tr\/idris-naim-sahin-biber-gazi-sagliga-zararli-degil-103933\/","title":{"rendered":"\u0130dris Naim \u015eahin: Biber gaz\u0131 sa\u011fl\u0131\u011fa zararl\u0131 de\u011fil!"},"content":{"rendered":"<h1><img loading=\"lazy\" decoding=\"async\" class=\"alignleft size-medium wp-image-103934\" title=\"\u0130dris Naim \u015eahin\" src=\"http:\/\/www.nationalturk.com\/tr\/wp-content\/uploads\/2012\/04\/idris_naim_sahin_biber_gazi-280x188.jpg\" alt=\"\" width=\"280\" height=\"188\" srcset=\"https:\/\/www.nationalturk.com\/tr\/wp-content\/uploads\/2012\/04\/idris_naim_sahin_biber_gazi-280x188.jpg 280w, https:\/\/www.nationalturk.com\/tr\/wp-content\/uploads\/2012\/04\/idris_naim_sahin_biber_gazi-593x400.jpg 593w, https:\/\/www.nationalturk.com\/tr\/wp-content\/uploads\/2012\/04\/idris_naim_sahin_biber_gazi.jpg 712w\" sizes=\"auto, (max-width: 280px) 100vw, 280px\" \/>\u0130dris Naim \u015eahin: Biber gaz\u0131 sa\u011fl\u0131\u011fa zararl\u0131 de\u011fil! S\u00fcrekli ilgin\u00e7 a\u00e7\u0131klamalar\u0131yla g\u00fcndeme gelen \u0130\u00e7i\u015fleri Bakan\u0131 \u0130dris Naim \u015eahin polisin kulland\u0131\u011f\u0131 g\u00f6z ya\u015fart\u0131c\u0131 gazlar\u0131n insan sa\u011fl\u0131\u011f\u0131na olumsuz etkisinin olmad\u0131\u011f\u0131n\u0131 s\u00f6yledi.<\/h1>\n<p>BDP Diyarbak\u0131r Milletvekili Altan Tan&#8217;\u0131n, g\u00f6z ya\u015fart\u0131c\u0131 gaz kullan\u0131m\u0131na ili\u015fkin yaz\u0131l\u0131 soru \u00f6nergesini yan\u0131tlayan \u0130\u00e7i\u015fleri Bakan\u0131 \u0130dris Naim \u015eahin,\u00a0Emniyet Genel M\u00fcd\u00fcrl\u00fc\u011f\u00fc envanterinde olan g\u00f6z ya\u015fart\u0131c\u0131 gaz silahlar ve m\u00fchimmatlar\u0131n\u0131n, b\u00fct\u00fcn modern \u00fclke g\u00fcvenlik te\u015fkilatlar\u0131nda kullan\u0131ld\u0131\u011f\u0131n\u0131 belirterek &#8220;S\u00f6z konusu m\u00fchimmatlar gerek kanuna ayk\u0131r\u0131 olarak d\u00fczenlenen gerek sonradan kanuna ayk\u0131r\u0131 hale d\u00f6n\u00fc\u015fen toplant\u0131 ve g\u00f6steri y\u00fcr\u00fcy\u00fc\u015flerinde, \u00f6zel maharet gerektiren operasyonlarda ve benzeri eylemlerde; toplulu\u011fu da\u011f\u0131lmaya zorlamak, belirli istikametlere y\u00f6nlendirmek ve g\u00fcvenlik g\u00fc\u00e7lerine kar\u015f\u0131 yap\u0131lan direni\u015fi k\u0131rmak amac\u0131yla kullan\u0131lmaktad\u0131r&#8221; ifadelerini kulland\u0131.<\/p>\n<p>T\u00fcrkiye&#8217;nin, g\u00f6z ya\u015fart\u0131c\u0131 gaz m\u00fchimmat\u0131n\u0131n insan sa\u011fl\u0131\u011f\u0131 \u00fczerinde kal\u0131c\u0131 bir etki b\u0131rakmama \u015fart\u0131 arayarak gaz kulland\u0131\u011f\u0131n\u0131 bildiren \u015eahin, yap\u0131lan laboratuvar testleri sonucunda insan sa\u011fl\u0131\u011f\u0131 \u00fczerinde kal\u0131c\u0131 etki b\u0131rakmayan gaz m\u00fchimmat\u0131n\u0131n kullan\u0131ld\u0131\u011f\u0131n\u0131 bildirdi.<\/p>\n<span style=\"font-weight: bold; color: #f00;\">Error, group does not exist! Check your syntax! (ID: 74)<\/span>\n","protected":false},"excerpt":{"rendered":"<p>\u0130dris Naim \u015eahin: Biber gaz\u0131 sa\u011fl\u0131\u011fa zararl\u0131 de\u011fil! S\u00fcrekli ilgin\u00e7 a\u00e7\u0131klamalar\u0131yla g\u00fcndeme gelen \u0130\u00e7i\u015fleri Bakan\u0131 \u0130dris Naim \u015eahin polisin kulland\u0131\u011f\u0131 g\u00f6z ya\u015fart\u0131c\u0131 gazlar\u0131n insan sa\u011fl\u0131\u011f\u0131na olumsuz etkisinin olmad\u0131\u011f\u0131n\u0131 s\u00f6yledi.<\/p>\n","protected":false},"author":4,"featured_media":184548,"comment_status":"open","ping_status":"open","sticky":false,"template":"","format":"standard","meta":{"_acf_changed":false,"footnotes":""},"categories":[6155,5005,6202,6805],"tags":[41943,11498,74304],"class_list":["post-103933","post","type-post","status-publish","format-standard","has-post-thumbnail","hentry","category-gundem","category-manset","category-politika","category-turkiye","tag-altan-tan","tag-bdp","tag-idris-naim-sahin"],"acf":[],"_links":{"self":[{"href":"https:\/\/www.nationalturk.com\/tr\/wp-json\/wp\/v2\/posts\/103933","targetHints":{"allow":["GET"]}}],"collection":[{"href":"https:\/\/www.nationalturk.com\/tr\/wp-json\/wp\/v2\/posts"}],"about":[{"href":"https:\/\/www.nationalturk.com\/tr\/wp-json\/wp\/v2\/types\/post"}],"author":[{"embeddable":true,"href":"https:\/\/www.nationalturk.com\/tr\/wp-json\/wp\/v2\/users\/4"}],"replies":[{"embeddable":true,"href":"https:\/\/www.nationalturk.com\/tr\/wp-json\/wp\/v2\/comments?post=103933"}],"version-history":[{"count":0,"href":"https:\/\/www.nationalturk.com\/tr\/wp-json\/wp\/v2\/posts\/103933\/revisions"}],"wp:featuredmedia":[{"embeddable":true,"href":"https:\/\/www.nationalturk.com\/tr\/wp-json\/wp\/v2\/media\/184548"}],"wp:attachment":[{"href":"https:\/\/www.nationalturk.com\/tr\/wp-json\/wp\/v2\/media?parent=103933"}],"wp:term":[{"taxonomy":"category","embeddable":true,"href":"https:\/\/www.nationalturk.com\/tr\/wp-json\/wp\/v2\/categories?post=103933"},{"taxonomy":"post_tag","embeddable":true,"href":"https:\/\/www.nationalturk.com\/tr\/wp-json\/wp\/v2\/tags?post=103933"}],"curies":[{"name":"wp","href":"https:\/\/api.w.org\/{rel}","templated":true}]}}