{"id":104099,"date":"2012-04-10T10:33:54","date_gmt":"2012-04-10T07:33:54","guid":{"rendered":"http:\/\/www.nationalturk.com\/?p=104099"},"modified":"2012-04-10T10:35:49","modified_gmt":"2012-04-10T07:35:49","slug":"suriye-sinir-ihlali-104099","status":"publish","type":"post","link":"https:\/\/www.nationalturk.com\/tr\/suriye-sinir-ihlali-104099\/","title":{"rendered":"Suriye s\u0131n\u0131r ihlali yapt\u0131!"},"content":{"rendered":"<h1><a href=\"http:\/\/www.nationalturk.com\/amasya-patlama-1-sehit-104049\/son-dakika-dikey-447\" rel=\"attachment wp-att-104050\"><img loading=\"lazy\" decoding=\"async\" class=\"alignleft size-medium wp-image-104050\" title=\"son-dakika-dikey6\" src=\"http:\/\/www.nationalturk.com\/tr\/wp-content\/uploads\/2012\/04\/son-dakika-dikey6-206x220.jpg\" alt=\"\" width=\"206\" height=\"220\" srcset=\"https:\/\/www.nationalturk.com\/tr\/wp-content\/uploads\/2012\/04\/son-dakika-dikey6-206x220.jpg 206w, https:\/\/www.nationalturk.com\/tr\/wp-content\/uploads\/2012\/04\/son-dakika-dikey6.jpg 300w\" sizes=\"auto, (max-width: 206px) 100vw, 206px\" \/><\/a>S\u0131n\u0131r ihlali var Gereken yap\u0131lacak!\u00a0Ba\u015fbakan Recep Tayyip Erdo\u011fan Pekin&#8217;de bas\u0131n toplant\u0131s\u0131 d\u00fczenledi&#8230;<\/h1>\n<p>Konu\u015fmas\u0131na\u00a0Urum\u00e7i&#8217;de bulundu\u011fu temaslarla ilgili bilgi vererek ba\u015flayan Ba\u015fbakan\u00a0Recep Tayyip Erdo\u011fan, &#8220;Bizim i\u00e7in iz b\u0131rakacak bir ziyaret oldu&#8221; ifadelerini kulland\u0131.<\/p>\n<p>Suriye&#8217;de meydana gelen\u00a0s\u0131n\u0131r ihlali\u00a0olaylar\u0131yla ilgili a\u00e7\u0131klamalarda da bulunan Erdo\u011fan \u015funlar\u0131 s\u00f6yledi: A\u00e7\u0131k ve net olarak s\u0131n\u0131r ihlali ger\u00e7ekle\u015fti, gereken yap\u0131lacak ya\u015fananlar\u0131n su g\u00f6t\u00fcr\u00fcr taraf\u0131 kalmam\u0131\u015ft\u0131r.<\/p>\n<p>Suriyeliler bize kurtar\u0131c\u0131 olarak bak\u0131yorlar. BM m\u00fcdahale etmeli, yeni bir paketi devreye sokmal\u0131. Suriye&#8217;nin BM&#8217;de eski deste\u011fi bulaca\u011f\u0131n\u0131 sanm\u0131yorum.\u00a0Kofi Annan\u00a0Suriye konusunda \u00e7ok umutluydu ben yinede bir \u015feyler olaca\u011f\u0131na inanm\u0131yorum \u015feklinde konu\u015ftu.<\/p>\n<p>Ba\u015fbakan Erdo\u011fan ayr\u0131ca\u00a0\u00c7in&#8217;in ve\u00a0Rusya&#8217;n\u0131n Suriye bak\u0131\u015f\u0131n\u0131n ilk andaki gibi olmad\u0131\u011f\u0131n\u0131 da vurgulad\u0131.<\/p>\n<p>&nbsp;<\/p>\n<!-- Error, Advert is not available at this time due to schedule\/geolocation restrictions! -->\n","protected":false},"excerpt":{"rendered":"<p>S\u0131n\u0131r ihlali var Gereken yap\u0131lacak! <\/p>\n","protected":false},"author":752,"featured_media":184521,"comment_status":"open","ping_status":"open","sticky":false,"template":"","format":"standard","meta":{"_acf_changed":false,"footnotes":""},"categories":[6155,6202,6805],"tags":[72186,97512],"class_list":["post-104099","post","type-post","status-publish","format-standard","has-post-thumbnail","hentry","category-gundem","category-politika","category-turkiye","tag-suriye-savas","tag-suriye-sinir-ihlali"],"acf":[],"_links":{"self":[{"href":"https:\/\/www.nationalturk.com\/tr\/wp-json\/wp\/v2\/posts\/104099","targetHints":{"allow":["GET"]}}],"collection":[{"href":"https:\/\/www.nationalturk.com\/tr\/wp-json\/wp\/v2\/posts"}],"about":[{"href":"https:\/\/www.nationalturk.com\/tr\/wp-json\/wp\/v2\/types\/post"}],"author":[{"embeddable":true,"href":"https:\/\/www.nationalturk.com\/tr\/wp-json\/wp\/v2\/users\/752"}],"replies":[{"embeddable":true,"href":"https:\/\/www.nationalturk.com\/tr\/wp-json\/wp\/v2\/comments?post=104099"}],"version-history":[{"count":0,"href":"https:\/\/www.nationalturk.com\/tr\/wp-json\/wp\/v2\/posts\/104099\/revisions"}],"wp:featuredmedia":[{"embeddable":true,"href":"https:\/\/www.nationalturk.com\/tr\/wp-json\/wp\/v2\/media\/184521"}],"wp:attachment":[{"href":"https:\/\/www.nationalturk.com\/tr\/wp-json\/wp\/v2\/media?parent=104099"}],"wp:term":[{"taxonomy":"category","embeddable":true,"href":"https:\/\/www.nationalturk.com\/tr\/wp-json\/wp\/v2\/categories?post=104099"},{"taxonomy":"post_tag","embeddable":true,"href":"https:\/\/www.nationalturk.com\/tr\/wp-json\/wp\/v2\/tags?post=104099"}],"curies":[{"name":"wp","href":"https:\/\/api.w.org\/{rel}","templated":true}]}}