{"id":104166,"date":"2012-04-10T13:45:13","date_gmt":"2012-04-10T10:45:13","guid":{"rendered":"http:\/\/www.nationalturk.com\/?p=104166"},"modified":"2012-04-10T13:45:13","modified_gmt":"2012-04-10T10:45:13","slug":"mehmet-haberal-cenaze-104166","status":"publish","type":"post","link":"https:\/\/www.nationalturk.com\/tr\/mehmet-haberal-cenaze-104166\/","title":{"rendered":"Mehmet Haberal annesinin cenazesinde"},"content":{"rendered":"<h1><img loading=\"lazy\" decoding=\"async\" class=\"alignleft size-full wp-image-104167\" title=\"Mehmet Haberal\" src=\"http:\/\/www.nationalturk.com\/tr\/wp-content\/uploads\/2012\/04\/mehmet_haberal_cenaze.jpg\" alt=\"\" width=\"320\" height=\"190\" srcset=\"https:\/\/www.nationalturk.com\/tr\/wp-content\/uploads\/2012\/04\/mehmet_haberal_cenaze.jpg 320w, https:\/\/www.nationalturk.com\/tr\/wp-content\/uploads\/2012\/04\/mehmet_haberal_cenaze-280x166.jpg 280w\" sizes=\"auto, (max-width: 320px) 100vw, 320px\" \/>Mehmet Haberal annesinin cenazesinde&#8230;\u00a0Ergenekon davas\u0131 kapsam\u0131nda tutuklu yarg\u0131lanan CHP Zonguldak Milletvekili Mehmet Haberal d\u00fcn vefat eden annesi Medine Haberal&#8217;\u0131n cenaze t\u00f6renine kat\u0131ld\u0131.<\/h1>\n<p>Prof. Dr. Mehmet Haberal, vefat eden annesi Medine Haberal&#8217;\u0131n cenaze t\u00f6renine kat\u0131lmak \u00fczere d\u00fcn ak\u015fam saatlerinde 25 ki\u015filik jandarma ekibiyle Zonguldak Bah\u00e7elievler&#8217;deki baba oca\u011f\u0131na geldi. Haberal, baba oca\u011f\u0131nda 15 dakika kald\u0131ktan sonra Yayla Mahallesi&#8217;ndeki \u00e7al\u0131\u015fma ofisine ge\u00e7ti. Haberal, bu sabah da annesi Medine Haberal&#8217;\u0131n Bah\u00e7elievler Mahallesi&#8217;ndeki evlerinin \u00f6n\u00fcnde d\u00fczenlenen cenaze t\u00f6renine kat\u0131ld\u0131.<\/p>\n<p>Mehmet Haberal, annesinin tabutunu yak\u0131nlar\u0131yla birlikte omuzlayarak cenaze arac\u0131na kadar ta\u015f\u0131d\u0131. Haberal, daha sonra kendisini Silivri Cezaevi&#8217;nden Zonguldak&#8217;a getiren askerler e\u015fli\u011finde ambulansa binerek cenaze namaz\u0131n\u0131n k\u0131l\u0131naca\u011f\u0131 Ac\u0131l\u0131k Camii&#8217;ne gitti.<\/p>\n<p>Camide CHP Antalya Milletvekili Deniz Baykal taraf\u0131ndan kar\u015f\u0131lanan Mehmet Haberal, izdiham nedeniyle ezilme tehlikesi ge\u00e7irdi. Haberal daha sonra \u00f6\u011fle namaz\u0131n\u0131 k\u0131lmak i\u00e7in camiye girdi.<\/p>\n<p>Medine Haberal&#8217;in cenazesi \u00f6\u011fle namaz\u0131na m\u00fcteakip d\u00fczenlenecek t\u00f6renin ard\u0131ndan asri mezarl\u0131kta topra\u011fa verilecek.<\/p>\n<!-- Error, Advert is not available at this time due to schedule\/geolocation restrictions! -->\n","protected":false},"excerpt":{"rendered":"<p>Mehmet Haberal annesinin cenazesinde&#8230; Ergenekon davas\u0131 kapsam\u0131nda tutuklu yarg\u0131lanan CHP Zonguldak Milletvekili Mehmet Haberal d\u00fcn vefat eden annesi Medine Haberal&#8217;\u0131n cenaze t\u00f6renine kat\u0131ld\u0131.<\/p>\n","protected":false},"author":4,"featured_media":104167,"comment_status":"open","ping_status":"open","sticky":false,"template":"","format":"standard","meta":{"_acf_changed":false,"footnotes":""},"categories":[6155,5005,6202,6805],"tags":[25470],"class_list":["post-104166","post","type-post","status-publish","format-standard","has-post-thumbnail","hentry","category-gundem","category-manset","category-politika","category-turkiye","tag-mehmet-haberal"],"acf":[],"_links":{"self":[{"href":"https:\/\/www.nationalturk.com\/tr\/wp-json\/wp\/v2\/posts\/104166","targetHints":{"allow":["GET"]}}],"collection":[{"href":"https:\/\/www.nationalturk.com\/tr\/wp-json\/wp\/v2\/posts"}],"about":[{"href":"https:\/\/www.nationalturk.com\/tr\/wp-json\/wp\/v2\/types\/post"}],"author":[{"embeddable":true,"href":"https:\/\/www.nationalturk.com\/tr\/wp-json\/wp\/v2\/users\/4"}],"replies":[{"embeddable":true,"href":"https:\/\/www.nationalturk.com\/tr\/wp-json\/wp\/v2\/comments?post=104166"}],"version-history":[{"count":0,"href":"https:\/\/www.nationalturk.com\/tr\/wp-json\/wp\/v2\/posts\/104166\/revisions"}],"wp:featuredmedia":[{"embeddable":true,"href":"https:\/\/www.nationalturk.com\/tr\/wp-json\/wp\/v2\/media\/104167"}],"wp:attachment":[{"href":"https:\/\/www.nationalturk.com\/tr\/wp-json\/wp\/v2\/media?parent=104166"}],"wp:term":[{"taxonomy":"category","embeddable":true,"href":"https:\/\/www.nationalturk.com\/tr\/wp-json\/wp\/v2\/categories?post=104166"},{"taxonomy":"post_tag","embeddable":true,"href":"https:\/\/www.nationalturk.com\/tr\/wp-json\/wp\/v2\/tags?post=104166"}],"curies":[{"name":"wp","href":"https:\/\/api.w.org\/{rel}","templated":true}]}}