{"id":104270,"date":"2012-04-11T11:46:52","date_gmt":"2012-04-11T08:46:52","guid":{"rendered":"http:\/\/www.nationalturk.com\/?p=104270"},"modified":"2012-04-11T11:46:52","modified_gmt":"2012-04-11T08:46:52","slug":"moda-yeni-klip-528","status":"publish","type":"post","link":"https:\/\/www.nationalturk.com\/tr\/moda-yeni-klip-528\/","title":{"rendered":"Moda&#8217;dan yeni klip"},"content":{"rendered":"<h2><a href=\"http:\/\/www.nationalturk.com\/tr\/wp-content\/uploads\/2012\/04\/moda-yeni-klip.jpg\"><img loading=\"lazy\" decoding=\"async\" class=\"alignleft size-medium wp-image-104283\" title=\"Moda&#039;dan yeni klip\" src=\"http:\/\/www.nationalturk.com\/tr\/wp-content\/uploads\/2012\/04\/moda-yeni-klip-280x166.jpg\" alt=\"\" width=\"280\" height=\"166\" srcset=\"https:\/\/www.nationalturk.com\/tr\/wp-content\/uploads\/2012\/04\/moda-yeni-klip-280x166.jpg 280w, https:\/\/www.nationalturk.com\/tr\/wp-content\/uploads\/2012\/04\/moda-yeni-klip-610x362.jpg 610w, https:\/\/www.nationalturk.com\/tr\/wp-content\/uploads\/2012\/04\/moda-yeni-klip.jpg 907w\" sizes=\"auto, (max-width: 280px) 100vw, 280px\" \/><\/a>\u0130talyan grup Moda&#8217;n\u0131n yeni klibi yay\u0131nland\u0131.<\/h2>\n<p>Moda &#8220;Come un pittore&#8221; adl\u0131 \u015fark\u0131s\u0131n\u0131n yeni klibini yay\u0131nlad\u0131. \u0130spanyol rock grubu Jarabe de Palo ile d\u00fcet yapan Moda&#8217;n\u0131n klibi de bir hayli ilgi \u00e7ekici.<\/p>\n<p>Pop-Rock tarz\u0131 \u015fark\u0131lar\u0131 ile \u0130talya\u2019da geni\u015f bir hayran kitlesi olu\u015fturan Moda, &#8220;Come un pittore&#8221; \u015fark\u0131s\u0131nda bir ressam\u0131n hikayesini anlat\u0131yor.<\/p>\n<h3>Jarabe de Palo ile renkli klip<\/h3>\n<p>Klipte m\u00fczikal anlamda Santana&#8217;ya benzerli\u011fi ile dikkat \u00e7eken Jarabe de Palo grubu da yer al\u0131yor. Jarabe de Palo&#8217;nun vokalisti ve gitaristi Pau Dones ile olduk\u00e7a renkli bir klibe imza atan Moda grubu; vokalde \u201cKekko\u201d lakab\u0131yla bilinen Francesco Silvestre, gitarda Diego Arrigoni, basta Stefano Forcella, akustik gitarda Enrico Zapparoli ve davulda Claudio Dirani olmak \u00fczere be\u015f m\u00fczisyenden olu\u015fuyor.<\/p>\n<p>Grubun kurucusu ve vokalisti olan Kekko sahne performans\u0131, enerjisi, kost\u00fcmleri ve sesi ile b\u00fcy\u00fck bir hayran kitlesine sahip. Milano do\u011fumlu olan Kekko ayn\u0131 zamanda besteci ve s\u00f6z yazar\u0131.<\/p>\n<h4>\u0130\u015fte \u0130talyan grup Mod\u00e0\u2019n\u0131n yeni video klibi &#8220;Come un pittore&#8221;;<\/h4>\n[media id=1608 width=610 height=340]\n<h5>Klip \u00e7ekimi g\u00f6r\u00fcnt\u00fcleri;<\/h5>\n[flagallery gid=151 name=Gallery]\n<!-- Error, Advert is not available at this time due to schedule\/geolocation restrictions! -->\n<!-- Error, Advert is not available at this time due to schedule\/geolocation restrictions! -->\n","protected":false},"excerpt":{"rendered":"<p>Moda&#8217;dan yeni klip. \u0130talyan grup Moda&#8217;n\u0131n yeni klibi yay\u0131nland\u0131.<\/p>\n","protected":false},"author":3,"featured_media":184494,"comment_status":"open","ping_status":"open","sticky":false,"template":"","format":"standard","meta":{"_acf_changed":false,"footnotes":""},"categories":[6665,6232,36154,1,5460,67944],"tags":[195944],"class_list":["post-104270","post","type-post","status-publish","format-standard","has-post-thumbnail","hentry","category-dunya","category-magazin","category-muzik","category-nationalturk","category-sakin-kacirmayin","category-yurtdisi-magazin-haberleri","tag-moda"],"acf":[],"_links":{"self":[{"href":"https:\/\/www.nationalturk.com\/tr\/wp-json\/wp\/v2\/posts\/104270","targetHints":{"allow":["GET"]}}],"collection":[{"href":"https:\/\/www.nationalturk.com\/tr\/wp-json\/wp\/v2\/posts"}],"about":[{"href":"https:\/\/www.nationalturk.com\/tr\/wp-json\/wp\/v2\/types\/post"}],"author":[{"embeddable":true,"href":"https:\/\/www.nationalturk.com\/tr\/wp-json\/wp\/v2\/users\/3"}],"replies":[{"embeddable":true,"href":"https:\/\/www.nationalturk.com\/tr\/wp-json\/wp\/v2\/comments?post=104270"}],"version-history":[{"count":0,"href":"https:\/\/www.nationalturk.com\/tr\/wp-json\/wp\/v2\/posts\/104270\/revisions"}],"wp:featuredmedia":[{"embeddable":true,"href":"https:\/\/www.nationalturk.com\/tr\/wp-json\/wp\/v2\/media\/184494"}],"wp:attachment":[{"href":"https:\/\/www.nationalturk.com\/tr\/wp-json\/wp\/v2\/media?parent=104270"}],"wp:term":[{"taxonomy":"category","embeddable":true,"href":"https:\/\/www.nationalturk.com\/tr\/wp-json\/wp\/v2\/categories?post=104270"},{"taxonomy":"post_tag","embeddable":true,"href":"https:\/\/www.nationalturk.com\/tr\/wp-json\/wp\/v2\/tags?post=104270"}],"curies":[{"name":"wp","href":"https:\/\/api.w.org\/{rel}","templated":true}]}}