{"id":104372,"date":"2012-04-11T17:24:15","date_gmt":"2012-04-11T14:24:15","guid":{"rendered":"http:\/\/www.nationalturk.com\/?p=104372"},"modified":"2022-09-10T23:19:51","modified_gmt":"2022-09-10T20:19:51","slug":"hatay-reyhanli-trafik-kazasi-104372","status":"publish","type":"post","link":"https:\/\/www.nationalturk.com\/tr\/hatay-reyhanli-trafik-kazasi-104372\/","title":{"rendered":"Hatay Reyhanl\u0131&#8217;da trafik kazas\u0131: 2 \u00f6l\u00fc"},"content":{"rendered":"<h1><img loading=\"lazy\" decoding=\"async\" class=\"alignleft size-medium wp-image-104375\" title=\"\" src=\"http:\/\/www.nationalturk.com\/tr\/wp-content\/uploads\/2012\/04\/trafik_canavari4-220x220.jpg\" alt=\"\" width=\"220\" height=\"220\" srcset=\"https:\/\/www.nationalturk.com\/tr\/wp-content\/uploads\/2012\/04\/trafik_canavari4-220x220.jpg 220w, https:\/\/www.nationalturk.com\/tr\/wp-content\/uploads\/2012\/04\/trafik_canavari4-50x50.jpg 50w, https:\/\/www.nationalturk.com\/tr\/wp-content\/uploads\/2012\/04\/trafik_canavari4-400x400.jpg 400w, https:\/\/www.nationalturk.com\/tr\/wp-content\/uploads\/2012\/04\/trafik_canavari4.jpg 500w\" sizes=\"auto, (max-width: 220px) 100vw, 220px\" \/>Hatay Reyhanl\u0131&#8217;da trafik kazas\u0131: 2 \u00f6l\u00fc&#8230; Hatay&#8217;\u0131n\u00a0Reyhanl\u0131 il\u00e7esinde meydana gelen trafik kazas\u0131nda 2 ki\u015fi hayat\u0131n\u0131 kaybetti, 2 ki\u015fi de yaraland\u0131.<\/h1>\n<p>Al\u0131nan bilgiye g\u00f6re, Antakya&#8217;dan Suriye&#8217;nin Ba\u015fkenti \u015eam&#8217;a yolcu ta\u015f\u0131yan Cevdet Camuz (42) y\u00f6netimindeki 31 HV 527 plakal\u0131 otob\u00fcs, Reyhanl\u0131 il\u00e7esi K\u00fcme Evler Mahallesi \u00c7ay\u0131gah mevkisinde kar\u015f\u0131 y\u00f6nden gelen Hikmet Sinirli (25) idaresindeki 31 ZD 767 plakal\u0131 otomobille \u00e7arp\u0131\u015ft\u0131.<\/p>\n<p>Kazada, otomobil s\u00fcr\u00fcc\u00fcs\u00fc Hikmet Sinirli ile ara\u00e7ta bulunan Firuzan Tolu olay yerinde ya\u015fam\u0131n\u0131 yitirdi. \u00a0Otomobilde bulunan Elif Tolu (3) ile G\u00fcl\u015fen Es (33) de yaraland\u0131. \u00a0Ambulansla Reyhanl\u0131 Devlet Hastanesi&#8217;ne kald\u0131r\u0131lan yaral\u0131lardan G\u00fcl\u015fen Es, yap\u0131lan ilk m\u00fcdahalenin ard\u0131ndan Antakya Devlet Hastanesine sevk edildi. Olayla ilgili otob\u00fcs \u015fof\u00f6r\u00fc Cevdet Camuz g\u00f6zalt\u0131na al\u0131nd\u0131.<\/p>\n<!-- Error, Advert is not available at this time due to schedule\/geolocation restrictions! -->\n","protected":false},"excerpt":{"rendered":"<p>Hatay Reyhanl\u0131&#8217;da trafik kazas\u0131: 2 \u00f6l\u00fc&#8230; Hatay&#8217;\u0131n Reyhanl\u0131 il\u00e7esinde meydana gelen trafik kazas\u0131nda 2 ki\u015fi hayat\u0131n\u0131 kaybetti, 2 ki\u015fi de yaraland\u0131.<\/p>\n","protected":false},"author":4,"featured_media":184481,"comment_status":"open","ping_status":"open","sticky":false,"template":"","format":"standard","meta":{"_acf_changed":false,"footnotes":""},"categories":[6772,349,6805],"tags":[1396,79779,12096,97732,12097,806],"class_list":["post-104372","post","type-post","status-publish","format-standard","has-post-thumbnail","hentry","category-ortadogu","category-son-dakika","category-turkiye","tag-hatay","tag-hatay-kaza","tag-hatay-trafik-kazasi","tag-reyhanli","tag-reyhanli-trafik-kazasi","tag-suriye"],"acf":[],"_links":{"self":[{"href":"https:\/\/www.nationalturk.com\/tr\/wp-json\/wp\/v2\/posts\/104372","targetHints":{"allow":["GET"]}}],"collection":[{"href":"https:\/\/www.nationalturk.com\/tr\/wp-json\/wp\/v2\/posts"}],"about":[{"href":"https:\/\/www.nationalturk.com\/tr\/wp-json\/wp\/v2\/types\/post"}],"author":[{"embeddable":true,"href":"https:\/\/www.nationalturk.com\/tr\/wp-json\/wp\/v2\/users\/4"}],"replies":[{"embeddable":true,"href":"https:\/\/www.nationalturk.com\/tr\/wp-json\/wp\/v2\/comments?post=104372"}],"version-history":[{"count":0,"href":"https:\/\/www.nationalturk.com\/tr\/wp-json\/wp\/v2\/posts\/104372\/revisions"}],"wp:featuredmedia":[{"embeddable":true,"href":"https:\/\/www.nationalturk.com\/tr\/wp-json\/wp\/v2\/media\/184481"}],"wp:attachment":[{"href":"https:\/\/www.nationalturk.com\/tr\/wp-json\/wp\/v2\/media?parent=104372"}],"wp:term":[{"taxonomy":"category","embeddable":true,"href":"https:\/\/www.nationalturk.com\/tr\/wp-json\/wp\/v2\/categories?post=104372"},{"taxonomy":"post_tag","embeddable":true,"href":"https:\/\/www.nationalturk.com\/tr\/wp-json\/wp\/v2\/tags?post=104372"}],"curies":[{"name":"wp","href":"https:\/\/api.w.org\/{rel}","templated":true}]}}