{"id":104482,"date":"2012-04-12T16:42:33","date_gmt":"2012-04-12T13:42:33","guid":{"rendered":"http:\/\/www.nationalturk.com\/?p=104482"},"modified":"2012-04-12T16:42:49","modified_gmt":"2012-04-12T13:42:49","slug":"manisada-trafik-kazasi-3-olu-104482","status":"publish","type":"post","link":"https:\/\/www.nationalturk.com\/tr\/manisada-trafik-kazasi-3-olu-104482\/","title":{"rendered":"Manisa&#8217;da trafik kazas\u0131: 3 \u00f6l\u00fc"},"content":{"rendered":"<h1><img loading=\"lazy\" decoding=\"async\" class=\"alignleft size-medium wp-image-104484\" title=\"Manisa\" src=\"http:\/\/www.nationalturk.com\/tr\/wp-content\/uploads\/2012\/04\/manisa_kazaa-280x185.jpg\" alt=\"\" width=\"280\" height=\"185\" srcset=\"https:\/\/www.nationalturk.com\/tr\/wp-content\/uploads\/2012\/04\/manisa_kazaa-280x185.jpg 280w, https:\/\/www.nationalturk.com\/tr\/wp-content\/uploads\/2012\/04\/manisa_kazaa.jpg 500w\" sizes=\"auto, (max-width: 280px) 100vw, 280px\" \/>Manisa&#8217;da trafik kazas\u0131: 3 \u00f6l\u00fc&#8230;\u00a0Manisa\u2019da otomobille kamyonetin \u00e7arp\u0131\u015fmas\u0131 sonucu meydana gelen trafik kazas\u0131nda 3 ki\u015fi hayat\u0131n\u0131 kaybetti, 5 ki\u015fi de yaraland\u0131.<\/h1>\n<p>Al\u0131nan bilgiye g\u00f6re Manisa\u2019dan Menemen istikametine giden 45 FE 886 plakal\u0131 otomobil ile kar\u015f\u0131 y\u00f6nden gelen 35 BBY 18 plakal\u0131 kamyonet, Muradiye \u00e7\u0131k\u0131\u015f\u0131nda \u00e7arp\u0131\u015ft\u0131. Kazada Ali S\u00f6nmez (31) ve Ramazan Yi\u015fin olay yerinde, Y\u0131lmaz Yi\u015fin ise kald\u0131r\u0131ld\u0131\u011f\u0131 Celal Bayar \u00dcniversitesi (CB\u00dc) Hastanesi&#8217;nde hayat\u0131n\u0131 kaybetti. Otomobildeki Hasan Yi\u015fin (27) ile \u015farampole yuvarlanan kamyonetteki Murat Karaka\u015f (43), Mustafa Ku\u015f\u00e7u (39), K\u00fcr\u015fat G\u00fclapo\u011flu (30) ve Mehmet Turan Kaya (49) yaraland\u0131. Yaral\u0131lardan Hasan Yi\u015fin ve Murat Karaka\u015f Merkez Efendi Devlet Hastanesi&#8217;nde, Mustafa Ku\u015f\u00e7u, K\u00fcr\u015fat G\u00fclapo\u011flu ve Mehmet Turan Kaya da \u00d6zel Grand Medical Hastanesi&#8217;nde tedavi alt\u0131na al\u0131nd\u0131.<\/p>\n<!-- Error, Advert is not available at this time due to schedule\/geolocation restrictions! -->\n","protected":false},"excerpt":{"rendered":"<p>Manisa&#8217;da trafik kazas\u0131: 3 \u00f6l\u00fc&#8230; Manisa\u2019da otomobille kamyonetin \u00e7arp\u0131\u015fmas\u0131 sonucu meydana gelen trafik kazas\u0131nda 3 ki\u015fi hayat\u0131n\u0131 kaybetti, 5 ki\u015fi de yaraland\u0131. <\/p>\n","protected":false},"author":4,"featured_media":184464,"comment_status":"open","ping_status":"open","sticky":false,"template":"","format":"standard","meta":{"_acf_changed":false,"footnotes":""},"categories":[349,6805],"tags":[3144,86170,77646,97817],"class_list":["post-104482","post","type-post","status-publish","format-standard","has-post-thumbnail","hentry","category-son-dakika","category-turkiye","tag-manisa","tag-manisa-kaza","tag-manisa-trafik-kazasi","tag-mehmet-turan"],"acf":[],"_links":{"self":[{"href":"https:\/\/www.nationalturk.com\/tr\/wp-json\/wp\/v2\/posts\/104482","targetHints":{"allow":["GET"]}}],"collection":[{"href":"https:\/\/www.nationalturk.com\/tr\/wp-json\/wp\/v2\/posts"}],"about":[{"href":"https:\/\/www.nationalturk.com\/tr\/wp-json\/wp\/v2\/types\/post"}],"author":[{"embeddable":true,"href":"https:\/\/www.nationalturk.com\/tr\/wp-json\/wp\/v2\/users\/4"}],"replies":[{"embeddable":true,"href":"https:\/\/www.nationalturk.com\/tr\/wp-json\/wp\/v2\/comments?post=104482"}],"version-history":[{"count":0,"href":"https:\/\/www.nationalturk.com\/tr\/wp-json\/wp\/v2\/posts\/104482\/revisions"}],"wp:featuredmedia":[{"embeddable":true,"href":"https:\/\/www.nationalturk.com\/tr\/wp-json\/wp\/v2\/media\/184464"}],"wp:attachment":[{"href":"https:\/\/www.nationalturk.com\/tr\/wp-json\/wp\/v2\/media?parent=104482"}],"wp:term":[{"taxonomy":"category","embeddable":true,"href":"https:\/\/www.nationalturk.com\/tr\/wp-json\/wp\/v2\/categories?post=104482"},{"taxonomy":"post_tag","embeddable":true,"href":"https:\/\/www.nationalturk.com\/tr\/wp-json\/wp\/v2\/tags?post=104482"}],"curies":[{"name":"wp","href":"https:\/\/api.w.org\/{rel}","templated":true}]}}