{"id":104592,"date":"2012-04-13T14:26:46","date_gmt":"2012-04-13T11:26:46","guid":{"rendered":"http:\/\/www.nationalturk.com\/?p=104592"},"modified":"2012-04-13T15:15:26","modified_gmt":"2012-04-13T12:15:26","slug":"son-dakika-kahramanmaras-patlama-104592","status":"publish","type":"post","link":"https:\/\/www.nationalturk.com\/tr\/son-dakika-kahramanmaras-patlama-104592\/","title":{"rendered":"Son dakika \/ Kahramanmara\u015f&#8217;ta patlama: 4 \u00f6l\u00fc 9 yaral\u0131"},"content":{"rendered":"<h1><img loading=\"lazy\" decoding=\"async\" class=\"alignleft size-medium wp-image-104593\" title=\"\" src=\"http:\/\/www.nationalturk.com\/tr\/wp-content\/uploads\/2012\/04\/son-dakika-dikey12-206x220.jpg\" alt=\"\" width=\"206\" height=\"220\" srcset=\"https:\/\/www.nationalturk.com\/tr\/wp-content\/uploads\/2012\/04\/son-dakika-dikey12-206x220.jpg 206w, https:\/\/www.nationalturk.com\/tr\/wp-content\/uploads\/2012\/04\/son-dakika-dikey12.jpg 300w\" sizes=\"auto, (max-width: 206px) 100vw, 206px\" \/>Son dakika \/ Kahramanmara\u015f&#8217;ta patlama: 4 \u00f6l\u00fc 8 yaral\u0131&#8230;\u00a0Kahramanmara\u015f&#8217;ta bir kot boyama fabrikas\u0131nda meydana gelen patlamada 1 ki\u015fi hayat\u0131n\u0131 kaybetti, 9 ki\u015fi de yaraland\u0131.<\/h1>\n<p>Al\u0131nan bilgilere g\u00f6re\u00a0Kahramanmara\u015f Kayseri karayolunda bir firmaya ait kot boyama fabrikas\u0131nda bug\u00fcn \u00f6\u011fle saatlerinde patlama meydana geldi. Patlamada bir ki\u015fi hayat\u0131n\u0131 kaybetti. Yaral\u0131lar Kahramanmara\u015f S\u00fct\u00e7\u00fc imam \u00dcniversitesi T\u0131p Fak\u00fcltesi ile Kahramanmara\u015f Devlet Hastanesi&#8217;ne kald\u0131r\u0131ld\u0131.<\/p>\n<p>Patlaman\u0131n ard\u0131ndan olay yerine giden Kahramanmara\u015f\u00a0Vali Vekili Servet G\u00fcng\u00f6r, patlaman\u0131n boya kazan\u0131ndan kaynakland\u0131\u011f\u0131n\u0131n tahmin edildi\u011fini belirterek bir i\u015f\u00e7inin hayat\u0131n\u0131 kaybetti\u011fini 8 ki\u015finin de yaraland\u0131\u011f\u0131n\u0131 a\u00e7\u0131klad\u0131.<\/p>\n<h2>Kahramanmara\u015f&#8217;ta patlama \/ \u00d6l\u00fc say\u0131s\u0131 4&#8217;e y\u00fckseldi<\/h2>\n<p>Kahramanmara\u015f&#8217;taki patlamada hayat\u0131n\u0131 kaybedenlerin say\u0131s\u0131 4&#8217;e, yaral\u0131 say\u0131s\u0131 ise 9&#8217;a y\u00fckseldi.<\/p>\n<!-- Error, Advert is not available at this time due to schedule\/geolocation restrictions! -->\n","protected":false},"excerpt":{"rendered":"<p>Son dakika \/ Kahramanmara\u015f&#8217;ta patlama: 1 \u00f6l\u00fc 8 yaral\u0131&#8230; Kahramanmara\u015f&#8217;ta bir kot boyama fabrikas\u0131nda meydana gelen patlamada 1 ki\u015fi hayat\u0131n\u0131 kaybetti, 8 ki\u015fi de yaraland\u0131.<\/p>\n","protected":false},"author":4,"featured_media":184445,"comment_status":"open","ping_status":"open","sticky":false,"template":"","format":"standard","meta":{"_acf_changed":false,"footnotes":""},"categories":[6155,349,6805],"tags":[9833,97911,27382,97913],"class_list":["post-104592","post","type-post","status-publish","format-standard","has-post-thumbnail","hentry","category-gundem","category-son-dakika","category-turkiye","tag-kahramanmaras","tag-kahramanmaras-son-dakika","tag-son-dakika","tag-son-dakika-kahramanmaras"],"acf":[],"_links":{"self":[{"href":"https:\/\/www.nationalturk.com\/tr\/wp-json\/wp\/v2\/posts\/104592","targetHints":{"allow":["GET"]}}],"collection":[{"href":"https:\/\/www.nationalturk.com\/tr\/wp-json\/wp\/v2\/posts"}],"about":[{"href":"https:\/\/www.nationalturk.com\/tr\/wp-json\/wp\/v2\/types\/post"}],"author":[{"embeddable":true,"href":"https:\/\/www.nationalturk.com\/tr\/wp-json\/wp\/v2\/users\/4"}],"replies":[{"embeddable":true,"href":"https:\/\/www.nationalturk.com\/tr\/wp-json\/wp\/v2\/comments?post=104592"}],"version-history":[{"count":0,"href":"https:\/\/www.nationalturk.com\/tr\/wp-json\/wp\/v2\/posts\/104592\/revisions"}],"wp:featuredmedia":[{"embeddable":true,"href":"https:\/\/www.nationalturk.com\/tr\/wp-json\/wp\/v2\/media\/184445"}],"wp:attachment":[{"href":"https:\/\/www.nationalturk.com\/tr\/wp-json\/wp\/v2\/media?parent=104592"}],"wp:term":[{"taxonomy":"category","embeddable":true,"href":"https:\/\/www.nationalturk.com\/tr\/wp-json\/wp\/v2\/categories?post=104592"},{"taxonomy":"post_tag","embeddable":true,"href":"https:\/\/www.nationalturk.com\/tr\/wp-json\/wp\/v2\/tags?post=104592"}],"curies":[{"name":"wp","href":"https:\/\/api.w.org\/{rel}","templated":true}]}}