{"id":104639,"date":"2012-04-14T10:29:44","date_gmt":"2012-04-14T07:29:44","guid":{"rendered":"http:\/\/www.nationalturk.com\/?p=104639"},"modified":"2012-04-14T17:05:32","modified_gmt":"2012-04-14T14:05:32","slug":"interpol-aradigi-yat-bogazda-yakalandi-104639","status":"publish","type":"post","link":"https:\/\/www.nationalturk.com\/tr\/interpol-aradigi-yat-bogazda-yakalandi-104639\/","title":{"rendered":"\u0130nterpol&#8217; un arad\u0131\u011f\u0131 yat bo\u011fazda yakaland\u0131"},"content":{"rendered":"<h1><img loading=\"lazy\" decoding=\"async\" class=\"alignleft size-medium wp-image-104640\" title=\"\u0130nterpol taraf\u0131ndan aranan yat Bo\u011faz&#039; da yakakland\u0131\" src=\"http:\/\/www.nationalturk.com\/tr\/wp-content\/uploads\/2012\/04\/interpol-un-aradigi-yat-limanda-280x155.jpg\" alt=\"\" width=\"280\" height=\"155\" srcset=\"https:\/\/www.nationalturk.com\/tr\/wp-content\/uploads\/2012\/04\/interpol-un-aradigi-yat-limanda-280x155.jpg 280w, https:\/\/www.nationalturk.com\/tr\/wp-content\/uploads\/2012\/04\/interpol-un-aradigi-yat-limanda-610x338.jpg 610w, https:\/\/www.nationalturk.com\/tr\/wp-content\/uploads\/2012\/04\/interpol-un-aradigi-yat-limanda.jpg 640w\" sizes=\"auto, (max-width: 280px) 100vw, 280px\" \/>\u0130talya&#8217;da yakla\u015f\u0131k bir hafta \u00f6nce \u00e7al\u0131nd\u0131\u011f\u0131 ve \u0130nterpol taraf\u0131ndan arand\u0131\u011f\u0131 belirtilen yat, \u0130stanbul Bo\u011faz\u0131&#8217;nda yakaland\u0131.<\/h1>\n<p>\u0130hbar \u00fczerine harekete ge\u00e7en sahil g\u00fcvenlik ekipleri, Atlantis marka &#8221;Orange&#8221; isimli yata el koydu. Yatta bulunan ve Ukrayna uyruklu oldu\u011fu \u00f6\u011frenilen 2 ki\u015fi de g\u00f6zalt\u0131na al\u0131nd\u0131.<\/p>\n<p>Sahil g\u00fcvenlik ekipleri yat\u0131, g\u00f6zalt\u0131na al\u0131nan \u015fah\u0131slarla birlikte Bak\u0131rk\u00f6y&#8217;deki Atak\u00f6y Marina&#8217;ya getirdi.<\/p>\n<p>Yat\u0131 Ukrayna&#8217;ya g\u00f6t\u00fcrmek istedikleri \u00f6ne s\u00fcr\u00fclen 2 ki\u015finin sorgusu ise s\u00fcr\u00fcyor.<\/p>\n<p>S\u00f6z konusu yat\u0131n de\u011ferinin yakla\u015f\u0131k 1,5 milyon lira oldu\u011fu ve \u0130nterpol&#8217;\u00fcn (Ulusluraras\u0131 Polis Te\u015fkilat\u0131)\u00a0 yat\u0131 bulmak i\u00e7in ba\u015fta \u0130talya karasular\u0131 olmak \u00fczere uluslararas\u0131 sularda bir \u00e7al\u0131\u015fma y\u00fcr\u00fctt\u00fc\u011f\u00fc kaydedildi.<\/p>\n<!-- Error, Advert is not available at this time due to schedule\/geolocation restrictions! -->\n<!-- Error, Advert is not available at this time due to schedule\/geolocation restrictions! -->\n","protected":false},"excerpt":{"rendered":"<p>\u0130talya&#8217;da yakla\u015f\u0131k bir hafta \u00f6nce \u00e7al\u0131nd\u0131\u011f\u0131 ve \u0130nterpol taraf\u0131ndan arand\u0131\u011f\u0131 belirtilen yat, \u0130stanbul Bo\u011faz\u0131&#8217;nda yakaland\u0131.<\/p>\n","protected":false},"author":651,"featured_media":104640,"comment_status":"open","ping_status":"open","sticky":false,"template":"","format":"standard","meta":{"_acf_changed":false,"footnotes":""},"categories":[6770,6155,5005,349,6805],"tags":[8270,97956,478,10,96678],"class_list":["post-104639","post","type-post","status-publish","format-standard","has-post-thumbnail","hentry","category-avrupa","category-gundem","category-manset","category-son-dakika","category-turkiye","tag-atakoy-marina","tag-interpol","tag-istanbul-bogazi","tag-italya","tag-sahil-guvenlik"],"acf":[],"_links":{"self":[{"href":"https:\/\/www.nationalturk.com\/tr\/wp-json\/wp\/v2\/posts\/104639","targetHints":{"allow":["GET"]}}],"collection":[{"href":"https:\/\/www.nationalturk.com\/tr\/wp-json\/wp\/v2\/posts"}],"about":[{"href":"https:\/\/www.nationalturk.com\/tr\/wp-json\/wp\/v2\/types\/post"}],"author":[{"embeddable":true,"href":"https:\/\/www.nationalturk.com\/tr\/wp-json\/wp\/v2\/users\/651"}],"replies":[{"embeddable":true,"href":"https:\/\/www.nationalturk.com\/tr\/wp-json\/wp\/v2\/comments?post=104639"}],"version-history":[{"count":0,"href":"https:\/\/www.nationalturk.com\/tr\/wp-json\/wp\/v2\/posts\/104639\/revisions"}],"wp:featuredmedia":[{"embeddable":true,"href":"https:\/\/www.nationalturk.com\/tr\/wp-json\/wp\/v2\/media\/104640"}],"wp:attachment":[{"href":"https:\/\/www.nationalturk.com\/tr\/wp-json\/wp\/v2\/media?parent=104639"}],"wp:term":[{"taxonomy":"category","embeddable":true,"href":"https:\/\/www.nationalturk.com\/tr\/wp-json\/wp\/v2\/categories?post=104639"},{"taxonomy":"post_tag","embeddable":true,"href":"https:\/\/www.nationalturk.com\/tr\/wp-json\/wp\/v2\/tags?post=104639"}],"curies":[{"name":"wp","href":"https:\/\/api.w.org\/{rel}","templated":true}]}}