{"id":104727,"date":"2012-04-16T10:04:16","date_gmt":"2012-04-16T07:04:16","guid":{"rendered":"http:\/\/www.nationalturk.com\/?p=104727"},"modified":"2012-04-16T10:04:16","modified_gmt":"2012-04-16T07:04:16","slug":"ekonomi-bakani-zafer-caglayan-amerika-ya-gitti-587456","status":"publish","type":"post","link":"https:\/\/www.nationalturk.com\/tr\/ekonomi-bakani-zafer-caglayan-amerika-ya-gitti-587456\/","title":{"rendered":"Ekonomi Bakan\u0131 Zafer \u00c7a\u011flayan Amerika&#8217; ya gitti"},"content":{"rendered":"<h1><img loading=\"lazy\" decoding=\"async\" class=\"alignleft  wp-image-104728\" title=\"Ekonomi Bakan\u0131 Zafer \u00c7a\u011flayan Amerika&#039; ya gitti\" src=\"http:\/\/www.nationalturk.com\/tr\/wp-content\/uploads\/2012\/04\/ekonomi-bakani-zafer-caglayan-280x217.jpg\" alt=\"\" width=\"168\" height=\"130\" srcset=\"https:\/\/www.nationalturk.com\/tr\/wp-content\/uploads\/2012\/04\/ekonomi-bakani-zafer-caglayan-280x217.jpg 280w, https:\/\/www.nationalturk.com\/tr\/wp-content\/uploads\/2012\/04\/ekonomi-bakani-zafer-caglayan-514x400.jpg 514w, https:\/\/www.nationalturk.com\/tr\/wp-content\/uploads\/2012\/04\/ekonomi-bakani-zafer-caglayan.jpg 712w\" sizes=\"auto, (max-width: 168px) 100vw, 168px\" \/>Ekonomi Bakan\u0131 Zafer \u00c7a\u011flayan, resmi bir ziyaret i\u00e7in ABD&#8217;ye gitti.<\/h1>\n<p>THY&#8217;ye ait u\u00e7akla New York&#8217;a hareket eden Bakan \u00c7a\u011flayan&#8217;\u0131 Atat\u00fcrk Havaliman\u0131&#8217;ndan \u0130stanbul Vali Yard\u0131mc\u0131s\u0131 Fevzi G\u00fcne\u015f u\u011furlad\u0131.<\/p>\n<p>Ekonomi Bakan\u0131 Zafer \u00c7a\u011flayan, ABD&#8217;deki temaslar\u0131n\u0131n ard\u0131ndan ziyaret program\u0131n\u0131n ikinci aya\u011f\u0131 olan Meksika&#8217;ya ge\u00e7ecek.<\/p>\n<!-- Error, Advert is not available at this time due to schedule\/geolocation restrictions! -->\n<!-- Error, Advert is not available at this time due to schedule\/geolocation restrictions! -->\n","protected":false},"excerpt":{"rendered":"<p>Ekonomi Bakan\u0131 Zafer \u00c7a\u011flayan, resmi bir ziyaret i\u00e7in ABD&#8217;ye gitti. <\/p>\n","protected":false},"author":651,"featured_media":104728,"comment_status":"open","ping_status":"open","sticky":false,"template":"","format":"standard","meta":{"_acf_changed":false,"footnotes":""},"categories":[6199],"tags":[57863,92387,92388,4019],"class_list":["post-104727","post","type-post","status-publish","format-standard","has-post-thumbnail","hentry","category-ekonomi","tag-bakan-zafer-caglayan","tag-ekonomi-bakani","tag-ekonomi-bakani-zafer-caglayan","tag-zafer-caglayan"],"acf":[],"_links":{"self":[{"href":"https:\/\/www.nationalturk.com\/tr\/wp-json\/wp\/v2\/posts\/104727","targetHints":{"allow":["GET"]}}],"collection":[{"href":"https:\/\/www.nationalturk.com\/tr\/wp-json\/wp\/v2\/posts"}],"about":[{"href":"https:\/\/www.nationalturk.com\/tr\/wp-json\/wp\/v2\/types\/post"}],"author":[{"embeddable":true,"href":"https:\/\/www.nationalturk.com\/tr\/wp-json\/wp\/v2\/users\/651"}],"replies":[{"embeddable":true,"href":"https:\/\/www.nationalturk.com\/tr\/wp-json\/wp\/v2\/comments?post=104727"}],"version-history":[{"count":0,"href":"https:\/\/www.nationalturk.com\/tr\/wp-json\/wp\/v2\/posts\/104727\/revisions"}],"wp:featuredmedia":[{"embeddable":true,"href":"https:\/\/www.nationalturk.com\/tr\/wp-json\/wp\/v2\/media\/104728"}],"wp:attachment":[{"href":"https:\/\/www.nationalturk.com\/tr\/wp-json\/wp\/v2\/media?parent=104727"}],"wp:term":[{"taxonomy":"category","embeddable":true,"href":"https:\/\/www.nationalturk.com\/tr\/wp-json\/wp\/v2\/categories?post=104727"},{"taxonomy":"post_tag","embeddable":true,"href":"https:\/\/www.nationalturk.com\/tr\/wp-json\/wp\/v2\/tags?post=104727"}],"curies":[{"name":"wp","href":"https:\/\/api.w.org\/{rel}","templated":true}]}}