{"id":104849,"date":"2012-04-17T11:06:58","date_gmt":"2012-04-17T08:06:58","guid":{"rendered":"http:\/\/www.nationalturk.com\/?p=104849"},"modified":"2012-04-17T11:08:48","modified_gmt":"2012-04-17T08:08:48","slug":"cemil-cicek-28-subat-104849","status":"publish","type":"post","link":"https:\/\/www.nationalturk.com\/tr\/cemil-cicek-28-subat-104849\/","title":{"rendered":"Cemil \u00c7i\u00e7ek&#8217;ten 28 \u015eubat a\u00e7\u0131klamas\u0131"},"content":{"rendered":"<h1><img loading=\"lazy\" decoding=\"async\" class=\"alignnone size-full wp-image-104851\" title=\"Cemil \u00c7i\u00e7ek\" src=\"http:\/\/www.nationalturk.com\/tr\/wp-content\/uploads\/2012\/04\/cemil_cicek_fidan.jpg\" alt=\"\" width=\"610\" height=\"395\"><\/h1>\n<h1>Cemil \u00c7i\u00e7ek&#8217;ten 28 \u015eubat a\u00e7\u0131klamas\u0131&#8230;\u00a0Cumhurba\u015fkan\u0131 Vekili ve TBMM Ba\u015fkan\u0131 Cemil \u00c7i\u00e7ek, 28 \u015eubat soru\u015fturmas\u0131 ile ilgili a\u00e7\u0131klamalarda bulundu.<\/h1>\n<p>Cemil \u00c7i\u00e7ek, TBMM Ba\u015fkanlar Park\u0131&#8217;nda, 24. D\u00f6nem 2. Yasama Y\u0131l\u0131 Fidan Dikme t\u00f6reninde gazetecilerin 28 \u015eubat soru\u015fturmas\u0131na ili\u015fkin sorular\u0131n\u0131 yan\u0131tlad\u0131.<\/p>\n<p>T\u00fcrkiye&#8217;nin kendi ge\u00e7mi\u015fiyle yarg\u0131 \u00f6n\u00fcnde bir y\u00fczle\u015fme d\u00f6nemine girdi\u011fini belirten \u00c7i\u00e7ek, bu t\u00fcr soru\u015fturmalar\u0131n \u00f6nemli oldu\u011funu s\u00f6yledi.<\/p>\n<p>\u00dclkenin 1950&#8217;li y\u0131llardan bu yana \u00e7ok partili siyasal ya\u015fama girdi\u011fini, ancak zaman zaman demokrasinin, siyasetin, Meclis faaliyetlerinin ask\u0131ya al\u0131nd\u0131\u011f\u0131n\u0131 ifade eden \u00c7i\u00e7ek, &#8221;Geriye d\u00f6n\u00fcp bakt\u0131\u011f\u0131m\u0131zda demokrasinin ask\u0131ya al\u0131nmas\u0131 gerekiyor muydu, bug\u00fcn bunlar\u0131 daha sa\u011fl\u0131kl\u0131 bir \u015fekilde de\u011ferlendirebiliyoruz. Bu m\u00fcdahalelerin arkas\u0131nda ne var ne yok, gelecek nesillerin bunlar\u0131 \u00f6\u011frenmesi, demokrasinin standard\u0131n\u0131n y\u00fckseltilmesi bak\u0131m\u0131ndan \u00f6nemlidir. \u0130nan\u0131yoruz ki art\u0131k bu t\u00fcrl\u00fc m\u00fcdahaleler d\u00f6nemi bitmi\u015ftir&#8221; diye konu\u015ftu.<\/p>\n<p>Halk\u0131n iradesi ile i\u015f ba\u015f\u0131na gelenleri yine halk\u0131n iradesinin g\u00f6t\u00fcrebilece\u011finine dikkati \u00e7eken \u00c7i\u00e7ek, \u015funlar\u0131 s\u00f6yledi:<br \/>\n&#8221;Do\u011fru olan da budur. \u00c7\u00fcnk\u00fc Cumhuriyetin de demokrasinin de devletin de sahibi millettir. Kimse kendisini milletin yerine koyarak demokrasiyi ask\u0131ya alma gayretleri i\u00e7inde, hi\u00e7 olmazsa bundan b\u00f6yle bulunmamal\u0131d\u0131r. Toplumda b\u00f6yle bir bilin\u00e7 var.<\/p>\n<p>\u015eimdi geriye d\u00f6n\u00fck yarg\u0131lama s\u00fcreci ba\u015flam\u0131\u015ft\u0131r. Meclis&#8217;te de bir komisyon kuruldu. \u00dcmit ederim ki bu komisyon da soru\u015fturma ve kovu\u015fturmaya paralel t\u00fcm araka plan\u0131nda siyaseten ne varsa onu da \u00e7\u0131karma imkan\u0131 olur. Bunlar T\u00fcrkiye&#8217;de iyi geli\u015fmelerdir. Ancak bu s\u00fcreci kin ve intikam duygusuyla de\u011fil, \u00e7\u00fcnk\u00fc bunlar telaffuz ediliyor, hukuk \u00e7er\u00e7evesinde, hukukun i\u00e7inde kalarak ve kendi ba\u011flam\u0131ndan da d\u0131\u015far\u0131ya \u00e7\u0131karmadan, soru\u015fturmalar\u0131n, kovu\u015fturmalar\u0131n ve ara\u015ft\u0131rmalar\u0131n s\u00fcrd\u00fcr\u00fclmesi gerekmektedir. \u00dclke bir s\u0131navdan ge\u00e7iyor. \u00dcmit ederim ki bu s\u0131navdan da \u00fclkemiz ba\u015far\u0131yla \u00e7\u0131kar. Demokrasimizi de bu manada daha ileriye getirmi\u015f oluruz diye d\u00fc\u015f\u00fcn\u00fcyorum.<\/p>\n<p>Herkesin bu s\u00fcre\u00e7te biraz daha so\u011fuk kanl\u0131 biraz daha sab\u0131rl\u0131 olmas\u0131 gerekiyor. Ben 28 \u015eubatta Meclis&#8217;teydim. 12 Eyl\u00fcl&#8217;de avukatl\u0131k yap\u0131yordum. 27 May\u0131s&#8217;ta \u00f6\u011frenciydim. Dolay\u0131s\u0131yla bu m\u00fcdahaleleri bir \u00f6l\u00e7\u00fcde d\u0131\u015far\u0131dan, i\u00e7eriden ya\u015fam\u0131\u015f birisi olarak ifade edebilirim ki bug\u00fcn T\u00fcrkiye d\u00fcnden daha iyi noktadad\u0131r. \u00d6yle de olmas\u0131 gerekiyor.&#8221;<\/p>\n<p>TBMM Ba\u015fkan\u0131 Cemil \u00c7i\u00e7ek, bir \u015feye dikkat edilmesi gerekti\u011fine i\u015faret ederek, \u015funlar\u0131 s\u00f6yledi:<\/p>\n<p>&#8221;Tart\u0131\u015fmalara, yaz\u0131l\u0131p \u00e7izilenlere bak\u0131yorum. Herkesin kendisine bir vicdan muhasebesi yapmas\u0131 laz\u0131m. Ortal\u0131k ayd\u0131nlan\u0131nca kahramanlar \u00e7o\u011fal\u0131yor. Demokrasiye vurgu yapanlar \u00e7o\u011fal\u0131yor. Bu \u00f6nemlidir. Vurgular yap\u0131ls\u0131n ama bu olaylar oldu\u011funda da herkes neredeydi, bunun da vicdan muhasebesinin yap\u0131lmas\u0131 gerekiyor.<br \/>\nBu i\u015fin s\u0131k\u0131nt\u0131lar\u0131n\u0131 bas\u0131n mensuplar\u0131 da \u00e7ekti. O zaman meslek mensuplar\u0131n\u0131n ipini \u00e7ekenler, \u015fimdi demokrasiye b\u00fcy\u00fck \u00f6l\u00e7\u00fcde vurgu yap\u0131yorlar. E\u011fer bir vicdan muhasebesinin sonucunda samimi olarak demokratlarsa diyece\u011fim hi\u00e7bir \u015fey yok. Ama \u015fimdi \u015fartlar b\u00f6yle gerektiriyor diye, bug\u00fcn b\u00f6yle d\u00fcn de \u00f6yle diyorlarsa bu da \u00e7ok ahlaki bir durum de\u011fildir.&#8221;<br \/>\n\u00c7i\u00e7ek, 28 \u015eubat soru\u015fturmas\u0131 kapsam\u0131nda tutuklanan eski Genelkurmay 2. Ba\u015fkan\u0131 emekli Orgeneral \u00c7evik Bir&#8217;in ifadesine ili\u015fkin bir soru \u00fczerine, yarg\u0131ya intikal etmi\u015f, somut bir olayla ilgili, hukuka sayg\u0131n\u0131n gere\u011fi olarak hi\u00e7bir yorum yapamayaca\u011f\u0131n\u0131 s\u00f6yledi.<\/p>\n<p>\u00c7i\u00e7ek, t\u00f6rende, TBMM Ba\u015fkanlar Park\u0131&#8217;nda fidan dikti. T\u00f6rene, eski Meclis ba\u015fkanlar\u0131ndan Ferruh Bozbeyli de kat\u0131ld\u0131.<\/p>\n<!-- Error, Advert is not available at this time due to schedule\/geolocation restrictions! -->\n","protected":false},"excerpt":{"rendered":"<p>Cemil \u00c7i\u00e7ek&#8217;ten 28 \u015eubat a\u00e7\u0131klamas\u0131&#8230; Cumhurba\u015fkan\u0131 Vekili ve TBMM Ba\u015fkan\u0131 Cemil \u00c7i\u00e7ek, 28 \u015eubat soru\u015fturmas\u0131 ile ilgili a\u00e7\u0131klamalarda bulundu.<\/p>\n","protected":false},"author":4,"featured_media":104851,"comment_status":"open","ping_status":"open","sticky":false,"template":"","format":"standard","meta":{"_acf_changed":false,"footnotes":""},"categories":[6155,5005,6202,349,6805],"tags":[1080,55924,6871],"class_list":["post-104849","post","type-post","status-publish","format-standard","has-post-thumbnail","hentry","category-gundem","category-manset","category-politika","category-son-dakika","category-turkiye","tag-cemil-cicek","tag-cemil-cicek-aciklama","tag-tbmm"],"acf":[],"_links":{"self":[{"href":"https:\/\/www.nationalturk.com\/tr\/wp-json\/wp\/v2\/posts\/104849","targetHints":{"allow":["GET"]}}],"collection":[{"href":"https:\/\/www.nationalturk.com\/tr\/wp-json\/wp\/v2\/posts"}],"about":[{"href":"https:\/\/www.nationalturk.com\/tr\/wp-json\/wp\/v2\/types\/post"}],"author":[{"embeddable":true,"href":"https:\/\/www.nationalturk.com\/tr\/wp-json\/wp\/v2\/users\/4"}],"replies":[{"embeddable":true,"href":"https:\/\/www.nationalturk.com\/tr\/wp-json\/wp\/v2\/comments?post=104849"}],"version-history":[{"count":0,"href":"https:\/\/www.nationalturk.com\/tr\/wp-json\/wp\/v2\/posts\/104849\/revisions"}],"wp:featuredmedia":[{"embeddable":true,"href":"https:\/\/www.nationalturk.com\/tr\/wp-json\/wp\/v2\/media\/104851"}],"wp:attachment":[{"href":"https:\/\/www.nationalturk.com\/tr\/wp-json\/wp\/v2\/media?parent=104849"}],"wp:term":[{"taxonomy":"category","embeddable":true,"href":"https:\/\/www.nationalturk.com\/tr\/wp-json\/wp\/v2\/categories?post=104849"},{"taxonomy":"post_tag","embeddable":true,"href":"https:\/\/www.nationalturk.com\/tr\/wp-json\/wp\/v2\/tags?post=104849"}],"curies":[{"name":"wp","href":"https:\/\/api.w.org\/{rel}","templated":true}]}}