{"id":104891,"date":"2012-04-17T15:16:07","date_gmt":"2012-04-17T12:16:07","guid":{"rendered":"http:\/\/www.nationalturk.com\/?p=104891"},"modified":"2012-04-17T15:16:07","modified_gmt":"2012-04-17T12:16:07","slug":"ofsayttan-golu-veren-baki-tuncay-akkin-konustu-104891","status":"publish","type":"post","link":"https:\/\/www.nationalturk.com\/tr\/ofsayttan-golu-veren-baki-tuncay-akkin-konustu-104891\/","title":{"rendered":"Ofsayttan gol\u00fc veren Baki Tuncay Akk\u0131n konu\u015ftu"},"content":{"rendered":"<h1 id=\"divAdnetKeyword\"><a href=\"http:\/\/www.nationalturk.com\/spor-toto-super-lig-hakemleri-09112010\/hakemler\" rel=\"attachment wp-att-46835\"><img loading=\"lazy\" decoding=\"async\" class=\"alignleft size-medium wp-image-46835\" title=\"Baki Tuncay Ak\u0131n\" src=\"http:\/\/www.nationalturk.com\/tr\/wp-content\/uploads\/2010\/11\/hakemler-280x199.jpg\" alt=\"\" width=\"280\" height=\"199\" srcset=\"https:\/\/www.nationalturk.com\/tr\/wp-content\/uploads\/2010\/11\/hakemler-280x199.jpg 280w, https:\/\/www.nationalturk.com\/tr\/wp-content\/uploads\/2010\/11\/hakemler-560x400.jpg 560w, https:\/\/www.nationalturk.com\/tr\/wp-content\/uploads\/2010\/11\/hakemler.jpg 600w\" sizes=\"auto, (max-width: 280px) 100vw, 280px\" \/><\/a>Ofsayt gol\u00fc veren hakem konu\u015ftu&#8230;Derbide Melo&#8217;nun ofsayt pozisyonundayken att\u0131\u011f\u0131 gol\u00fc veren yard\u0131mc\u0131 hakem Baki Tuncay Akk\u0131n kendisini savundu.<\/h1>\n<p>Be\u015fikta\u015f &#8211;\u00a0Galatasaray\u00a0ma\u00e7\u0131nda Melo&#8217;nun ofsayt pozisyonundayken att\u0131\u011f\u0131 gol\u00fc veren yard\u0131mc\u0131 hakem Baki Tuncay Akk\u0131n kendisini savundu.<\/p>\n<p>Lig TV&#8217;de yay\u0131nlanan Maraton program\u0131nda \u015eansal B\u00fcy\u00fcka, Baki Tuncay Akk\u0131n&#8217;\u0131n ma\u00e7tan sonra yay\u0131nc\u0131 kurulu\u015fun naklen yay\u0131n arac\u0131na gitti\u011fini ve ofsayt pozisyonunu tekrar izledi\u011fini a\u00e7\u0131klad\u0131. B\u00fcy\u00fcka, Akk\u0131n&#8217;\u0131n &#8220;Ben Melo&#8217;nun sadece kolunu ileride g\u00f6rd\u00fcm, v\u00fccudunu g\u00f6rmedim. Kolla da gol at\u0131lamayaca\u011f\u0131 i\u00e7in gol\u00fc ge\u00e7erli sayd\u0131m&#8221; diyerek pozisyonla ilgili ele\u015ftirilere yan\u0131t verdi\u011fini s\u00f6yledi.<\/p>\n<!-- Error, Advert is not available at this time due to schedule\/geolocation restrictions! -->\n","protected":false},"excerpt":{"rendered":"<p>Baki Tuncay Akk\u0131n ofsayt pozisyonuna a\u00e7\u0131kl\u0131k getirdi<\/p>\n","protected":false},"author":752,"featured_media":184402,"comment_status":"open","ping_status":"open","sticky":false,"template":"","format":"standard","meta":{"_acf_changed":false,"footnotes":""},"categories":[6774,5005,6194],"tags":[33758],"class_list":["post-104891","post","type-post","status-publish","format-standard","has-post-thumbnail","hentry","category-futbol","category-manset","category-spor","tag-baki-tuncay-akkin"],"acf":[],"_links":{"self":[{"href":"https:\/\/www.nationalturk.com\/tr\/wp-json\/wp\/v2\/posts\/104891","targetHints":{"allow":["GET"]}}],"collection":[{"href":"https:\/\/www.nationalturk.com\/tr\/wp-json\/wp\/v2\/posts"}],"about":[{"href":"https:\/\/www.nationalturk.com\/tr\/wp-json\/wp\/v2\/types\/post"}],"author":[{"embeddable":true,"href":"https:\/\/www.nationalturk.com\/tr\/wp-json\/wp\/v2\/users\/752"}],"replies":[{"embeddable":true,"href":"https:\/\/www.nationalturk.com\/tr\/wp-json\/wp\/v2\/comments?post=104891"}],"version-history":[{"count":0,"href":"https:\/\/www.nationalturk.com\/tr\/wp-json\/wp\/v2\/posts\/104891\/revisions"}],"wp:featuredmedia":[{"embeddable":true,"href":"https:\/\/www.nationalturk.com\/tr\/wp-json\/wp\/v2\/media\/184402"}],"wp:attachment":[{"href":"https:\/\/www.nationalturk.com\/tr\/wp-json\/wp\/v2\/media?parent=104891"}],"wp:term":[{"taxonomy":"category","embeddable":true,"href":"https:\/\/www.nationalturk.com\/tr\/wp-json\/wp\/v2\/categories?post=104891"},{"taxonomy":"post_tag","embeddable":true,"href":"https:\/\/www.nationalturk.com\/tr\/wp-json\/wp\/v2\/tags?post=104891"}],"curies":[{"name":"wp","href":"https:\/\/api.w.org\/{rel}","templated":true}]}}