{"id":105269,"date":"2012-04-21T10:44:30","date_gmt":"2012-04-21T07:44:30","guid":{"rendered":"http:\/\/www.nationalturk.com\/?p=105269"},"modified":"2012-04-21T10:44:30","modified_gmt":"2012-04-21T07:44:30","slug":"irakta-bombali-saldirilar-2054","status":"publish","type":"post","link":"https:\/\/www.nationalturk.com\/tr\/irakta-bombali-saldirilar-2054\/","title":{"rendered":"Irak&#8217;ta bombal\u0131 sald\u0131r\u0131lar: 4 \u00f6l\u00fc"},"content":{"rendered":"<h2><a href=\"http:\/\/www.nationalturk.com\/tr\/wp-content\/uploads\/2012\/04\/son-dakika-yatay16.jpg\"><img loading=\"lazy\" decoding=\"async\" class=\"alignleft size-medium wp-image-105247\" title=\"Irak&#039;ta bombal\u0131 sald\u0131r\u0131lar: 4 \u00f6l\u00fc\" src=\"http:\/\/www.nationalturk.com\/tr\/wp-content\/uploads\/2012\/04\/son-dakika-yatay16-280x161.jpg\" alt=\"\" width=\"280\" height=\"161\" srcset=\"https:\/\/www.nationalturk.com\/tr\/wp-content\/uploads\/2012\/04\/son-dakika-yatay16-280x161.jpg 280w, https:\/\/www.nationalturk.com\/tr\/wp-content\/uploads\/2012\/04\/son-dakika-yatay16-610x351.jpg 610w, https:\/\/www.nationalturk.com\/tr\/wp-content\/uploads\/2012\/04\/son-dakika-yatay16.jpg 708w\" sizes=\"auto, (max-width: 280px) 100vw, 280px\" \/><\/a>Irak&#8217;ta bug\u00fcn d\u00fczenlenen iki bombal\u0131 sald\u0131r\u0131da 4 ki\u015finin \u00f6ld\u00fc\u011f\u00fc bildirildi.<\/h2>\n<p>Polis, ilk bomban\u0131n ba\u015fkent Ba\u011fdat&#8217;\u0131n kuzeybat\u0131s\u0131ndaki \u015eii semti \u0130\u015fkuk&#8217;ta bir minib\u00fcs\u00fcn i\u00e7inde patlad\u0131\u011f\u0131n\u0131, yola d\u00f6\u015fenen ikinci bomban\u0131n ise birka\u00e7 metre ilerde sivillerin bulundu\u011fu bir arac\u0131 hedef ald\u0131\u011f\u0131n\u0131 s\u00f6yledi.<\/p>\n<p>Olay b\u00f6lgesi yak\u0131nlar\u0131ndaki El Nur hastanesi yetkilileri, sald\u0131r\u0131larda biri kad\u0131n 4 ki\u015finin \u00f6ld\u00fc\u011f\u00fcn\u00fc, 13 ki\u015finin de yaraland\u0131\u011f\u0131n\u0131 ifade etti.<\/p>\n<p>Irak&#8217;\u0131n ba\u015fkenti Ba\u011fdat ve di\u011fer kentlerde \u00f6nceki g\u00fcn d\u00fczenlenen sald\u0131r\u0131larda 30&#8217;dan fazla ki\u015fi hayat\u0131n\u0131 yitirmi\u015fti.<\/p>\n","protected":false},"excerpt":{"rendered":"<p>Irak&#8217;ta bug\u00fcn d\u00fczenlenen iki bombal\u0131 sald\u0131r\u0131da 4 ki\u015finin \u00f6ld\u00fc\u011f\u00fc bildirildi.<\/p>\n","protected":false},"author":3,"featured_media":184335,"comment_status":"open","ping_status":"open","sticky":false,"template":"","format":"standard","meta":{"_acf_changed":false,"footnotes":""},"categories":[6665,6155,5005,6772,349],"tags":[10815,73372,7359,10814,73371],"class_list":["post-105269","post","type-post","status-publish","format-standard","has-post-thumbnail","hentry","category-dunya","category-gundem","category-manset","category-ortadogu","category-son-dakika","tag-bagdat","tag-bagdat-saldiri","tag-irak","tag-irak-bombali-saldiri","tag-irak-saldiri"],"acf":[],"_links":{"self":[{"href":"https:\/\/www.nationalturk.com\/tr\/wp-json\/wp\/v2\/posts\/105269","targetHints":{"allow":["GET"]}}],"collection":[{"href":"https:\/\/www.nationalturk.com\/tr\/wp-json\/wp\/v2\/posts"}],"about":[{"href":"https:\/\/www.nationalturk.com\/tr\/wp-json\/wp\/v2\/types\/post"}],"author":[{"embeddable":true,"href":"https:\/\/www.nationalturk.com\/tr\/wp-json\/wp\/v2\/users\/3"}],"replies":[{"embeddable":true,"href":"https:\/\/www.nationalturk.com\/tr\/wp-json\/wp\/v2\/comments?post=105269"}],"version-history":[{"count":0,"href":"https:\/\/www.nationalturk.com\/tr\/wp-json\/wp\/v2\/posts\/105269\/revisions"}],"wp:featuredmedia":[{"embeddable":true,"href":"https:\/\/www.nationalturk.com\/tr\/wp-json\/wp\/v2\/media\/184335"}],"wp:attachment":[{"href":"https:\/\/www.nationalturk.com\/tr\/wp-json\/wp\/v2\/media?parent=105269"}],"wp:term":[{"taxonomy":"category","embeddable":true,"href":"https:\/\/www.nationalturk.com\/tr\/wp-json\/wp\/v2\/categories?post=105269"},{"taxonomy":"post_tag","embeddable":true,"href":"https:\/\/www.nationalturk.com\/tr\/wp-json\/wp\/v2\/tags?post=105269"}],"curies":[{"name":"wp","href":"https:\/\/api.w.org\/{rel}","templated":true}]}}