{"id":105664,"date":"2012-04-25T16:00:09","date_gmt":"2012-04-25T13:00:09","guid":{"rendered":"http:\/\/www.nationalturk.com\/?p=105664"},"modified":"2022-10-04T09:27:26","modified_gmt":"2022-10-04T06:27:26","slug":"mehmet-agar-teslim-oldu-son-dakika-105664","status":"publish","type":"post","link":"https:\/\/www.nationalturk.com\/tr\/mehmet-agar-teslim-oldu-son-dakika-105664\/","title":{"rendered":"Mehmet A\u011far teslim oldu \/ Son dakika"},"content":{"rendered":"<h1><img loading=\"lazy\" decoding=\"async\" class=\"alignnone size-full wp-image-105665\" title=\"Mehmet A\u011far\" src=\"http:\/\/www.nationalturk.com\/tr\/wp-content\/uploads\/2012\/04\/yenipazar_cezaevi_mehmet_agar.jpg\" alt=\"\" width=\"610\" height=\"373\"><\/h1>\n<h1>Mehmet A\u011far teslim oldu \/ Son dakika&#8230;\u00a0Susurluk davas\u0131nda ald\u0131\u011f\u0131 5 y\u0131l hapis cezas\u0131 Yarg\u0131tay taraf\u0131ndan onanan eski \u0130\u00e7i\u015fleri Bakan\u0131 Mehmet A\u011far Yenipazar cezaevine gitti.<\/h1>\n<p>Ayd\u0131n\u2019\u0131n Yenipazar \u0130l\u00e7esi\u2019nde bulunan K1 Tipi Kapal\u0131 Ceza \u0130nfaz Kurumu\u2019nda \u00e7ekecek olan eski \u0130\u00e7i\u015fleri Bakan\u0131 Mehmet A\u011far bug\u00fcn teslim oldu.\u00a0Eski \u0130\u00e7i\u015fleri ve Adalet Bakan\u0131 Mehmet A\u011far, cezas\u0131n\u0131 \u00e7ekmek \u00fczere saat 15.45&#8217;te Yenipazar Cezaevi&#8217;ne teslim oldu. A\u011far, Yenipazar&#8217;a gelirken 500 metre kala otomobilinden indi ve kendisini kar\u015f\u0131layan vatanda\u015flarla konu\u015ftu. Mehmet A\u011far daha sonra cezaevine gelerek teslim oldu.<\/p>\n<p>Ayd\u0131n Yenipazar K1 Tipi Kapal\u0131 Ceza \u0130nfaz Kurumu&#8217;na gelen Mehmet A\u011far, &#8221;B\u00f6yle bir tecelli olduysa \u00f6nce Allah&#8217;tan sonra milletten gelmi\u015f kabul ederiz&#8221; dedi.<\/p>\n<p>Cezaevine giri\u015finde gazetecilere a\u00e7\u0131klama yapan A\u011far, \u015f\u00f6yle konu\u015ftu:<\/p>\n<p>&#8221;B\u00f6yle bir tecelli olduysa \u00f6nce Allah&#8217;tan sonra milletten gelmi\u015f kabul ederiz. Bizim meselemiz T\u00fcrkiye&#8217;nin meselesidir. T\u00fcrkiye&#8217;nin gelece\u011fi 75 milyonun karde\u015f\u00e7e birlikte huzur i\u00e7inde ya\u015famas\u0131d\u0131r. Onun d\u0131\u015f\u0131nda hi\u00e7bir gayemiz olmad\u0131. Ter\u00f6rle m\u00fccadelede devlete yard\u0131m\u0131 olacaksa bunu bir g\u00f6rev olarak g\u00f6r\u00fcyorum. Allah devlete, millete zeval vermesin. Daha \u00f6nce de s\u00f6yledi\u011fim gibi milletimi, sevenlerimi \u00fczecek, mahcup edecek bir davran\u0131\u015f\u0131m olmad\u0131.&#8221;<br \/>\nHem\u015fehrilerinin yak\u0131n ilgisiyle huzur i\u00e7inde oldu\u011funu ifade eden A\u011far, bir bas\u0131n mensubunun &#8221;k\u0131rg\u0131nl\u0131\u011f\u0131n\u0131z var m\u0131-&#8221; sorusuna, &#8221;Hi\u00e7 kimseye k\u0131rg\u0131nl\u0131\u011f\u0131m, k\u0131zg\u0131nl\u0131\u011f\u0131m yok&#8221; yan\u0131t\u0131n\u0131 verdi.<\/p>\n<p><strong>Yenipazar Cezaevinde Mehmet A\u011far tadilat\u0131! Susurluk davas\u0131 kapsam\u0131nda ald\u0131\u011f\u0131 5 y\u0131l hapis cezas\u0131 onanan Mehmet A\u011far\u2019\u0131n konulaca\u011f\u0131 Yenipazar cezaevindeki tadilat devam ediyor.<\/strong><\/p>\n<p>\u201dSusurluk Davas\u0131\u201d kapsam\u0131nda 5 y\u0131l hapis cezas\u0131 Yarg\u0131tay taraf\u0131ndan onanan ve Ankara Cumhuriyet Ba\u015fsavc\u0131l\u0131\u011f\u0131 taraf\u0131ndan hakk\u0131nda \u201dyakalama emri\u201d \u00e7\u0131kart\u0131lan Mehmet A\u011far\u2019\u0131n konulaca\u011f\u0131 Yenipazar K1 Tipi Kapal\u0131 Ceza \u0130nfaz Kurumu\u2019ndaki tadilat \u00e7al\u0131\u015fmalar\u0131 s\u00fcr\u00fcyor.<\/p>\n<p>4 ko\u011fu\u015f, 2 disiplin h\u00fccresi bulunan il\u00e7e tipi cezaevi olan Yenipazar Cezaevi\u2019nin i\u00e7inde ve d\u0131\u015f\u0131ndaki tadilat \u00e7al\u0131\u015fmalar\u0131n\u0131n son a\u015famaya geldi\u011fi, yenilenen kap\u0131lar\u0131n montaj\u0131n\u0131n yap\u0131ld\u0131\u011f\u0131 ve tel \u00f6rg\u00fclerin yerle\u015ftirildi\u011fi bildirildi.<br \/>\nBu arada cezaevinin \u00f6n\u00fcnde \u00e7ok say\u0131da bas\u0131n mensubu, bekleyi\u015fini s\u00fcrd\u00fcr\u00fcyor.<\/p>\n<!-- Error, Advert is not available at this time due to schedule\/geolocation restrictions! -->\n","protected":false},"excerpt":{"rendered":"<p>Mehmet A\u011far teslim oldu \/ Son dakika&#8230; Susurluk davas\u0131nda ald\u0131\u011f\u0131 5 y\u0131l hapis cezas\u0131 Yarg\u0131tay taraf\u0131ndan onanan eski \u0130\u00e7i\u015fleri Bakan\u0131 Mehmet A\u011far Yenipazar cezaevine gitti.<\/p>\n","protected":false},"author":4,"featured_media":105665,"comment_status":"open","ping_status":"open","sticky":false,"template":"","format":"standard","meta":{"_acf_changed":false,"footnotes":""},"categories":[6155,220558,5005,1,6202,220943,349,220967,6805],"tags":[7057,98624,98626,5039,98623,80291,98798,22734,98625],"class_list":["post-105664","post","type-post","status-publish","format-standard","has-post-thumbnail","hentry","category-gundem","category-haber-manset","category-manset","category-nationalturk","category-politika","category-siyaset","category-son-dakika","category-susurluk","category-turkiye","tag-aydin-cezaevi","tag-aydin-yenipazar","tag-aydin-yenipazar-cezaevi","tag-mehmet-agar","tag-mehmet-agar-aydin","tag-mehmet-agar-hapis","tag-mehmet-agar-son-dakika","tag-susurluk","tag-yenipazar-cezaevi"],"acf":[],"_links":{"self":[{"href":"https:\/\/www.nationalturk.com\/tr\/wp-json\/wp\/v2\/posts\/105664","targetHints":{"allow":["GET"]}}],"collection":[{"href":"https:\/\/www.nationalturk.com\/tr\/wp-json\/wp\/v2\/posts"}],"about":[{"href":"https:\/\/www.nationalturk.com\/tr\/wp-json\/wp\/v2\/types\/post"}],"author":[{"embeddable":true,"href":"https:\/\/www.nationalturk.com\/tr\/wp-json\/wp\/v2\/users\/4"}],"replies":[{"embeddable":true,"href":"https:\/\/www.nationalturk.com\/tr\/wp-json\/wp\/v2\/comments?post=105664"}],"version-history":[{"count":0,"href":"https:\/\/www.nationalturk.com\/tr\/wp-json\/wp\/v2\/posts\/105664\/revisions"}],"wp:featuredmedia":[{"embeddable":true,"href":"https:\/\/www.nationalturk.com\/tr\/wp-json\/wp\/v2\/media\/105665"}],"wp:attachment":[{"href":"https:\/\/www.nationalturk.com\/tr\/wp-json\/wp\/v2\/media?parent=105664"}],"wp:term":[{"taxonomy":"category","embeddable":true,"href":"https:\/\/www.nationalturk.com\/tr\/wp-json\/wp\/v2\/categories?post=105664"},{"taxonomy":"post_tag","embeddable":true,"href":"https:\/\/www.nationalturk.com\/tr\/wp-json\/wp\/v2\/tags?post=105664"}],"curies":[{"name":"wp","href":"https:\/\/api.w.org\/{rel}","templated":true}]}}