{"id":106357,"date":"2012-05-02T16:34:07","date_gmt":"2012-05-02T13:34:07","guid":{"rendered":"http:\/\/www.nationalturk.com\/?p=106357"},"modified":"2026-04-27T02:31:43","modified_gmt":"2026-04-26T23:31:43","slug":"nihat-ozdemirden-ilginc-aciklamalar-fenerbahce-haberleri-106357","status":"publish","type":"post","link":"https:\/\/www.nationalturk.com\/tr\/nihat-ozdemirden-ilginc-aciklamalar-fenerbahce-haberleri-106357\/","title":{"rendered":"Nihat \u00d6zdemir&#8217;den ilgin\u00e7 a\u00e7\u0131klamalar \/ Fenerbah\u00e7e Haberleri"},"content":{"rendered":"<h1><img loading=\"lazy\" decoding=\"async\" class=\"alignleft size-medium wp-image-106359\" title=\"Nihat \u00d6zdemir\" src=\"http:\/\/www.nationalturk.com\/tr\/wp-content\/uploads\/2012\/05\/nihat_ozdemir_ali_koc_basintoplantisi-280x199.jpg\" alt=\"\" width=\"280\" height=\"199\" srcset=\"https:\/\/www.nationalturk.com\/tr\/wp-content\/uploads\/2012\/05\/nihat_ozdemir_ali_koc_basintoplantisi-280x199.jpg 280w, https:\/\/www.nationalturk.com\/tr\/wp-content\/uploads\/2012\/05\/nihat_ozdemir_ali_koc_basintoplantisi-561x400.jpg 561w, https:\/\/www.nationalturk.com\/tr\/wp-content\/uploads\/2012\/05\/nihat_ozdemir_ali_koc_basintoplantisi.jpg 712w\" sizes=\"auto, (max-width: 280px) 100vw, 280px\" \/>Nihat \u00d6zdemir&#8217;den ilgin\u00e7 a\u00e7\u0131klamalar \/ Fenerbah\u00e7e Haberleri&#8230;\u00a0Fenerbah\u00e7e Y\u00f6netimi, T\u00fcrkiye Futbol Federasyonu&#8217;nun ald\u0131\u011f\u0131 kararlar, Aziz Y\u0131ld\u0131r\u0131m&#8217;\u0131n yeniden adayl\u0131\u011f\u0131 ve CAS Davas\u0131 ile ilgili bas\u0131n toplant\u0131s\u0131 d\u00fczenledi.<\/h1>\n<p>&#8220;Hepinizin bildi\u011fi gibi T\u00fcrk ftubolu ola\u011fan\u00fcst\u00fc bir d\u00f6nemden ge\u00e7mektedir. 3 Temmuz s\u00fcreci olarak tan\u0131mlad\u0131\u011f\u0131m\u0131z ancak ba\u015flang\u0131c\u0131 daha \u00f6ncesine dayanan s\u00fcre\u00e7, camialar\u0131 kar\u015f\u0131 kar\u015f\u0131ya getirmi\u015f, taraftarlar\u0131 birbirine d\u00fc\u015f\u00fcrm\u00fc\u015f, futbolumuzu i\u00e7inden \u00e7\u0131k\u0131lmas\u0131 zor bir girdab\u0131n i\u00e7inde b\u0131rakm\u0131\u015ft\u0131r. S\u00f6zde temiz futbol olarak ba\u015flanan bu s\u00fcre\u00e7, istenmeyen trib\u00fcn olaylar\u0131na neden oldu, kul\u00fcpler su\u00e7land\u0131. \u0130nan\u0131lmaz travmalar ya\u015fand\u0131. Taraftarlar, bulduklar\u0131 her ortamda, birbirlerine hakaret ettiler. Herkes birbirini su\u00e7lad\u0131, k\u00fcf\u00fcrler, k\u00f6t\u00fc s\u00f6zler, iftiralar havada u\u00e7u\u015ftu. Bu temiz futbol s\u00fcreci daha ilk dokuz ay\u0131nda, birbirinden nefret eden, birbirini dinlemeyen bir futbol k\u00fclt\u00fcr\u00fc yaratt\u0131. Kar\u015f\u0131s\u0131ndakini dinleme s\u00fcrece zaten a\u00e7zd\u0131, t\u00fcmden yok oldu. En ac\u0131s\u0131 okullarda k\u00fc\u00e7\u00fcc\u00fck \u00e7ocuklar birbirlerine sen \u015fikecisin, \u015fikeci tak\u0131m demeye ba\u015flad\u0131. Gelecek nesiller i\u00e7in nefretin tohumlar\u0131 at\u0131lmaya ba\u015fland\u0131. Bundan sonra bu s\u00fcrece nas\u0131l toparlayaca\u011f\u0131m\u0131z\u0131 bilmiyoruz.&#8221;<\/p>\n<p>&#8220;T\u00dcM BUNLARA DE\u011eD\u0130 M\u0130?&#8221;<br \/>\n&#8220;Bunca ya\u015fananlara, ya\u015fat\u0131lanlara, d\u00fc\u015fmanl\u0131klara, nefrete, \u00fclkemizi k\u00fc\u00e7\u00fck d\u00fc\u015f\u00fcrecek hamlelere gerek var m\u0131yd\u0131. T\u00fcm bulara de\u011fdi mi? Temiz futbol i\u00e7in hepimiz ne gerekiyorsa yapmaya, \u00fczerimize d\u00fc\u015fen katk\u0131y\u0131 yapmaya haz\u0131r\u0131z. \u015eimdi 3 Temmuz&#8217;dan bu yana ya\u015fad\u0131klar\u0131m\u0131z\u0131 hep beraber hat\u0131rlayal\u0131m.<\/p>\n<p>6 Temmuz&#8217;da \u0130stanbul Emniyet M\u00fcd\u00fcrl\u00fc\u011f\u00fc, bir web sitesinden a\u00e7\u0131klama yaparak 19 ma\u00e7ta \u015fike yap\u0131ld\u0131\u011f\u0131n\u0131n delillendirildi\u011fini a\u00e7\u0131klad\u0131. Fenerbah\u00e7e odakl\u0131 olarak dosyan\u0131n gizlili\u011fi ihlal edildi. Haftalarca yay\u0131n yasa\u011f\u0131 getirilmedi. Getirildi\u011finde de i\u015f i\u015ften ge\u00e7mi\u015ftir. Savc\u0131l\u0131k da son derece zorlamayla \u00e7ete su\u00e7u yaratarak dosyay\u0131 \u00f6zel savc\u0131ya getirdi.<\/p>\n<p>Hi\u00e7 bir savunma almadan, bir rapor yazarak, bir kanaat olu\u015fturmu\u015ftur. D\u00f6nemin TFF y\u00f6netimi de bu eksik rapor \u00fczerinden medyay\u0131 ve kamuoyunu y\u00f6nlendirmi\u015ftir. Bu eksik rapor \u00fczerinden UEFA&#8217;ya sadece Fenerbah\u00e7e odakl\u0131 bir bilgilendirme yap\u0131lm\u0131\u015ft\u0131r. Bize g\u00f6re \u00fclke futbolunun uluslarar\u0131 ortamda zarar g\u00f6rmesine, hukuk cinayeti i\u015fleyenler neden olmu\u015ftur.<\/p>\n<p>T\u00fcm bunlar ya\u015fan\u0131rken, medyan\u0131n bir kesimi, \u00f6zel yetkili mahkemelerdeki dava hakk\u0131nda baz\u0131lar\u0131 hak hukuk tan\u0131madan tav\u0131rlar\u0131n\u0131 s\u00fcrd\u00fcrd\u00fcler. Bir iftira kampanyas\u0131 ba\u015flad\u0131. Bug\u00fcne kadar t\u00fcrl\u00fc \u015fekillerde devam etti.&#8221;<\/p>\n<p>&#8220;B\u0130ZLER TEM\u0130Z\u0130Z&#8221;<\/p>\n<p>Bir tak\u0131m takipler \u2013 tespitler yap\u0131lsa neden su\u00e7\u00fcst\u00fc yap\u0131lmad\u0131?<br \/>\nOperasyon neden tescilden sonra oldu?<br \/>\n19 ma\u00e7 iddianamede nas\u0131l azald\u0131?<br \/>\nNeden bir an \u00f6nce yay\u0131n yasa\u011f\u0131 gelmedi?<br \/>\nEmenike\u2019nin g\u00f6r\u00fcnt\u00fcleri nerede?<br \/>\nFenerbah\u00e7e\u2019nin \u00e7ete ile ne ilgili olabilir?<br \/>\nFenerbah\u00e7e ne yapt\u0131?<\/p>\n<p>T\u00fcm bunlara ra\u011fmen \u015fu sorular yan\u0131ts\u0131z kald\u0131. Deliler toplan\u0131rken, neden su\u00e7\u00fcst\u00fc yap\u0131lmad\u0131. Operasyon neden ligler tescil edildikten sonra yap\u0131ld\u0131. Toplumu ilgilendiren hassas konuda neden yay\u0131n yasa\u011f\u0131 getirilmedi. Emenike&#8217;nin para sayma g\u00f6r\u00fcnt\u00fcleri nerede. Fenerbah\u00e7e&#8217;nin \u00e7ete ile \u00f6rg\u00fct ile ne alakas\u0131 olabilir. Bu sorular medyada yeterince irdelenmedi. Tatmin edici yan\u0131tlar verilmedi.<\/p>\n<p>Bu a\u015famada biz ne yapt\u0131k. Yap\u0131lan onca haks\u0131zl\u0131k ve hukuksuzlu\u011fa ra\u011fmen T\u00fcrk adaletine g\u00fcvendik. Zaman zaman yap\u0131lan sald\u0131r\u0131lara toplu bir bas\u0131n a\u00e7\u0131klamas\u0131 yapt\u0131k. S\u00fcrece ili\u015fkin bilgilendirmede bulunduk. Az \u00f6z a\u00e7\u0131klama yapt\u0131k. Camiam\u0131zdan gelen yo\u011fun ele\u015ftirileri g\u00f6ze ald\u0131k. Gerekmedik\u00e7e de konu\u015fmad\u0131k. En \u00f6nemlisi, bizler hi\u00e7 bir resmi a\u00e7\u0131klamam\u0131zda, ba\u015fkalyar\u0131na hi\u00e7 bir zaman sald\u0131rmad\u0131k, hedef g\u00f6stermedik. Hukuktan adaletten bahsettik. Ortam\u0131 germedik. Germeye \u00e7al\u0131\u015fanlara engel olmaya \u00e7al\u0131\u015ft\u0131k. At\u0131p tutanlar\u0131n, hunharca kesenlerin, nefeslerin kesilece\u011fi ana geldik. TFF&#8217;nin yetkili organlar\u0131, dosya \u00fczerinden ve savunmalar\u0131 da alarak \u00e7al\u0131\u015f malar\u0131n\u0131 tamamlamak \u00fczereler. Bizler temiziz. Ve su\u00e7suzlu\u011fumuza da inan\u0131yoruz. Adil bir yarg\u0131laman\u0131n bunu ortaya \u00e7\u0131karaca\u011f\u0131na bug\u00fcne kadar inand\u0131k.<\/p>\n<p>&#8220;58. MADDEDE TAVRIMIZ DE\u011e\u0130\u015eMED\u0130&#8221;<\/p>\n<p>Bas\u0131na yans\u0131yan bilgilere g\u00f6re, Etik Kurulu&#8217;nun raporu, bizim ilk g\u00fcnde savundu\u011fumuz olaylar\u0131 teyit eder \u015fekilde. \u015eike su\u00e7u oyuncular taraf\u0131ndan yerine getirilmediyse saha d\u0131\u015f\u0131nda da yoktur. Tabi bunu ilgili kurumlar verecektir. Biz yine verilecek karar\u0131 bekliyoruz.&#8221;<\/p>\n<p>&#8220;Bu noktada bir \u015feyi daha tekrarlamak istiyoruz, &#8220;58. maddenin de\u011fi\u015fmesi konusunda da ilk g\u00fcnden bu yana kul\u00fcb\u00fcm\u00fcz\u00fcn tavr\u0131 ayn\u0131d\u0131r, de\u011fi\u015fiklik yoktur. Biz su\u00e7suz oldu\u011fumuzu s\u00f6yledik ve de\u011fi\u015ftirilmemesi gerekti\u011fini s\u00f6yledik. Sadece madde a\u00e7\u0131s\u0131ndan suz ve cezan\u0131n d\u00fcnya standartlar\u0131 a\u00e7\u0131s\u0131ndan fazlka oldu\u011funu s\u00f6yledik. Tekrar s\u00f6yl\u00fcyorum, biz masumuz, biz ge\u00e7en seneki ma\u00e7lar\u0131m\u0131z\u0131 \u015fike yaparak, kar\u015f\u0131 tak\u0131m\u0131n ma\u00e7lar\u0131n\u0131 oynamamas\u0131ndan dolay\u0131 almad\u0131k. Bununla birlikte \u00e7\u0131kar ama\u00e7l\u0131, su\u00e7 \u00f6rg\u00fct\u00fc kurmak ve y\u00f6netmek su\u00e7lamas\u0131yla kar\u015f\u0131 kar\u015f\u0131ya kalan ba\u015fkan ve y\u00f6netici arkada\u015flar\u0131m\u0131z yarg\u0131lanmaktad\u0131rlar. Haks\u0131z su\u00e7 \u00f6rg\u00fct\u00fc y\u00f6netmek su\u00e7lamas\u0131yla mahkeme kar\u015f\u0131s\u0131ndaki y\u00f6neticilerimiz, su\u00e7suzdur ve bu tarihteki yerini alm\u0131\u015ft\u0131r. Fenerbah\u00e7e hesaplar\u0131n\u0131n hepsinin hukuka uygun oldu\u011fu ortaya \u00e7\u0131km\u0131\u015ft\u0131r. Fenerbah\u00e7e tertemizdir ve hi\u00e7 bir gayri ahlaki \u00fcnvanla yan yana konulamaz. Bizlere l\u00fctuf ve ayr\u0131cal\u0131k olamaz.<\/p>\n<p>\u015eimdi s\u0131ra sevgili ba\u015fkan ve y\u00f6netici arkada\u015flar\u0131m\u0131z\u0131n \u00f6zg\u00fcrl\u00fcklerine gelmi\u015ftir. Onlar ki Fenerbah\u00e7e de\u011ferlerine de\u011fer katm\u0131\u015ft\u0131r: Onlar\u0131 silahl\u0131 su\u00e7 \u00f6rg\u00fct\u00fcne dahil etmek isteyenler, bir ki\u015fi d\u0131\u015f\u0131nda hepsinin tahliye edildi\u011fini g\u00f6rmezlikten gelmektedir.<\/p>\n<p>Ki\u015fiye \u00f6zel yasalarddan kimler yararlanm\u0131\u015ft\u0131r. Pe\u015finen su\u00e7lu ilan edilirken \u015fu anda futbol hayat\u0131lar\u0131na devam edenlere tan\u0131nan haklar neden ba\u015fkan\u0131m\u0131za ve y\u00f6neticilerimize tan\u0131nmamaktad\u0131r. Her dosyan\u0131n kadorlu gizli tan\u0131klar\u0131n\u0131n yalan ve tiraj\u0131 komik beyanlarla t\u00fcrk sporuna hayatlar\u0131n\u0131 adayan ki\u015filere yap\u0131lanlar devam\u0131d\u0131r. Ba\u015fkan ve arkada\u015flar\u0131m\u0131z\u0131n en k\u0131sa s\u00fcrede aram\u0131za kat\u0131l\u0131p Fenerbah\u00e7e i\u00e7in yapacaklar\u0131na kald\u0131klar\u0131 yerinden devam etmeleridir.&#8221;<\/p>\n<p>CAS davas\u0131<\/p>\n<p>&#8220;Fenerbah\u00e7e Spor Kul\u00fcb\u00fc olarak TFF ve UEFA&#8217;ya kar\u015f\u0131 , \u015eampiyonlar Ligi&#8217;nden men edilmemiz nedeniyle 1 Eylel 2011&#8217;de CAS&#8217;a dava a\u00e7m\u0131\u015ft\u0131k. Kul\u00fcb\u00fcm\u00fcz\u00fcn savunma hakk\u0131 g\u00f6zetilmeden, bu dava s\u00fcresince kapal\u0131 kap\u0131lar ard\u0131nda kalm\u0131\u015f bir tak\u0131m ger\u00e7eklere, bilgi belgelere ula\u015fm\u0131\u015ft\u0131k.<\/p>\n<p>Bu sorunun ortadan kald\u0131r\u0131lmas\u0131 i\u00e7in ge\u00e7ti\u011fimiz hatfa geri \u00e7ektik. Fenerbah\u00e7e olarak sergiledi\u011fimiz bu olgun davran\u0131\u015f\u0131n hangi noktalara \u00e7ekildi\u011fini g\u00f6rd\u00fck. Kara propaganda yapan mihaklar\u0131n nas\u0131l \u00e7al\u0131\u015ft\u0131\u011f\u0131n\u0131 esefle takip ediyoruz. TFF&#8217;nin a\u00e7\u0131klad\u0131\u011f\u0131 kararlar sonucunda, art\u0131k futbolu yaralayacak her t\u00fcrl\u00fc davran\u0131\u015flardan ka\u00e7\u0131nd\u0131k, ka\u00e7\u0131naca\u011f\u0131z. Kul\u00fcb\u00fcm\u00fcz\u00fcn ve \u00fclkemizin menfaatlerini sonuna kadar y\u00fcr\u00fctt\u00fc\u011f\u00fcm\u00fcz\u00fcn sonuna kadar kimsenin \u015f\u00fcphesi olmas\u0131n. Kul\u00fcb\u00fcm\u00fcz ve \u00fclkemiz a\u00e7\u0131s\u0131ndan hay\u0131rl\u0131 olmasan\u0131 istiyoruz&#8221;<\/p>\n<p>Sadece 2020 adayl\u0131\u011f\u0131 de\u011fil, ba\u015fka unsurlar\u0131 da g\u00f6z \u00f6n\u00fcne alarak davay\u0131 \u00e7ektik.<\/p>\n<p>&#8220;\u00d6N\u00dcM\u00dcZDEK\u0130 SEZON AVRUPA&#8217;YA G\u0130DECE\u011e\u0130Z&#8221;<\/p>\n<p>Bir ki\u015fi \u00e7\u0131k\u0131p bir tak\u0131m\u0131n b\u00f6yle bir cezan\u0131n olmad\u0131\u011f\u0131n\u0131 a\u00e7\u0131klayamad\u0131. Fenerbah\u00e7e&#8217;nin yerine Trabzonspor&#8217;un gitmesi konusunda kimsenin bir \u00fclkede bir tak\u0131m yerel federasyon kendini \u00e7ekti\u011fi zaman s\u0131radaki tak\u0131m gider. Bir tak\u0131m kendini \u00e7ekseydi, UEFA&#8217;n\u0131n se\u00e7ti\u011fi tak\u0131m gider. CAS Davas\u0131&#8217;yla ilgili bir \u00e7ok bilgi kirlili\u011fi ya\u015fand\u0131. Bir tarih de\u011fi\u015fikli\u011fi yap\u0131labilir. CAS davalar\u0131nda K\u0131smet Erkiner&#8217;in de s\u00f6yledi\u011fi gibi avukatlar, tarihler de\u011fi\u015fir. Onlarca \u00f6rne\u011fi vard\u0131r.<\/p>\n<p>&#8220;\u00d6n\u00fcm\u00fczdeki sene i\u00e7in bir pazarl\u0131k yapt\u0131n\u0131z m\u0131 yapmad\u0131n\u0131z m\u0131?&#8221; sorusu ile ilgili olarak, &#8220;\u0130ddialar ortaya at\u0131l\u0131yor. Bir tanesi de Fenerbah\u00e7e&#8217;ye Avrupa&#8217;ya gitmesi konusunda garanti taahh\u00fct verildi\u011fi y\u00f6n\u00fcndedir. Zaten ge\u00e7en sene Fenerbah\u00e7e savunma yap\u0131lmadan cezaland\u0131r\u0131ld\u0131. Avrupa&#8217;ya gitmeyece\u011fimize dair Avrupa&#8217;ya garanti taahh\u00fct verilmemi\u015ftir.&#8221;<\/p>\n<p>EN B\u00dcY\u00dcK YARA EBED\u0130 DOSTUMUZ GALATASARAY&#8217;DAN GELMEKTED\u0130R<\/p>\n<p>Fenerbah\u00e7e\u2019nin ald\u0131\u011f\u0131 en b\u00fcy\u00fck yaralar\u0131n ba\u015f\u0131nda ezeli rakibimiz ebedi dostumuz Galatasaray\u2019dan gelmektedir. \u00dcnal Aysal\u2019\u0131n talihsiz bir a\u00e7\u0131klamas\u0131 olmu\u015ftur. Ge\u00e7en sene bu olay Trabzonspor ile ilgili olarak oynand\u0131. Trabzonspor\u2019un \u015eampiyonlar Ligi\u2019ne gitmesinde TFF\u2019nin yapt\u0131\u011f\u0131 talihsiz bir karar neticesinde olmu\u015ftur. Bug\u00fcn herkes biliyor ki Fenerbah\u00e7e\u2019nin hakk\u0131 yendi.<\/p>\n<p>AYSAL PLAY-OFF&#8217;U FENERBAH\u00c7E&#8217;S\u0130Z OYNANACAK SANDI<\/p>\n<p>\u00dcnal Aysal\u2019\u0131n a\u00e7\u0131klamas\u0131 bizi derinden yaralam\u0131\u015ft\u0131r. Ama kendisi play-off ma\u00e7lar\u0131n\u0131n da Fenerbah\u00e7e\u2019siz oynanaca\u011f\u0131n\u0131 zannediyordu. \u201cBu hayalleri g\u00f6rmekten vazge\u00e7in\u201din alt\u0131n\u0131 \u00e7izdik. Bug\u00fcn Allah\u2019a \u015f\u00fck\u00fcrler olsun ki onlarla beraber oynuyoruz. O, kendi camias\u0131na yapt\u0131\u011f\u0131 hatalar\u0131n giderilmesi i\u00e7in yap\u0131lan a\u00e7\u0131klamalar yap\u0131yor.<\/p>\n<p>Fenerbah\u00e7e SK\u2019nin mefaatleri T.C.\u2019ninkilerden ayr\u0131lamaz. 2020, TFF- UEFA ili\u015fkileri, bizim UEFA ile olan ili\u015fkilerimizin hepsinin iyiye gitmesi bizim CAS\u2019tan vazge\u00e7me sebebimiz olmu\u015ftur. Umaram 2020 de T\u00fcrkiye\u2019de olacak.<\/p>\n<p>TRABZONSPOR&#8217;A SORULAR&#8230;<br \/>\nS\u00f6z alan Nihat \u00d6zdemir, &#8220;Maalesef Trabzonspor bizim g\u00f6sterdi\u011fimiz sa\u011fduyuyu, sayg\u0131 g\u00f6stermedi\u011fi gibi her g\u00fcn her medya kanal\u0131na ortam\u0131 gerici a\u00e7\u0131klamalar yapt\u0131lar ve orman\u0131n ba\u015f mimar\u0131 oldular. Soruyorum, Sadri \u015eener ge\u00e7mi\u015f d\u00f6nemde veya bu g\u00fcn Federasyon&#8217;la konu\u015farak hakem de\u011fi\u015ftirmi\u015f midir? Trabzonspor \u00f6nceden para almak i\u00e7in ba\u015fvurmu\u015f mudur? Biz Topuk Yaylas\u0131&#8217;n\u0131 yaparken, buray\u0131 hem Fenerbah\u00e7e&#8217;nin hem de milli tak\u0131mlar\u0131n kullanabilece\u011fini s\u00f6yledik. Buran\u0131n yap\u0131m\u0131nda yard\u0131m ald\u0131k. Y\u00fczde 80&#8217;ini biz kar\u015f\u0131lad\u0131k. Y\u00fczde 20&#8217;sini yard\u0131m alarak yapt\u0131k. Trabzonspor hi\u00e7 yard\u0131m almam\u0131\u015f m\u0131d\u0131r?Trabzon&#8217;da Gen\u00e7lik Oyunlar\u0131 yap\u0131ld\u0131. Tapelerdeki gibi oyunlar i\u00e7in ayr\u0131lan 6 milyon Lira&#8217;dan Trabzonspor pay alm\u0131\u015f m\u0131d\u0131r?<\/p>\n<p>Fenerbah\u00e7e-Sivas ma\u00e7\u0131 \u00f6ncesi Trabzon&#8217;dan Sivas&#8217;a bal\u0131k g\u00f6nderilmi\u015ftir. Trabzon nere, Sivas nere. Bu hi\u00e7 a\u00e7\u0131klanmad\u0131. Tapelerde say\u0131n ba\u015fbakana y\u00f6nelik ifadeler var. Bunlara de\u011finilmedi&#8221; ifadelerini kulland\u0131.<\/p>\n<p>Demir\u00f6ren ile Ayd\u0131nlar Federasyonu y\u00f6netimi aras\u0131ndaki fark\u0131n sorulmas\u0131 \u00fczerine Nihat \u00d6zdemir, &#8220;Mehmet Ali Ayd\u0131nlar hi\u00e7 bir zaman hukuka savunmaya \u00f6nem vermeden, eksik iddianame, iddianamenin 3&#8217;te 1&#8217;i a\u00e7\u0131klanm\u0131\u015fken karara var\u0131p, idam sehpas\u0131n\u0131 kurmu\u015ftur. Say\u0131n Demir\u00f6ren g\u00f6reve geldikten sonra herkesin savunmas\u0131n\u0131 alm\u0131\u015ft\u0131r. Sadece bu noktay\u0131 dikkate alman\u0131z\u0131 istiyorum&#8221; yan\u0131t\u0131n\u0131 verdi.<\/p>\n<p>Bas\u0131n toplant\u0131s\u0131n\u0131n sonlar\u0131nda ise s\u00f6z alan Asba\u015fkan Cihan Kamer, &#8220;\u015eu sorular\u0131n ve bu ithamlar\u0131n bize hi\u00e7 bir faydas\u0131 yok. Yar\u0131n e\u011fer Galatasaray veya Trabzonspor UEFA&#8217;ya gidemezse, kurullar\u0131m\u0131zdan dolay\u0131 de\u011fil bas\u0131n mensuplar\u0131ndan dolay\u0131 olacak. Devaml\u0131 olarak birbirimizle kavga ediyoruz. Devaml\u0131 olarak UEFA&#8217;ya mesajlar g\u00f6nderiyoruz. Di\u011fer kul\u00fcplerin y\u00f6neticilerinden de taraftarlar\u0131ndan da bas\u0131n mensuplar\u0131ndan da art\u0131k dur diyorum. Art\u0131k yarg\u0131yla ilgili kararlar\u0131 yarg\u0131m\u0131z vermi\u015f. Kul\u00fcplerle ve ki\u015filerle ilgili kararlar\u0131 yetkili kurullar versin. \u0130n\u015fallah say\u0131n ba\u015fkan\u0131m\u0131z Cuma g\u00fcn\u00fc tutuksuz yarg\u0131lan\u0131r ve genel kurula gelir&#8221; ifadelerini kulland\u0131.<\/p>\n<!-- Error, Advert is not available at this time due to schedule\/geolocation restrictions! -->\n","protected":false},"excerpt":{"rendered":"<p>Nihat \u00d6zdemir&#8217;den ilgin\u00e7 a\u00e7\u0131klamalar \/ Fenerbah\u00e7e Haberleri&#8230; Fenerbah\u00e7e Y\u00f6netimi, T\u00fcrkiye Futbol Federasyonu&#8217;nun ald\u0131\u011f\u0131 kararlar, Aziz Y\u0131ld\u0131r\u0131m&#8217;\u0131n yeniden adayl\u0131\u011f\u0131 ve CAS Davas\u0131 ile ilgili bas\u0131n toplant\u0131s\u0131 d\u00fczenledi.<\/p>\n","protected":false},"author":4,"featured_media":184166,"comment_status":"open","ping_status":"open","sticky":false,"template":"","format":"standard","meta":{"_acf_changed":false,"footnotes":""},"categories":[6774,6194],"tags":[21822,849,9949,5170,50976,3037,2269],"class_list":["post-106357","post","type-post","status-publish","format-standard","has-post-thumbnail","hentry","category-futbol","category-spor","tag-cas","tag-fenerbahce","tag-fenerbahce-sike","tag-nihat-ozdemir","tag-nihat-ozdemir-aciklama","tag-trabzon","tag-yildirim-demiroren"],"acf":[],"_links":{"self":[{"href":"https:\/\/www.nationalturk.com\/tr\/wp-json\/wp\/v2\/posts\/106357","targetHints":{"allow":["GET"]}}],"collection":[{"href":"https:\/\/www.nationalturk.com\/tr\/wp-json\/wp\/v2\/posts"}],"about":[{"href":"https:\/\/www.nationalturk.com\/tr\/wp-json\/wp\/v2\/types\/post"}],"author":[{"embeddable":true,"href":"https:\/\/www.nationalturk.com\/tr\/wp-json\/wp\/v2\/users\/4"}],"replies":[{"embeddable":true,"href":"https:\/\/www.nationalturk.com\/tr\/wp-json\/wp\/v2\/comments?post=106357"}],"version-history":[{"count":1,"href":"https:\/\/www.nationalturk.com\/tr\/wp-json\/wp\/v2\/posts\/106357\/revisions"}],"predecessor-version":[{"id":309209,"href":"https:\/\/www.nationalturk.com\/tr\/wp-json\/wp\/v2\/posts\/106357\/revisions\/309209"}],"wp:featuredmedia":[{"embeddable":true,"href":"https:\/\/www.nationalturk.com\/tr\/wp-json\/wp\/v2\/media\/184166"}],"wp:attachment":[{"href":"https:\/\/www.nationalturk.com\/tr\/wp-json\/wp\/v2\/media?parent=106357"}],"wp:term":[{"taxonomy":"category","embeddable":true,"href":"https:\/\/www.nationalturk.com\/tr\/wp-json\/wp\/v2\/categories?post=106357"},{"taxonomy":"post_tag","embeddable":true,"href":"https:\/\/www.nationalturk.com\/tr\/wp-json\/wp\/v2\/tags?post=106357"}],"curies":[{"name":"wp","href":"https:\/\/api.w.org\/{rel}","templated":true}]}}