{"id":106364,"date":"2012-05-02T16:46:36","date_gmt":"2012-05-02T13:46:36","guid":{"rendered":"http:\/\/www.nationalturk.com\/?p=106364"},"modified":"2012-05-02T16:48:35","modified_gmt":"2012-05-02T13:48:35","slug":"okul-sutu-skandali-vali-zehirlenme-yok-olay-psikolojik-106364","status":"publish","type":"post","link":"https:\/\/www.nationalturk.com\/tr\/okul-sutu-skandali-vali-zehirlenme-yok-olay-psikolojik-106364\/","title":{"rendered":"Okul s\u00fct\u00fc skandal\u0131! Vali: Zehirlenme yok, olay psikolojik"},"content":{"rendered":"<h1><img loading=\"lazy\" decoding=\"async\" class=\"alignnone size-large wp-image-106366\" title=\"Okul S\u00fct\u00fc projesi\" src=\"http:\/\/www.nationalturk.com\/tr\/wp-content\/uploads\/2012\/05\/okul_sutu_projesi_hastane-610x400.jpg\" alt=\"\" width=\"610\" height=\"400\" srcset=\"https:\/\/www.nationalturk.com\/tr\/wp-content\/uploads\/2012\/05\/okul_sutu_projesi_hastane-610x400.jpg 610w, https:\/\/www.nationalturk.com\/tr\/wp-content\/uploads\/2012\/05\/okul_sutu_projesi_hastane-280x183.jpg 280w, https:\/\/www.nationalturk.com\/tr\/wp-content\/uploads\/2012\/05\/okul_sutu_projesi_hastane.jpg 712w\" sizes=\"auto, (max-width: 610px) 100vw, 610px\" \/><\/h1>\n<h1>Okul s\u00fct\u00fc skandal\u0131! Vali: Zehirlenme yok, olay psikolojik&#8230; \u00a0Diyarbak\u0131r Valisi Mustafa Toprak, \u00f6\u011frencilerin s\u00fctten zehirlendi\u011fi iddialar\u0131n\u0131 yalanlad\u0131.<\/h1>\n<p>Mustafa Toprak, valilikte d\u00fczenlenen bas\u0131n toplant\u0131s\u0131nda, s\u00fct da\u011f\u0131t\u0131m kampanyas\u0131n\u0131n \u00e7ocuklar\u0131n sa\u011fl\u0131kl\u0131 beslenmesinde \u00f6nemli bir ihtiyaca katk\u0131 sa\u011flad\u0131\u011f\u0131n\u0131 belirtti.<\/p>\n<p>Diyarbak\u0131r&#8217;da 230 bin \u00e7ocu\u011fa her g\u00fcn s\u00fct da\u011f\u0131t\u0131m\u0131 yap\u0131laca\u011f\u0131n\u0131, sabah 70 bin \u00e7ocu\u011fa s\u00fct da\u011f\u0131t\u0131ld\u0131\u011f\u0131n\u0131 anlatan Toprak, sabah Ba\u011flar il\u00e7esinde H\u00fcrriyet \u0130lk\u00f6\u011fretim Okulu&#8217;nda 1-2 \u00e7ocu\u011fun mide bulant\u0131s\u0131 ve kar\u0131n a\u011fr\u0131s\u0131 \u015fikayeti, onlardan etkilenen di\u011fer s\u0131n\u0131flardaki \u00f6\u011frencilerin de ayn\u0131 \u015fikayetlerle farkl\u0131 hastanelere g\u00f6t\u00fcr\u00fcld\u00fcklerini bildirdi.<br \/>\n&#8221;\u015eu ana kadar 315 vaka hastaneye gitti. Bunlarda hi\u00e7bir \u015fekilde zehirlenme vakas\u0131 oldu\u011funa dair bulgu yok&#8221; diyen Toprak, &#8221;Klinikte yatan \u00e7ocuk yok. 315 \u00e7ocuktan zehirlenme vakas\u0131 yok, ate\u015f yok. Kusma vakas\u0131 yok denecek kadar az. Sadece mide bulant\u0131s\u0131 ve kar\u0131n a\u011fr\u0131s\u0131 var&#8221; \u015feklinde konu\u015ftu.<\/p>\n<p>Toprak, a\u00e7 olarak s\u00fct i\u00e7meye reaksiyon g\u00f6steren ve s\u00fct alerjisi olan \u00f6\u011frencilerin olabilece\u011fini kaydetti.<br \/>\nHerhangi bir yanl\u0131\u015fl\u0131k olmamas\u0131 i\u00e7in H\u0131fz\u0131s\u0131hha ve G\u0131da Laboratuvar M\u00fcd\u00fcrl\u00fc\u011f\u00fc&#8217;ne s\u00fct \u00f6rneklerini g\u00f6nderdiklerini anlatan Toprak, H\u0131fz\u0131s\u0131hha&#8217;dan 24 saat, laboratuvardan da 2 g\u00fcn i\u00e7erisinde analizlerin \u00e7\u0131kaca\u011f\u0131n\u0131 dile getirdi.<\/p>\n<p>-Da\u011f\u0131t\u0131m\u0131 engelleyecek veri yok-<\/p>\n<p>Hastanelere ba\u015fvuran \u00e7ocuklardan k\u00fclt\u00fcr \u00f6rneklerinin al\u0131nd\u0131\u011f\u0131n\u0131 ifade eden Toprak, \u015f\u00f6yle konu\u015ftu:<br \/>\n&#8221;\u00d6\u011frencilerin y\u00fczde 85-90&#8217;\u0131n\u0131n hastaneye psikolojik olarak gittiklerine dair belirtiler var. Okulda s\u00fct i\u00e7memesine ra\u011fmen mide bulant\u0131s\u0131 oldu\u011fu \u015fikayetiyle hastaneye giden \u00f6\u011frencilerin oldu\u011fu tespit edildi. Belirti ve bulgular zehirlenmeye i\u015faret etmedi\u011fi i\u00e7in s\u00fct da\u011f\u0131t\u0131m\u0131 devam edecek. Olay\u0131 ideolojik olarak s\u00fct da\u011f\u0131t\u0131m\u0131n\u0131 ba\u015flad\u0131\u011f\u0131 ilk g\u00fcnden olumsuz kullanmak amac\u0131yla birtak\u0131m giri\u015fimler oldu\u011fu y\u00f6n\u00fcnde de baz\u0131 bilgiler geliyor. Bu konu \u00fczerinde ciddi bir \u015fekilde duruyoruz. \u00c7ok \u00f6nemli bir faaliyet. Kampanyan\u0131n amac\u0131 \u00e7ocuklar\u0131n kalsiyum y\u00f6n\u00fcnden desteklenmesi ve boy uzunlu\u011funu art\u0131rmakt\u0131r. S\u00fct da\u011f\u0131t\u0131m\u0131n\u0131 planland\u0131\u011f\u0131 gibi yap\u0131yoruz. Herhangi bir olumsuzluk ya\u015fanmamas\u0131 i\u00e7in \u00f6nlemleri ald\u0131k. Okullarda da\u011f\u0131t\u0131m\u0131 engelleyecek bir veri yok. Oda s\u0131cakl\u0131\u011f\u0131nda 15 g\u00fcn muhafazas\u0131 sa\u011flan\u0131yor. Da\u011f\u0131t\u0131m ba\u015flamadan \u00f6nce ailelerden form arac\u0131l\u0131\u011f\u0131yla izin al\u0131nd\u0131.&#8221;<\/p>\n<p>-&#8221;\u00c7ok hassas davran\u0131yoruz&#8221;-<\/p>\n<p>Bir gazetecinin &#8221;Olayda provokasyon mu var-&#8221; sorusu \u00fczerine Toprak, birtak\u0131m bilgiler geldi\u011fini, olay\u0131n o \u00f6zelli\u011fini de ortaya koymak gerekti\u011fini belirterek, &#8221;\u0130lgili birimlerden ald\u0131\u011f\u0131m\u0131z bilgi, bu olay\u0131n yayg\u0131nla\u015farak endi\u015feye d\u00f6n\u00fc\u015fmesi, baz\u0131 yerlerde &#8216;Hastanelerde \u00f6l\u00fcler var. Ko\u015fun, can elden gidiyor. Bu devletin ortaya koydu\u011fu s\u00fctler, bu politika yanl\u0131\u015ft\u0131r&#8217; deme noktas\u0131nda baz\u0131 art niyetli ve ideolojik yakla\u015f\u0131mlar\u0131n oldu\u011fu konusunda bir bilgi var. Bunun \u00fczerine arkada\u015flar ciddi manada \u00e7al\u0131\u015f\u0131yor&#8221; diye konu\u015ftu.<\/p>\n<p>Valilik ve ilgili kurumlar olarak \u00e7ocuklar\u0131n sa\u011fl\u0131\u011f\u0131, beslenme al\u0131\u015fkanl\u0131\u011f\u0131n\u0131n d\u00fczeltilmesi ve nesillerin sa\u011fl\u0131kl\u0131 olmas\u0131 i\u00e7in imkanlar\u0131 seferber edeceklerini vurgulayan Toprak, ideolojik ve yanl\u0131\u015f yakla\u015f\u0131mlarla s\u00fct\u00fc kullanarak bir ortam olu\u015fturulmamas\u0131 ve bunun \u00fczerinden bir politika geli\u015ftirilmemesi gerekti\u011fini bildirdi.<br \/>\nZehirlenme vakas\u0131 olmamas\u0131na ra\u011fmen zehirlenme, problem olmamas\u0131na ra\u011fmen \u00f6l\u00fcm vakalar\u0131 oldu\u011fu y\u00f6n\u00fcnde s\u00f6ylentiyi topluma yaymak isteyenlerin bulundu\u011funa i\u015faret eden Toprak, bunu herkesin vicdan\u0131 ve ahlak\u0131na b\u0131rakt\u0131\u011f\u0131n\u0131 dile getirdi.<\/p>\n<p>Her bir \u00e7ocu\u011fa g\u00f6zleri gibi bakt\u0131klar\u0131n\u0131 bildiren Toprak, &#8221;\u00c7ok hassas davran\u0131yoruz. S\u00fct da\u011f\u0131t\u0131m\u0131 \u00e7ocuklar\u0131n geli\u015fimi i\u00e7in \u00e7ok \u00f6nemlidir. Evde i\u00e7irdi\u011fimiz s\u00fct\u00fc d\u0131\u015far\u0131dan alm\u0131yor muyuz- Bu kampanya \u00e7ok \u00f6nemlidir. Bu olay\u0131n kampanyay\u0131 sekteye u\u011fratmamas\u0131n\u0131 diliyorum. Bu devletimizin g\u00fczel bir hizmetidir&#8221; diye konu\u015ftu.<br \/>\n&#8221;Olayla ilgili bir il\u00e7e milli e\u011fitim m\u00fcd\u00fcr\u00fc darp edildi mi-&#8221; sorusunu Toprak, &#8221;H\u00fcrriyet \u0130lk\u00f6\u011fretim Okulu&#8217;ndaki olay birileri taraf\u0131ndan provoke edilince aileler okula gitmi\u015f. Ad\u0131m\u0131n\u0131 biraz ileri atm\u0131\u015f olanlar olabilir&#8221; \u015feklinde yan\u0131tlad\u0131.<\/p>\n<!-- Error, Advert is not available at this time due to schedule\/geolocation restrictions! -->\n","protected":false},"excerpt":{"rendered":"<p>Okul s\u00fct\u00fc skandal\u0131! Vali: Zehirlenme yok, olay psikolojik&#8230;  Diyarbak\u0131r Valisi Mustafa Toprak, \u00f6\u011frencilerin s\u00fctten zehirlendi\u011fi iddialar\u0131n\u0131 yalanlad\u0131.<\/p>\n","protected":false},"author":4,"featured_media":184165,"comment_status":"open","ping_status":"open","sticky":false,"template":"","format":"standard","meta":{"_acf_changed":false,"footnotes":""},"categories":[6155,5005,6202,349,6805],"tags":[1470,42551,99290,42552,97904,97905,10528,987,99291,99289,52192],"class_list":["post-106364","post","type-post","status-publish","format-standard","has-post-thumbnail","hentry","category-gundem","category-manset","category-politika","category-son-dakika","category-turkiye","tag-diyarbakir","tag-diyarbakir-valisi","tag-diyarbakir-zehirlenme","tag-mustafa-toprak","tag-okul-sutu","tag-okul-sutu-projesi","tag-omer-dincer","tag-sivas","tag-sivas-zehirlenme","tag-sut-zehirlenme","tag-vali"],"acf":[],"_links":{"self":[{"href":"https:\/\/www.nationalturk.com\/tr\/wp-json\/wp\/v2\/posts\/106364","targetHints":{"allow":["GET"]}}],"collection":[{"href":"https:\/\/www.nationalturk.com\/tr\/wp-json\/wp\/v2\/posts"}],"about":[{"href":"https:\/\/www.nationalturk.com\/tr\/wp-json\/wp\/v2\/types\/post"}],"author":[{"embeddable":true,"href":"https:\/\/www.nationalturk.com\/tr\/wp-json\/wp\/v2\/users\/4"}],"replies":[{"embeddable":true,"href":"https:\/\/www.nationalturk.com\/tr\/wp-json\/wp\/v2\/comments?post=106364"}],"version-history":[{"count":0,"href":"https:\/\/www.nationalturk.com\/tr\/wp-json\/wp\/v2\/posts\/106364\/revisions"}],"wp:featuredmedia":[{"embeddable":true,"href":"https:\/\/www.nationalturk.com\/tr\/wp-json\/wp\/v2\/media\/184165"}],"wp:attachment":[{"href":"https:\/\/www.nationalturk.com\/tr\/wp-json\/wp\/v2\/media?parent=106364"}],"wp:term":[{"taxonomy":"category","embeddable":true,"href":"https:\/\/www.nationalturk.com\/tr\/wp-json\/wp\/v2\/categories?post=106364"},{"taxonomy":"post_tag","embeddable":true,"href":"https:\/\/www.nationalturk.com\/tr\/wp-json\/wp\/v2\/tags?post=106364"}],"curies":[{"name":"wp","href":"https:\/\/api.w.org\/{rel}","templated":true}]}}