{"id":106894,"date":"2012-05-05T10:51:46","date_gmt":"2012-05-05T07:51:46","guid":{"rendered":"http:\/\/www.nationalturk.com\/?p=106894"},"modified":"2024-02-06T16:09:51","modified_gmt":"2024-02-06T13:09:51","slug":"aziz-yildirim-tahliye-edilmedi-106894","status":"publish","type":"post","link":"https:\/\/www.nationalturk.com\/tr\/aziz-yildirim-tahliye-edilmedi-106894\/","title":{"rendered":"Aziz Y\u0131ld\u0131r\u0131m tahliye edilmedi"},"content":{"rendered":"<h1><img loading=\"lazy\" decoding=\"async\" class=\"alignleft size-medium wp-image-106895\" title=\"Aziz Y\u0131ld\u0131r\u0131m Tahliye Edilmedi\" src=\"http:\/\/www.nationalturk.com\/tr\/wp-content\/uploads\/2012\/05\/aziz-yildirim-tahliye-edilmedi-280x210.jpg\" alt=\"\" width=\"280\" height=\"210\" srcset=\"https:\/\/www.nationalturk.com\/tr\/wp-content\/uploads\/2012\/05\/aziz-yildirim-tahliye-edilmedi-280x210.jpg 280w, https:\/\/www.nationalturk.com\/tr\/wp-content\/uploads\/2012\/05\/aziz-yildirim-tahliye-edilmedi.jpg 500w\" sizes=\"auto, (max-width: 280px) 100vw, 280px\" \/>Futbolda \u015fike ve te\u015fvik iddialar\u0131na y\u00f6nelik davan\u0131n 15. duru\u015fmas\u0131nda, Fenerbah\u00e7e Ba\u015fkan\u0131 Aziz Y\u0131ld\u0131r\u0131m i\u00e7in tahliye karar\u0131 \u00e7\u0131kmad\u0131, Fenerbah\u00e7e karar\u0131n ard\u0131ndan \u00c7a\u011flayan Adliyesi \u00f6n\u00fcnde ta\u015fk\u0131nl\u0131k \u00e7\u0131kard\u0131.<\/h1>\n<p>Futbolda \u015fike ve te\u015fvik iddialar\u0131na y\u00f6nelik davan\u0131n 15. duru\u015fmas\u0131nda, Fenerbah\u00e7e Ba\u015fkan\u0131 Aziz Y\u0131ld\u0131r\u0131m i\u00e7in tahliye karar\u0131 \u00e7\u0131kmamas\u0131 \u00fczerine, Fenerbah\u00e7e taraftar\u0131 \u00c7a\u011flayan Adliyesi \u00f6n\u00fcnde ta\u015fk\u0131nl\u0131k \u00e7\u0131kard\u0131. \u00c7\u0131kan olaylarda 4 polis ve 1 gazeteci, at\u0131lan ta\u015flardan yaraland\u0131. Polis 28 ki\u015fiyi g\u00f6zalt\u0131na ald\u0131.<\/p>\n<p>Ak\u015fam saatlerinde davan\u0131n g\u00f6r\u00fcld\u00fc\u011f\u00fc \u00c7a\u011flayan Adliyesi \u00f6n\u00fcnde toplanan Fenerbah\u00e7e taraftar\u0131, Aziz Y\u0131ld\u0131r\u0131m ve di\u011fer tutuklu san\u0131klara destek i\u00e7in tezah\u00fcratlarda bulundu. Davan\u0131n 15. Duru\u015fmas\u0131nda beklenen tahliye karar\u0131 \u00e7\u0131kmay\u0131nca \u00c7a\u011flayan\u2019da olaylar \u00e7\u0131karan Fenerbah\u00e7e taraftar\u0131na polis biber gaz\u0131 ve tazyikli su ile m\u00fcdahale etti. Polise ve adliye binas\u0131na bira \u015fi\u015feleri ve ta\u015f atan taraftarlardan 28 ki\u015fi g\u00f6zalt\u0131na al\u0131nd\u0131. \u00c7\u0131kan arbede de ba\u015f\u0131na ta\u015f isabet eden bir televizyon muhabiri ile 4 polis yaraland\u0131. Polis, ikazlara ra\u011fmen da\u011f\u0131lmayan taraftar\u0131 \u00c7a\u011flayan ve \u00e7evresindeki ara sokaklarda kovalad\u0131. Grup uzun s\u00fcre adliye \u00e7evresinde dola\u015ft\u0131ktan sonra da\u011f\u0131ld\u0131.<\/p>\n<p>G\u00f6zalt\u0131na al\u0131nan \u015f\u00fcpheliler, \u00e7evik kuvvet ekiplerine ait otob\u00fcslere bindirilerek emniyete g\u00f6t\u00fcr\u00fcld\u00fc.<\/p>\n<p>\u00d6te yandan yaralanan polisler ile ba\u015f\u0131ndan yaralanan gazeteci, adliye \u00f6n\u00fcnde haz\u0131r bekletilen ambulansta tedavi edildi.<\/p>\n<!-- Error, Advert is not available at this time due to schedule\/geolocation restrictions! -->\n<!-- Error, Advert is not available at this time due to schedule\/geolocation restrictions! -->\n","protected":false},"excerpt":{"rendered":"<p>Futbolda \u015fike ve te\u015fvik iddialar\u0131na y\u00f6nelik davan\u0131n 15. duru\u015fmas\u0131nda, Fenerbah\u00e7e Ba\u015fkan\u0131 Aziz Y\u0131ld\u0131r\u0131m i\u00e7in tahliye karar\u0131 \u00e7\u0131kmad\u0131, Fenerbah\u00e7e karar\u0131n ard\u0131ndan \u00c7a\u011flayan Adliyesi \u00f6n\u00fcnde ta\u015fk\u0131nl\u0131k \u00e7\u0131kard\u0131.<\/p>\n","protected":false},"author":651,"featured_media":106895,"comment_status":"open","ping_status":"open","sticky":false,"template":"","format":"standard","meta":{"_acf_changed":false,"footnotes":""},"categories":[6774,6155,5005,220906,6194],"tags":[5058,11123,93568,87700,90596,90010,849,10677,25085,99477,74477,74476,75162],"class_list":["post-106894","post","type-post","status-publish","format-standard","has-post-thumbnail","hentry","category-futbol","category-gundem","category-manset","category-sikeli-maclar","category-spor","tag-aziz-yildirim","tag-aziz-yildirim-ceza","tag-aziz-yildirim-dava","tag-aziz-yildirim-tahliye","tag-aziz-yildirim-tahliye-mi-oluyor","tag-aziz-yildirim-tahliye-talebi","tag-fenerbahce","tag-fenerbahce-baskani","tag-fenerbahce-baskani-aziz-yildirim","tag-fenerbahce-taraftar","tag-futbolda-sike","tag-futbolda-sike-iddialari","tag-futbolda-sike-sorusturmasi"],"acf":[],"_links":{"self":[{"href":"https:\/\/www.nationalturk.com\/tr\/wp-json\/wp\/v2\/posts\/106894","targetHints":{"allow":["GET"]}}],"collection":[{"href":"https:\/\/www.nationalturk.com\/tr\/wp-json\/wp\/v2\/posts"}],"about":[{"href":"https:\/\/www.nationalturk.com\/tr\/wp-json\/wp\/v2\/types\/post"}],"author":[{"embeddable":true,"href":"https:\/\/www.nationalturk.com\/tr\/wp-json\/wp\/v2\/users\/651"}],"replies":[{"embeddable":true,"href":"https:\/\/www.nationalturk.com\/tr\/wp-json\/wp\/v2\/comments?post=106894"}],"version-history":[{"count":0,"href":"https:\/\/www.nationalturk.com\/tr\/wp-json\/wp\/v2\/posts\/106894\/revisions"}],"wp:featuredmedia":[{"embeddable":true,"href":"https:\/\/www.nationalturk.com\/tr\/wp-json\/wp\/v2\/media\/106895"}],"wp:attachment":[{"href":"https:\/\/www.nationalturk.com\/tr\/wp-json\/wp\/v2\/media?parent=106894"}],"wp:term":[{"taxonomy":"category","embeddable":true,"href":"https:\/\/www.nationalturk.com\/tr\/wp-json\/wp\/v2\/categories?post=106894"},{"taxonomy":"post_tag","embeddable":true,"href":"https:\/\/www.nationalturk.com\/tr\/wp-json\/wp\/v2\/tags?post=106894"}],"curies":[{"name":"wp","href":"https:\/\/api.w.org\/{rel}","templated":true}]}}