{"id":107329,"date":"2012-05-06T17:43:53","date_gmt":"2012-05-06T14:43:53","guid":{"rendered":"http:\/\/www.nationalturk.com\/?p=107329"},"modified":"2012-05-06T17:44:43","modified_gmt":"2012-05-06T14:44:43","slug":"suriyedeki-olaylar-olu-5456","status":"publish","type":"post","link":"https:\/\/www.nationalturk.com\/tr\/suriyedeki-olaylar-olu-5456\/","title":{"rendered":"Suriye&#8217;deki olaylarda 10 ki\u015fi \u00f6ld\u00fc"},"content":{"rendered":"<p><a href=\"http:\/\/www.nationalturk.com\/tr\/wp-content\/uploads\/2012\/05\/suriye-olaylari.jpg\"><img loading=\"lazy\" decoding=\"async\" class=\"alignleft size-medium wp-image-107330\" title=\"Suriye&#039;deki olaylarda 10 ki\u015fi \u00f6ld\u00fc\" src=\"http:\/\/www.nationalturk.com\/tr\/wp-content\/uploads\/2012\/05\/suriye-olaylari-280x210.jpg\" alt=\"\" width=\"280\" height=\"210\" srcset=\"https:\/\/www.nationalturk.com\/tr\/wp-content\/uploads\/2012\/05\/suriye-olaylari-280x210.jpg 280w, https:\/\/www.nationalturk.com\/tr\/wp-content\/uploads\/2012\/05\/suriye-olaylari-533x400.jpg 533w, https:\/\/www.nationalturk.com\/tr\/wp-content\/uploads\/2012\/05\/suriye-olaylari.jpg 712w\" sizes=\"auto, (max-width: 280px) 100vw, 280px\" \/><\/a><\/p>\n<h1>Suriye&#8217;de ya\u015fanan olaylarda 10 ki\u015fi hayat\u0131n\u0131 kaybetti.<\/h1>\n<p>Suriye Genel Devrim Konseyi, \u00fclkenin \u00e7e\u015fitli kentlerinde muhaliflere kar\u015f\u0131 d\u00fczenlenen askeri operasyonlarda \u00e7o\u011funlu\u011fu Humus kentinde olmak \u00fczere 10 ki\u015finin \u00f6ld\u00fc\u011f\u00fcn\u00fc duyurdu.<\/p>\n<p>Muhalif yap\u0131lanmalardan sorumlu Konsey, i\u00e7 kesimlerde yer alan ve muhaliflerin \u00f6nemli merkez kentlerinden biri olan Humus&#8217;ta g\u00fcvenlik g\u00fc\u00e7lerince a\u00e7\u0131lan ate\u015fte 7 ki\u015finin hayat\u0131n\u0131 kaybetti\u011fini, onlarca ki\u015finin yaraland\u0131\u011f\u0131n\u0131 belirtti.<\/p>\n<p>\u015eam, \u0130dlib ve Halep&#8217;te de birer ki\u015finin a\u00e7\u0131lan ate\u015fte ya\u015fam\u0131n\u0131 yitirdi\u011fini kaydeden Konsey, \u0130dlib&#8217;in Orun El Coz&#8217;da toplu mezara rastland\u0131\u011f\u0131n\u0131 aktard\u0131.<\/p>\n","protected":false},"excerpt":{"rendered":"<p>Suriye&#8217;de ya\u015fanan olaylarda 10 ki\u015fi hayat\u0131n\u0131 kaybetti.<\/p>\n","protected":false},"author":3,"featured_media":184128,"comment_status":"open","ping_status":"open","sticky":false,"template":"","format":"standard","meta":{"_acf_changed":false,"footnotes":""},"categories":[6665,6155,5005,6772,349,6662],"tags":[805,75558,48948,806,94488,65473],"class_list":["post-107329","post","type-post","status-publish","format-standard","has-post-thumbnail","hentry","category-dunya","category-gundem","category-manset","category-ortadogu","category-son-dakika","category-yasam","tag-halep","tag-idlib","tag-sam","tag-suriye","tag-suriye-genel-devrim-konseyi","tag-suriye-olaylari"],"acf":[],"_links":{"self":[{"href":"https:\/\/www.nationalturk.com\/tr\/wp-json\/wp\/v2\/posts\/107329","targetHints":{"allow":["GET"]}}],"collection":[{"href":"https:\/\/www.nationalturk.com\/tr\/wp-json\/wp\/v2\/posts"}],"about":[{"href":"https:\/\/www.nationalturk.com\/tr\/wp-json\/wp\/v2\/types\/post"}],"author":[{"embeddable":true,"href":"https:\/\/www.nationalturk.com\/tr\/wp-json\/wp\/v2\/users\/3"}],"replies":[{"embeddable":true,"href":"https:\/\/www.nationalturk.com\/tr\/wp-json\/wp\/v2\/comments?post=107329"}],"version-history":[{"count":0,"href":"https:\/\/www.nationalturk.com\/tr\/wp-json\/wp\/v2\/posts\/107329\/revisions"}],"wp:featuredmedia":[{"embeddable":true,"href":"https:\/\/www.nationalturk.com\/tr\/wp-json\/wp\/v2\/media\/184128"}],"wp:attachment":[{"href":"https:\/\/www.nationalturk.com\/tr\/wp-json\/wp\/v2\/media?parent=107329"}],"wp:term":[{"taxonomy":"category","embeddable":true,"href":"https:\/\/www.nationalturk.com\/tr\/wp-json\/wp\/v2\/categories?post=107329"},{"taxonomy":"post_tag","embeddable":true,"href":"https:\/\/www.nationalturk.com\/tr\/wp-json\/wp\/v2\/tags?post=107329"}],"curies":[{"name":"wp","href":"https:\/\/api.w.org\/{rel}","templated":true}]}}