{"id":107342,"date":"2012-05-06T21:50:18","date_gmt":"2012-05-06T18:50:18","guid":{"rendered":"http:\/\/www.nationalturk.com\/?p=107342"},"modified":"2026-04-27T02:31:37","modified_gmt":"2026-04-26T23:31:37","slug":"zokora-tekme-107342","status":"publish","type":"post","link":"https:\/\/www.nationalturk.com\/tr\/zokora-tekme-107342\/","title":{"rendered":"Zokora&#8217;ya Tepki"},"content":{"rendered":"<h1><img loading=\"lazy\" decoding=\"async\" class=\"alignleft size-medium wp-image-107343\" title=\"Zokora Emre Bel\u00f6zo\u011flu tekme\" src=\"http:\/\/www.nationalturk.com\/tr\/wp-content\/uploads\/2012\/05\/zokora_tekme-280x186.jpg\" alt=\"\" width=\"280\" height=\"186\" srcset=\"https:\/\/www.nationalturk.com\/tr\/wp-content\/uploads\/2012\/05\/zokora_tekme-280x186.jpg 280w, https:\/\/www.nationalturk.com\/tr\/wp-content\/uploads\/2012\/05\/zokora_tekme.jpg 520w\" sizes=\"auto, (max-width: 280px) 100vw, 280px\" \/>B\u00fcy\u00fck olaylara sahne olan Trabzonspor Fenerbah\u00e7e ma\u00e7\u0131na damga vuran anlardan biri de Didier Zokora&#8217;n\u0131n \u0131rk\u00e7\u0131l\u0131k tart\u0131\u015fmas\u0131na girdi\u011fi Emre Bel\u00f6zo\u011flu&#8217;na att\u0131\u011f\u0131 tekme oldu.<\/h1>\n<p>Trabzonsporlu Didier Zokora, ma\u00e7\u0131n ba\u015f\u0131nda elini s\u0131kmad\u0131\u011f\u0131 Emre Bel\u00f6zo\u011flu&#8217;na att\u0131\u011f\u0131 tekmeyle ma\u00e7a damga vuran isimlerden biri oldu.\u00a0Trabzonspor &#8211; Fenerbah\u00e7e ma\u00e7\u0131n\u0131n 50. dakikadas\u0131nda Didier Zokora&#8217;n\u0131n, Emre Bel\u00f6zo\u011flu&#8217;na att\u0131\u011f\u0131 tekme sonras\u0131nda bu harekete tepki ya\u011fd\u0131. Avni Aker Stad\u0131&#8217;nda oynanan kar\u015f\u0131la\u015famada Trabzonspor&#8217;un att\u0131\u011f\u0131 gol\u00fcn ard\u0131ndan Fenerbah\u00e7eliler santra vuru\u015fu yapt\u0131ktan sonra Emre Bel\u00f6zo\u011flu h\u00fccuma kalkarken Zokora, milli futbolcuya orta sahada tekme att\u0131. At\u0131lan bu tekme sonras\u0131nda tansiyon bir anda y\u00fckseldi. Hakem Mustafa Kamil Abito\u011flu, Zokora&#8217;ya sar\u0131 kart g\u00f6sterince ortam daha da gerildi.<\/p>\n<p>Fenerbah\u00e7e yedek kul\u00fcbesi de sar\u0131 kart karar\u0131 sonras\u0131 \u00e7\u0131lg\u0131na d\u00f6nd\u00fc.<\/p>\n<!-- Error, Advert is not available at this time due to schedule\/geolocation restrictions! -->\n","protected":false},"excerpt":{"rendered":"<p>B\u00fcy\u00fck olaylara sahne olan Trabzonspor Fenerbah\u00e7e ma\u00e7\u0131na damga vuran anlardan biri de Didier Zokora&#8217;n\u0131n \u0131rk\u00e7\u0131l\u0131k tart\u0131\u015fmas\u0131na girdi\u011fi Emre Bel\u00f6zo\u011flu&#8217;na att\u0131\u011f\u0131 tekme oldu.<\/p>\n","protected":false},"author":4,"featured_media":184125,"comment_status":"open","ping_status":"open","sticky":false,"template":"","format":"standard","meta":{"_acf_changed":false,"footnotes":""},"categories":[6774,5005,349,6194],"tags":[31074,26981,849,3037,96687,71408,99540,99539,99538],"class_list":["post-107342","post","type-post","status-publish","format-standard","has-post-thumbnail","hentry","category-futbol","category-manset","category-son-dakika","category-spor","tag-didier-zokora","tag-emre-belozoglu","tag-fenerbahce","tag-trabzon","tag-trabzonspor-fenerbahce-maci","tag-zokora","tag-zokora-emre-belozoglu-tekme","tag-zokora-tekme","tag-zokoranin-attigi-tekme"],"acf":[],"_links":{"self":[{"href":"https:\/\/www.nationalturk.com\/tr\/wp-json\/wp\/v2\/posts\/107342","targetHints":{"allow":["GET"]}}],"collection":[{"href":"https:\/\/www.nationalturk.com\/tr\/wp-json\/wp\/v2\/posts"}],"about":[{"href":"https:\/\/www.nationalturk.com\/tr\/wp-json\/wp\/v2\/types\/post"}],"author":[{"embeddable":true,"href":"https:\/\/www.nationalturk.com\/tr\/wp-json\/wp\/v2\/users\/4"}],"replies":[{"embeddable":true,"href":"https:\/\/www.nationalturk.com\/tr\/wp-json\/wp\/v2\/comments?post=107342"}],"version-history":[{"count":1,"href":"https:\/\/www.nationalturk.com\/tr\/wp-json\/wp\/v2\/posts\/107342\/revisions"}],"predecessor-version":[{"id":309203,"href":"https:\/\/www.nationalturk.com\/tr\/wp-json\/wp\/v2\/posts\/107342\/revisions\/309203"}],"wp:featuredmedia":[{"embeddable":true,"href":"https:\/\/www.nationalturk.com\/tr\/wp-json\/wp\/v2\/media\/184125"}],"wp:attachment":[{"href":"https:\/\/www.nationalturk.com\/tr\/wp-json\/wp\/v2\/media?parent=107342"}],"wp:term":[{"taxonomy":"category","embeddable":true,"href":"https:\/\/www.nationalturk.com\/tr\/wp-json\/wp\/v2\/categories?post=107342"},{"taxonomy":"post_tag","embeddable":true,"href":"https:\/\/www.nationalturk.com\/tr\/wp-json\/wp\/v2\/tags?post=107342"}],"curies":[{"name":"wp","href":"https:\/\/api.w.org\/{rel}","templated":true}]}}