{"id":107551,"date":"2012-05-08T16:31:08","date_gmt":"2012-05-08T13:31:08","guid":{"rendered":"http:\/\/www.nationalturk.com\/?p=107551"},"modified":"2012-05-08T16:31:08","modified_gmt":"2012-05-08T13:31:08","slug":"3-ordu-kurmay-baskani-gozaltina-alindi-107551","status":"publish","type":"post","link":"https:\/\/www.nationalturk.com\/tr\/3-ordu-kurmay-baskani-gozaltina-alindi-107551\/","title":{"rendered":"3. Ordu Kurmay Ba\u015fkan\u0131 g\u00f6zalt\u0131na al\u0131nd\u0131"},"content":{"rendered":"<h1><img loading=\"lazy\" decoding=\"async\" class=\"alignleft size-full wp-image-107552\" title=\"Berkay Turgut\" src=\"http:\/\/www.nationalturk.com\/tr\/wp-content\/uploads\/2012\/05\/berkay_turgut-e1336483801490.jpg\" alt=\"\" width=\"232\" height=\"161\">3. Ordu Kurmay Ba\u015fkan\u0131 g\u00f6zalt\u0131na al\u0131nd\u0131&#8230; 28 \u015eubat soru\u015fturmas\u0131 kapsam\u0131nda 3. Ordu Kurmay Ba\u015fkan\u0131 T\u00fcmgeneral Berkay Turgut&#8217;un g\u00f6zalt\u0131na al\u0131nd\u0131\u011f\u0131 bildirildi.<\/h1>\n<p>3. Ordu Komutanl\u0131\u011f\u0131 Karargah\u0131 i\u00e7erisindeki askeri lojmanlara gelen polis ekiplerinin, T\u00fcmgeneral Berkay Turgut&#8217;un lojman\u0131nda ve \u00e7al\u0131\u015fma odas\u0131nda arama yapt\u0131\u011f\u0131 \u00f6\u011frenildi. Aramalar\u0131n, Erzurum \u00d6zel Yetkili Cumhuriyet Savc\u0131s\u0131 nezaretinde y\u00fcr\u00fct\u00fcld\u00fc\u011f\u00fc belirtildi.\u00a0Burada g\u00f6zalt\u0131na al\u0131nan Turgut, havaalan\u0131na getirilerek, tarifeli u\u00e7akla Ankara&#8217;ya g\u00f6nderildi.<\/p>\n<!-- Error, Advert is not available at this time due to schedule\/geolocation restrictions! -->\n","protected":false},"excerpt":{"rendered":"<p>3. Ordu Kurmay Ba\u015fkan\u0131 g\u00f6zalt\u0131na al\u0131nd\u0131&#8230; 28 \u015eubat soru\u015fturmas\u0131 kapsam\u0131nda 3. Ordu Kurmay Ba\u015fkan\u0131 T\u00fcmgeneral Berkay Turgut&#8217;un g\u00f6zalt\u0131na al\u0131nd\u0131\u011f\u0131 bildirildi.<\/p>\n","protected":false},"author":4,"featured_media":184098,"comment_status":"open","ping_status":"open","sticky":false,"template":"","format":"standard","meta":{"_acf_changed":false,"footnotes":""},"categories":[349,6805],"tags":[17258,95144],"class_list":["post-107551","post","type-post","status-publish","format-standard","has-post-thumbnail","hentry","category-son-dakika","category-turkiye","tag-28-subat","tag-28-subat-sorusturmasi"],"acf":[],"_links":{"self":[{"href":"https:\/\/www.nationalturk.com\/tr\/wp-json\/wp\/v2\/posts\/107551","targetHints":{"allow":["GET"]}}],"collection":[{"href":"https:\/\/www.nationalturk.com\/tr\/wp-json\/wp\/v2\/posts"}],"about":[{"href":"https:\/\/www.nationalturk.com\/tr\/wp-json\/wp\/v2\/types\/post"}],"author":[{"embeddable":true,"href":"https:\/\/www.nationalturk.com\/tr\/wp-json\/wp\/v2\/users\/4"}],"replies":[{"embeddable":true,"href":"https:\/\/www.nationalturk.com\/tr\/wp-json\/wp\/v2\/comments?post=107551"}],"version-history":[{"count":0,"href":"https:\/\/www.nationalturk.com\/tr\/wp-json\/wp\/v2\/posts\/107551\/revisions"}],"wp:featuredmedia":[{"embeddable":true,"href":"https:\/\/www.nationalturk.com\/tr\/wp-json\/wp\/v2\/media\/184098"}],"wp:attachment":[{"href":"https:\/\/www.nationalturk.com\/tr\/wp-json\/wp\/v2\/media?parent=107551"}],"wp:term":[{"taxonomy":"category","embeddable":true,"href":"https:\/\/www.nationalturk.com\/tr\/wp-json\/wp\/v2\/categories?post=107551"},{"taxonomy":"post_tag","embeddable":true,"href":"https:\/\/www.nationalturk.com\/tr\/wp-json\/wp\/v2\/tags?post=107551"}],"curies":[{"name":"wp","href":"https:\/\/api.w.org\/{rel}","templated":true}]}}