{"id":108266,"date":"2012-05-16T11:20:32","date_gmt":"2012-05-16T08:20:32","guid":{"rendered":"http:\/\/www.nationalturk.com\/?p=108266"},"modified":"2012-05-16T11:20:50","modified_gmt":"2012-05-16T08:20:50","slug":"mladic-hollanda-hakim-karsisina-cikti-5632","status":"publish","type":"post","link":"https:\/\/www.nationalturk.com\/tr\/mladic-hollanda-hakim-karsisina-cikti-5632\/","title":{"rendered":"Mladi\u00e7 Hollanda&#8217;da hakim kar\u015f\u0131s\u0131na \u00e7\u0131kt\u0131"},"content":{"rendered":"<h1><a href=\"http:\/\/www.nationalturk.com\/tr\/wp-content\/uploads\/2012\/05\/mladic-hollanda-hakim.jpg\"><img loading=\"lazy\" decoding=\"async\" class=\"alignleft size-medium wp-image-108267\" title=\"Mladi\u00e7 Hollanda&#039;da hakim kar\u015f\u0131s\u0131na \u00e7\u0131kt\u0131\" src=\"http:\/\/www.nationalturk.com\/tr\/wp-content\/uploads\/2012\/05\/mladic-hollanda-hakim-280x190.jpg\" alt=\"\" width=\"280\" height=\"190\" srcset=\"https:\/\/www.nationalturk.com\/tr\/wp-content\/uploads\/2012\/05\/mladic-hollanda-hakim-280x190.jpg 280w, https:\/\/www.nationalturk.com\/tr\/wp-content\/uploads\/2012\/05\/mladic-hollanda-hakim.jpg 420w\" sizes=\"auto, (max-width: 280px) 100vw, 280px\" \/><\/a>Sava\u015f su\u00e7undan tutuklu bulunan Mladi\u00e7, Hollanda&#8217;da\u00a0hakim kar\u015f\u0131s\u0131na \u00e7\u0131kt\u0131.<\/h1>\n<p>Bosnal\u0131 S\u0131rplar\u0131n eski komutan\u0131 Ratko Mladi\u00e7, 9 ayl\u0131k bir aradan sonra Hollanda&#8217;da mahkemeye \u00e7\u0131kt\u0131.<\/p>\n<p>Lahey&#8217;de eski Yugoslavya i\u00e7in kurulan sava\u015f su\u00e7lar\u0131 mahkemesinde hakim kar\u015f\u0131s\u0131na \u00e7\u0131kar\u0131lan Mladi\u00e7, 1990&#8217;l\u0131 y\u0131llar\u0131n ba\u015f\u0131nda ya\u015fanan Bosna Sava\u015f\u0131 s\u0131ras\u0131nda sivillere kar\u015f\u0131 su\u00e7 i\u015flemek, Srebrenitsa katliam\u0131nda soyk\u0131r\u0131m yapmak ve binlerce masum sivili \u00f6ld\u00fcrtmek gibi su\u00e7lardan yarg\u0131lan\u0131yor.<\/p>\n<p>Mladi\u00e7&#8217;in avukatlar\u0131 arac\u0131l\u0131\u011f\u0131yla yapt\u0131\u011f\u0131 reddi hakim talebi kabul edilmedi\u011fi i\u00e7in mahkeme Hollandal\u0131 Alphons Orie ba\u015fkanl\u0131\u011f\u0131nda ba\u015flad\u0131. Mladi\u00e7, Hollandal\u0131 yarg\u0131\u00e7 Alphons Orie&#8217;nin daha \u00f6nce Bosnal\u0131 S\u0131rplarla ilgili bir\u00e7ok davada g\u00f6rev yapt\u0131\u011f\u0131 i\u00e7in tarafs\u0131zl\u0131\u011f\u0131n\u0131 yitirdi\u011fini ileri s\u00fcrerek reddi hakim talebinde bulunmu\u015ftu.<\/p>\n<p>Bug\u00fcnk\u00fc mahkeme, savc\u0131lar\u0131n, Mladi\u00e7&#8217;in i\u015fledi\u011fi su\u00e7larla ilgili y\u00fczlerce tan\u0131\u011fa dayanarak haz\u0131rlad\u0131klar\u0131 iddianameyi okumalar\u0131yla ba\u015flad\u0131.<\/p>\n<p>Yakla\u015f\u0131k 400 tan\u0131\u011f\u0131na dayan\u0131larak haz\u0131rlanan iddianamenin okunmas\u0131n\u0131n 200 saat alaca\u011f\u0131 belirtilirken, 158 kadar tan\u0131\u011f\u0131n \u015fahit olduklar\u0131n\u0131 mahkemeye gelerek anlatmalar\u0131 bekleniyor.<\/p>\n<p>\u0130lk duru\u015fmas\u0131nda su\u00e7lamalar\u0131 reddederek, iddialara &#8220;\u00fclkemi ve milletimi korudum&#8221; \u015feklinde cevap veren Mladi\u00e7&#8217;in, iddianamenin okunmas\u0131n\u0131n ard\u0131ndan savunma yapmas\u0131 bekleniyor.<\/p>\n<p>Srebrenitsa katliam\u0131nda 8 bin kadar M\u00fcsl\u00fcman&#8217;\u0131n \u00f6ld\u00fcr\u00fclmesinden sorumlu g\u00f6sterilen ve 16 y\u0131l aradan sonra ge\u00e7en sene May\u0131s ay\u0131nda yakalanan Mladi\u00e7, Lahey&#8217;deki Scheveningen hapishanesinde kal\u0131yor.<\/p>\n<p>Bu arada Mladi\u00e7&#8217;in yarg\u0131land\u0131\u011f\u0131 mahkeme \u00f6n\u00fcnde toplanan ac\u0131l\u0131 bir grup Bosnal\u0131 kad\u0131n da g\u00f6steri d\u00fczenledi. Sava\u015f s\u0131ras\u0131nda \u00f6ld\u00fcr\u00fclen yak\u0131nlar\u0131n\u0131n resimlerini ta\u015f\u0131yan pankartlar a\u00e7an &#8220;Bosnal\u0131 anneler&#8221;, M\u00fcsl\u00fcman olduklar\u0131 i\u00e7in soyk\u0131r\u0131ma maruz kald\u0131klar\u0131n\u0131 dile getirdiler.<\/p>\n<!-- Error, Advert is not available at this time due to schedule\/geolocation restrictions! -->\n","protected":false},"excerpt":{"rendered":"<p>Sava\u015f su\u00e7undan tutuklu bulunan Bosnal\u0131 S\u0131rplar\u0131n eski komutan\u0131 Ratko Mladi\u00e7, 9 ayl\u0131k bir aradan sonra Hollanda&#8217;da mahkemeye \u00e7\u0131kt\u0131.<\/p>\n","protected":false},"author":3,"featured_media":183980,"comment_status":"open","ping_status":"open","sticky":false,"template":"","format":"standard","meta":{"_acf_changed":false,"footnotes":""},"categories":[6770,6665,6155,5005],"tags":[60066,1668,71096,71091,71093,68098,100402],"class_list":["post-108266","post","type-post","status-publish","format-standard","has-post-thumbnail","hentry","category-avrupa","category-dunya","category-gundem","category-manset","tag-bosna","tag-hollanda","tag-mladic","tag-ratko-mladic","tag-ratko-mladic-yargilaniyor","tag-soykirim","tag-srebrenitsa-katliami"],"acf":[],"_links":{"self":[{"href":"https:\/\/www.nationalturk.com\/tr\/wp-json\/wp\/v2\/posts\/108266","targetHints":{"allow":["GET"]}}],"collection":[{"href":"https:\/\/www.nationalturk.com\/tr\/wp-json\/wp\/v2\/posts"}],"about":[{"href":"https:\/\/www.nationalturk.com\/tr\/wp-json\/wp\/v2\/types\/post"}],"author":[{"embeddable":true,"href":"https:\/\/www.nationalturk.com\/tr\/wp-json\/wp\/v2\/users\/3"}],"replies":[{"embeddable":true,"href":"https:\/\/www.nationalturk.com\/tr\/wp-json\/wp\/v2\/comments?post=108266"}],"version-history":[{"count":0,"href":"https:\/\/www.nationalturk.com\/tr\/wp-json\/wp\/v2\/posts\/108266\/revisions"}],"wp:featuredmedia":[{"embeddable":true,"href":"https:\/\/www.nationalturk.com\/tr\/wp-json\/wp\/v2\/media\/183980"}],"wp:attachment":[{"href":"https:\/\/www.nationalturk.com\/tr\/wp-json\/wp\/v2\/media?parent=108266"}],"wp:term":[{"taxonomy":"category","embeddable":true,"href":"https:\/\/www.nationalturk.com\/tr\/wp-json\/wp\/v2\/categories?post=108266"},{"taxonomy":"post_tag","embeddable":true,"href":"https:\/\/www.nationalturk.com\/tr\/wp-json\/wp\/v2\/tags?post=108266"}],"curies":[{"name":"wp","href":"https:\/\/api.w.org\/{rel}","templated":true}]}}