{"id":108473,"date":"2012-05-17T10:25:08","date_gmt":"2012-05-17T07:25:08","guid":{"rendered":"http:\/\/www.nationalturk.com\/?p=108473"},"modified":"2012-05-17T10:25:08","modified_gmt":"2012-05-17T07:25:08","slug":"depremzede-cocuklara-temizlik-mi-yaptiriliyor-108473","status":"publish","type":"post","link":"https:\/\/www.nationalturk.com\/tr\/depremzede-cocuklara-temizlik-mi-yaptiriliyor-108473\/","title":{"rendered":"Depremzede \u00e7ocuklara temizlik mi yapt\u0131r\u0131l\u0131yor?"},"content":{"rendered":"<h1><img loading=\"lazy\" decoding=\"async\" class=\"alignleft size-medium wp-image-108475\" title=\"Depremzede \u00e7ocuklara temizlik yapt\u0131r\u0131l\u0131yor\" src=\"http:\/\/www.nationalturk.com\/tr\/wp-content\/uploads\/2012\/05\/depremzede_cocuklar-280x157.jpg\" alt=\"\" width=\"280\" height=\"157\" srcset=\"https:\/\/www.nationalturk.com\/tr\/wp-content\/uploads\/2012\/05\/depremzede_cocuklar-280x157.jpg 280w, https:\/\/www.nationalturk.com\/tr\/wp-content\/uploads\/2012\/05\/depremzede_cocuklar.jpeg 606w\" sizes=\"auto, (max-width: 280px) 100vw, 280px\" \/>Malatya Valili\u011fi taraf\u0131ndan Van&#8217;da meydana gelen depremin ard\u0131ndan Malatya \u00d6\u011fretmenevi&#8217;nde konuk edilen depremzede \u00e7ocuklar\u0131n\u00a0temizlik ve yemek da\u011f\u0131tma dahil bir\u00e7ok i\u015fte \u00e7al\u0131\u015ft\u0131r\u0131ld\u0131klar\u0131 iddia edildi.<\/h1>\n<p>Milliyet gazetesinden Nam\u0131k Durukan&#8217;\u0131n haberine g\u00f6re Bar\u0131\u015f ve Demokrasi Partisi (BDP) Van Milletvekili Nazmi G\u00fcr, Aile ve Sosyal Politikalar Bakan\u0131 Fatma \u015eahin ile Milli E\u011fitim Bakan\u0131 \u00d6mer Din\u00e7er\u2019e mektup yazarak, sorumlular hakk\u0131nda gerekli yasal i\u015flem ba\u015flat\u0131lmas\u0131n\u0131 istedi.<\/p>\n<p>BDP&#8217;li G\u00fcr, mektubunda \u015fu ifadelere yer verdi;<\/p>\n<p>&#8220;Yaral\u0131 ku\u015f misali zaten do\u011fal afetle sars\u0131lm\u0131\u015f, yak\u0131nlar\u0131n\u0131 kaybetmenin \u00fcz\u00fcnt\u00fcs\u00fcnde olan, ruhsal \u00e7\u00f6k\u00fcnt\u00fc i\u00e7erisindeki ailelerin \u00e7ocuklar\u0131n\u0131 d\u00fc\u011f\u00fcnlerde yemek da\u011f\u0131tt\u0131r\u0131lma i\u015fi, kola da\u011f\u0131tt\u0131r\u0131lmas\u0131, temizlik yapt\u0131r\u0131lmas\u0131, bo\u015f bardak ve masalar\u0131n silinmesi i\u015fini bu gelece\u011fimiz nesillere emanet edece\u011fimiz \u00e7ocuklara i\u015flerin g\u00f6sterilmesi ne kadar vicdani? Misafir olan \u00e7ocuklar, hangi anlay\u0131\u015fla ders \u00e7al\u0131\u015fmalar\u0131 ve yatma zamanlar\u0131nda \u00e7al\u0131\u015ft\u0131r\u0131l\u0131yorlar? Devletin sahip ve himayesindeki \u00e7ocuklara bu i\u015fler nas\u0131l yapt\u0131r\u0131l\u0131yor, Malatya Valisi\u2019nin bundan haberi var m\u0131?&#8221;<\/p>\n<!-- Error, Advert is not available at this time due to schedule\/geolocation restrictions! -->\n","protected":false},"excerpt":{"rendered":"<p>Malatya Valili\u011fi taraf\u0131ndan Van&#8217;da meydana gelen depremin ard\u0131ndan Malatya \u00d6\u011fretmenevi&#8217;nde konuk edilen depremzede \u00e7ocuklar\u0131n temizlik ve yemek da\u011f\u0131tma dahil bir\u00e7ok i\u015fte \u00e7al\u0131\u015ft\u0131r\u0131ld\u0131klar\u0131 iddia edildi.<\/p>\n","protected":false},"author":4,"featured_media":183961,"comment_status":"open","ping_status":"open","sticky":false,"template":"","format":"standard","meta":{"_acf_changed":false,"footnotes":""},"categories":[6155,5005,6805],"tags":[11498,83585,78679,1272,52195,15036,64697],"class_list":["post-108473","post","type-post","status-publish","format-standard","has-post-thumbnail","hentry","category-gundem","category-manset","category-turkiye","tag-bdp","tag-bdp-van","tag-fatma-sahin","tag-malatya","tag-malatya-valiligi","tag-nazmi-gur","tag-van-depremi"],"acf":[],"_links":{"self":[{"href":"https:\/\/www.nationalturk.com\/tr\/wp-json\/wp\/v2\/posts\/108473","targetHints":{"allow":["GET"]}}],"collection":[{"href":"https:\/\/www.nationalturk.com\/tr\/wp-json\/wp\/v2\/posts"}],"about":[{"href":"https:\/\/www.nationalturk.com\/tr\/wp-json\/wp\/v2\/types\/post"}],"author":[{"embeddable":true,"href":"https:\/\/www.nationalturk.com\/tr\/wp-json\/wp\/v2\/users\/4"}],"replies":[{"embeddable":true,"href":"https:\/\/www.nationalturk.com\/tr\/wp-json\/wp\/v2\/comments?post=108473"}],"version-history":[{"count":0,"href":"https:\/\/www.nationalturk.com\/tr\/wp-json\/wp\/v2\/posts\/108473\/revisions"}],"wp:featuredmedia":[{"embeddable":true,"href":"https:\/\/www.nationalturk.com\/tr\/wp-json\/wp\/v2\/media\/183961"}],"wp:attachment":[{"href":"https:\/\/www.nationalturk.com\/tr\/wp-json\/wp\/v2\/media?parent=108473"}],"wp:term":[{"taxonomy":"category","embeddable":true,"href":"https:\/\/www.nationalturk.com\/tr\/wp-json\/wp\/v2\/categories?post=108473"},{"taxonomy":"post_tag","embeddable":true,"href":"https:\/\/www.nationalturk.com\/tr\/wp-json\/wp\/v2\/tags?post=108473"}],"curies":[{"name":"wp","href":"https:\/\/api.w.org\/{rel}","templated":true}]}}