{"id":108639,"date":"2012-05-18T11:48:23","date_gmt":"2012-05-18T08:48:23","guid":{"rendered":"http:\/\/www.nationalturk.com\/?p=108639"},"modified":"2012-05-18T11:48:23","modified_gmt":"2012-05-18T08:48:23","slug":"dukan-diyeti-fiyaskosu-pierre-dukani-kapatti-108639","status":"publish","type":"post","link":"https:\/\/www.nationalturk.com\/tr\/dukan-diyeti-fiyaskosu-pierre-dukani-kapatti-108639\/","title":{"rendered":"Dukan diyeti fiyaskosu! Pierre &#8216;Dukan&#8217;\u0131 kapatt\u0131!"},"content":{"rendered":"<h1><img loading=\"lazy\" decoding=\"async\" class=\"alignnone size-large wp-image-108640\" title=\"Pierre Dukan\" src=\"http:\/\/www.nationalturk.com\/tr\/wp-content\/uploads\/2012\/05\/pierre_dukan-610x381.jpg\" alt=\"\" width=\"610\" height=\"381\" srcset=\"https:\/\/www.nationalturk.com\/tr\/wp-content\/uploads\/2012\/05\/pierre_dukan-610x381.jpg 610w, https:\/\/www.nationalturk.com\/tr\/wp-content\/uploads\/2012\/05\/pierre_dukan-280x175.jpg 280w, https:\/\/www.nationalturk.com\/tr\/wp-content\/uploads\/2012\/05\/pierre_dukan.jpg 620w\" sizes=\"auto, (max-width: 610px) 100vw, 610px\" \/><\/h1>\n<h1>Dukan diyeti fiyaskosu! Dukan doktorluktan at\u0131ld\u0131&#8230; D\u00fcnyaca \u00fcnl\u00fc y\u0131ld\u0131zlar\u0131 zay\u0131flatan, kitaplar\u0131 milyonlarca satan diyetisyen Pierre Dukan&#8217;\u0131n doktorluk lisans\u0131 iptal edildi.<\/h1>\n<p>D\u00fcnyaca \u00fcnl\u00fc diyetisyen Pierre Dukan doktorluktan at\u0131ld\u0131. Dukan, &#8220;Sa\u011fl\u0131kl\u0131 kiloya inen \u00e7ocuklara okulda daha y\u00fcksek not verilsin&#8221; s\u00f6zleri sonras\u0131nda Frans\u0131z Hekimler Birli\u011fi mesleki ilkeyi ihlal etti\u011fi gerek\u00e7esiyle Dukan hakk\u0131nda \u015fikayette bulunmu\u015ftu. Alt\u0131 ay i\u00e7inde duru\u015fmaya \u00e7\u0131kmas\u0131 beklenen Dukan, mahkemenin beslenme sekt\u00f6r\u00fcndeki parlak imaj\u0131na zarar verece\u011fi d\u00fc\u015f\u00fcncesiyle geri ad\u0131m att\u0131 ve 2008&#8217;den beri doktorluk yapmad\u0131\u011f\u0131n\u0131 s\u00f6yledi.<\/p>\n<p>Savunma yapmayaca\u011f\u0131n\u0131 s\u00f6yleyerek doktorluk lisans\u0131n\u0131n elinden al\u0131nmas\u0131n\u0131 kabul etti\u011fini iletmesi \u00fczerine Pierre Dukan&#8217;\u0131n Fransa\u2019da doktorluk yapmaktan men edildi\u011fi a\u00e7\u0131kland\u0131.<\/p>\n<!-- Error, Advert is not available at this time due to schedule\/geolocation restrictions! -->\n","protected":false},"excerpt":{"rendered":"<p>Dukan diyeti fiyaskosu! Dukan doktorluktan at\u0131ld\u0131&#8230; D\u00fcnyaca \u00fcnl\u00fc y\u0131ld\u0131zlar\u0131 zay\u0131flatan, kitaplar\u0131 milyonlarca satan diyetisyen Pierre Dukan&#8217;\u0131n doktorluk lisans\u0131 iptal edildi. <\/p>\n","protected":false},"author":4,"featured_media":183932,"comment_status":"open","ping_status":"open","sticky":false,"template":"","format":"standard","meta":{"_acf_changed":false,"footnotes":""},"categories":[6770,6665,5005,6669,6662],"tags":[],"class_list":["post-108639","post","type-post","status-publish","format-standard","has-post-thumbnail","hentry","category-avrupa","category-dunya","category-manset","category-saglik","category-yasam"],"acf":[],"_links":{"self":[{"href":"https:\/\/www.nationalturk.com\/tr\/wp-json\/wp\/v2\/posts\/108639","targetHints":{"allow":["GET"]}}],"collection":[{"href":"https:\/\/www.nationalturk.com\/tr\/wp-json\/wp\/v2\/posts"}],"about":[{"href":"https:\/\/www.nationalturk.com\/tr\/wp-json\/wp\/v2\/types\/post"}],"author":[{"embeddable":true,"href":"https:\/\/www.nationalturk.com\/tr\/wp-json\/wp\/v2\/users\/4"}],"replies":[{"embeddable":true,"href":"https:\/\/www.nationalturk.com\/tr\/wp-json\/wp\/v2\/comments?post=108639"}],"version-history":[{"count":0,"href":"https:\/\/www.nationalturk.com\/tr\/wp-json\/wp\/v2\/posts\/108639\/revisions"}],"wp:featuredmedia":[{"embeddable":true,"href":"https:\/\/www.nationalturk.com\/tr\/wp-json\/wp\/v2\/media\/183932"}],"wp:attachment":[{"href":"https:\/\/www.nationalturk.com\/tr\/wp-json\/wp\/v2\/media?parent=108639"}],"wp:term":[{"taxonomy":"category","embeddable":true,"href":"https:\/\/www.nationalturk.com\/tr\/wp-json\/wp\/v2\/categories?post=108639"},{"taxonomy":"post_tag","embeddable":true,"href":"https:\/\/www.nationalturk.com\/tr\/wp-json\/wp\/v2\/tags?post=108639"}],"curies":[{"name":"wp","href":"https:\/\/api.w.org\/{rel}","templated":true}]}}