{"id":108976,"date":"2012-05-22T11:13:33","date_gmt":"2012-05-22T08:13:33","guid":{"rendered":"http:\/\/www.nationalturk.com\/?p=108976"},"modified":"2012-05-22T11:13:33","modified_gmt":"2012-05-22T08:13:33","slug":"uefanin-turkiye-karari-sert-olacak-108976","status":"publish","type":"post","link":"https:\/\/www.nationalturk.com\/tr\/uefanin-turkiye-karari-sert-olacak-108976\/","title":{"rendered":"UEFA&#8217;n\u0131n T\u00fcrkiye Karar\u0131 Sert Olacak"},"content":{"rendered":"<h1><a href=\"http:\/\/www.nationalturk.com\/tr\/wp-content\/uploads\/2012\/05\/uefa-logo1.jpg\"><img loading=\"lazy\" decoding=\"async\" class=\"alignnone size-full wp-image-109019\" src=\"http:\/\/www.nationalturk.com\/tr\/wp-content\/uploads\/2012\/05\/uefa-logo1.jpg\" alt=\"\" width=\"610\" height=\"320\" title=\"\"><\/a><\/h1>\n<h1>UEFA disiplin kurulu PFDK&#8217;n\u0131n \u015fike konusundaki gerek\u00e7eli karar\u0131n\u0131 inceledi. Kurul ki\u015fi ve kurumlar\u0131n ayr\u0131lmas\u0131na kar\u015f\u0131<\/h1>\n<p>Profesyonel Futbol Disiplin Kurulu&#8217;nun \u015fike cezalar\u0131 ile ilgili gerek\u00e7eli karar\u0131n\u0131 ge\u00e7en hafta sonu UEFA&#8217;ya g\u00f6nderildi. \u00c7eviriler yap\u0131ld\u0131ktan sonra UEFA disiplin kurulu taraf\u0131ndan yap\u0131lan incelemenin sonuna gelindi, \u015fimdi g\u00f6zler Avrupa futbolunun patronuna \u00e7evrildi.\u00a0UEFA 30 May\u0131s&#8217;a kadar bu konudaki karar\u0131n\u0131 verecek ve TFF&#8217;ye durumu iletecek. Ad\u0131 \u015fike soru\u015fturmas\u0131nda ge\u00e7en tak\u0131mlar ile TFF&#8217;nin kaderi ise en ge\u00e7 15 Haziran tarihine kadar \u00e7izilmi\u015f olacak. UEFA&#8217;n\u0131n yakla\u015f\u0131k 11 ayd\u0131r devam eden kaosa Avrupa Ligi ve \u015eampiyonlar Ligi kura \u00e7ekiminden \u00f6nce noktay\u0131 koymas\u0131n\u0131n beklendi\u011fi kaydedildi.<\/p>\n<h2>UEFA&#8217;n\u0131n uyar\u0131lar\u0131na ra\u011fmen TFF bildi\u011fini okudu<\/h2>\n<p>\u015eike ve te\u015fvikte \u015fah\u0131slar ile kul\u00fcplerin ayr\u0131lmas\u0131na kar\u015f\u0131 \u00e7\u0131kan UEFA&#8217;n\u0131n, PFDK kararlar\u0131n\u0131 incelerken bu noktadan hareket edece\u011fi ve \u00f6zellikle ceza alan y\u00f6neticilerin durumunu de\u011ferlendirece\u011fi ifade edildi.<\/p>\n<p>Bilindi\u011fi gibi PFDK 7 May\u0131s&#8217;ta sabaha kar\u015f\u0131 a\u00e7\u0131klad\u0131\u011f\u0131 kararlar\u0131nda Fenerbah\u00e7eli y\u00f6neticiler \u015eekip Mosturo\u011flu, \u0130lhan Ek\u015fio\u011flu ve altyap\u0131dan sorumlu Cemil Turan&#8217;a 1 ila 3 y\u0131l, o d\u00f6nem \u0130stanbul B\u00fcy\u00fck\u015fehir Belediyespor formas\u0131 giyen \u0130brahim Ak\u0131n&#8217;a 3, Eski\u015fehirspor menajeri \u00dcmit Karan ve Gen\u00e7lerbirli\u011fi file bek\u00e7isi Serdar Kulbilge&#8217;ye 2, Cengiz Demirel, Yavuz A\u011f\u0131rg\u00f6l, menajer Mehmet \u015een&#8217;e ve d\u00f6nemin Sivasspor y\u00f6neticisi Ahmet \u00c7elebi&#8217;ye disiplin talimat\u0131n\u0131n &#8220;M\u00fcsabaka sonucunu etkileme&#8221; ba\u015fl\u0131kl\u0131 58. maddesinin 1 ve 2. f\u0131kralar\u0131 uyar\u0131nca 1&#8217;er y\u0131l hak mahrumiyeti cezas\u0131 \u00f6ng\u00f6rm\u00fc\u015ft\u00fc.<\/p>\n<p>PFDK ise sevki yap\u0131lan Fenerbah\u00e7e, Manisaspor, \u0130stanbul B\u00fcy\u00fck\u015fehir Belediye, Be\u015fikta\u015f, Bucaspor, Bursaspor, Galatasaray, Eski\u015fehirspor, Gen\u00e7lerbirli\u011fi, Karab\u00fckspor, Kas\u0131mpa\u015faspor, Kayserispor, Konyaspor, Kayserispor, Sivasspor, Ankarag\u00fcc\u00fc ve Trabzonspor kul\u00fcpleri hakk\u0131nda &#8220;isnat olunan disiplin ihlalinin unsurlar\u0131 olu\u015fmad\u0131\u011f\u0131ndan&#8221; ceza tayinine gerek g\u00f6rmemi\u015fti.<\/p>\n<h3>Fenerbah\u00e7e \u015eampiyonlar Ligine kat\u0131lamayacak di\u011fer kul\u00fcplerin durumuda kritik<\/h3>\n<p>PFDK taraf\u0131ndan verilen cezalar\u0131n gerek\u00e7eli kararlar\u0131n\u0131 inceleyecek olan UEFA&#8217;n\u0131n &#8220;ki\u015filer ile kurumlar\u0131&#8221; ay\u0131rmamas\u0131 durumunda ceza alan y\u00f6neticiler ile futbolcular\u0131n mensubu oldu\u011fu kul\u00fcpler ciddi yapt\u0131r\u0131mlarla kar\u015f\u0131 kar\u015f\u0131ya kalabilecek. UEFA ay sonuna kadar ad\u0131 ge\u00e7en kul\u00fcplerle ilgili disiplin incelemesi ba\u015flatacak karar\u0131n\u0131 15 Haziran&#8217;dan \u00f6nce a\u00e7\u0131klayacak. UEFA&#8217;n\u0131n verece\u011fi karar en \u00e7ok gelecek sezon \u015eampiyonlar Ligi&#8217;nde m\u00fccadele etme hakk\u0131n\u0131 kazanan Fenerbah\u00e7e&#8217;yi yak\u0131ndan ilgilendirecek. Platini&#8217;nin \u00f6zellikle bu konuda \u00e7ok hassas oldu\u011fu ve Fenerbah\u00e7e&#8217;yi en 3 y\u0131ll\u0131k bir men cezas\u0131n\u0131n bekledi\u011fi \u00f6\u011frenildi. Sar\u0131-lacivertliler d\u0131\u015f\u0131nda Gen\u00e7lerbirli\u011fi, \u0130stanbul B\u00fcy\u00fck\u015fehir Belediyespor, Eski\u015fehirspor&#8217;un durumlar\u0131n\u0131n da riskli oldu\u011fu vurguland\u0131.<\/p>\n<h4>UEFA&#8217;n\u0131n T\u00fcrkiye i\u00e7in d\u00fc\u015f\u00fcnd\u00fc\u011f\u00fc \u015fike yapt\u0131r\u0131mlar\u0131<\/h4>\n<div>\n<p>UEFA&#8217;n\u0131n kul\u00fcplere yapt\u0131r\u0131m uygulanmas\u0131na karar vermesi durumunda mevcut olas\u0131l\u0131klar \u015f\u00f6yle s\u0131ralanacak:<\/p>\n<p>1-S\u00f6z konusu kul\u00fcp veya kul\u00fcpler Avrupa&#8217;da m\u00fccadele edecekse en az bir y\u0131l ila 5 y\u0131l \u00a0men cezas\u0131 verilecek.<\/p>\n<p>2-Ceza alan futbolcular \u00f6m\u00fcr boyu futboldan men edilecek, menajerlerin FIFA lisanslar\u0131 iptal edilecek.<\/p>\n<p>3- 3 Temmuz&#8217;da ba\u015flayan s\u00fcre\u00e7te h\u0131zl\u0131 karar alamad\u0131\u011f\u0131 i\u00e7in T\u00fcrkiye Futbol Federasyonu da sorgulanacak. TFF&#8217;nin gerek\u00e7eleri hakl\u0131 bulunmaz ise t\u00fcm milli tak\u0131mlar uluslararas\u0131 m\u00fcsabakalardan 1 ila 3 y\u0131l aras\u0131 men edilecek.<\/p>\n<\/div>\n<h5>F\u0130FA boyutu<\/h5>\n<div>\u00d6te yandan UEFA ile dava boyunca s\u00fcrekli ileti\u015fimde bulunan F\u0130FA&#8217;n\u0131n g\u00f6z\u00fcnde ise TFF&#8217;nin \u00f6zerkli\u011fi inand\u0131r\u0131c\u0131l\u0131\u011f\u0131n\u0131 kaybetmi\u015f bulunmakta \u00f6zellikle \u00f6zerk federasyon ve siyasetin futbola bula\u015fmas\u0131 konusunda \u00e7ok hassas olan F\u0130FA&#8217;n\u0131nda T\u00fcrkiye konusunda s\u00fcrpriz kararlar almas\u0131 bekleniyor. F\u0130FA&#8217;n\u0131n alaca\u011f\u0131 her karar ise do\u011frudan Milli Tak\u0131mlar\u0131 etkileyecek.<\/div>\n<div><\/div>\n<div>\n<!-- Error, Advert is not available at this time due to schedule\/geolocation restrictions! -->\n<!-- Error, Advert is not available at this time due to schedule\/geolocation restrictions! -->\n<\/div>\n<div><\/div>\n<p>&nbsp;<\/p>\n<p>&nbsp;<\/p>\n<p>&nbsp;<\/p>\n<p>&nbsp;<\/p>\n","protected":false},"excerpt":{"rendered":"<p>UEFA disiplin kurulu PFDK&#8217;n\u0131n \u015fike konusundaki gerek\u00e7eli karar\u0131n\u0131 inceledi. Kurul ki\u015fi ve kurumlar\u0131n ayr\u0131lmas\u0131na kar\u015f\u0131<\/p>\n","protected":false},"author":761,"featured_media":109019,"comment_status":"open","ping_status":"open","sticky":false,"template":"","format":"standard","meta":{"_acf_changed":false,"footnotes":""},"categories":[6774,6155,5005,6194,6805],"tags":[849,74481,89346,10313,100789,38452,74822,75093,74688,74683,92972,6473,100788,847,9427,99235,7468],"class_list":["post-108976","post","type-post","status-publish","format-standard","has-post-thumbnail","hentry","category-futbol","category-gundem","category-manset","category-spor","category-turkiye","tag-fenerbahce","tag-fenerbahce-sike-sorusturmasi","tag-fenerbahce-uefa","tag-fenerbahce-uefa-ceza","tag-platini-turk-takimlari-aciklama","tag-tahkim-kurulu-tff-pfdk","tag-tff-fenerbahce-karari","tag-tff-sike","tag-tff-sike-cezalari","tag-tff-sike-karari","tag-turk-futbolu-sike-davasi","tag-turk-milli-takimi","tag-turk-takimlari-sike","tag-uefa","tag-uefa-baskani-michel-platini","tag-uefa-ceza","tag-uefa-sampiyonlar-ligi"],"acf":[],"_links":{"self":[{"href":"https:\/\/www.nationalturk.com\/tr\/wp-json\/wp\/v2\/posts\/108976","targetHints":{"allow":["GET"]}}],"collection":[{"href":"https:\/\/www.nationalturk.com\/tr\/wp-json\/wp\/v2\/posts"}],"about":[{"href":"https:\/\/www.nationalturk.com\/tr\/wp-json\/wp\/v2\/types\/post"}],"author":[{"embeddable":true,"href":"https:\/\/www.nationalturk.com\/tr\/wp-json\/wp\/v2\/users\/761"}],"replies":[{"embeddable":true,"href":"https:\/\/www.nationalturk.com\/tr\/wp-json\/wp\/v2\/comments?post=108976"}],"version-history":[{"count":0,"href":"https:\/\/www.nationalturk.com\/tr\/wp-json\/wp\/v2\/posts\/108976\/revisions"}],"wp:featuredmedia":[{"embeddable":true,"href":"https:\/\/www.nationalturk.com\/tr\/wp-json\/wp\/v2\/media\/109019"}],"wp:attachment":[{"href":"https:\/\/www.nationalturk.com\/tr\/wp-json\/wp\/v2\/media?parent=108976"}],"wp:term":[{"taxonomy":"category","embeddable":true,"href":"https:\/\/www.nationalturk.com\/tr\/wp-json\/wp\/v2\/categories?post=108976"},{"taxonomy":"post_tag","embeddable":true,"href":"https:\/\/www.nationalturk.com\/tr\/wp-json\/wp\/v2\/tags?post=108976"}],"curies":[{"name":"wp","href":"https:\/\/api.w.org\/{rel}","templated":true}]}}