{"id":109303,"date":"2012-05-23T15:57:55","date_gmt":"2012-05-23T12:57:55","guid":{"rendered":"http:\/\/www.nationalturk.com\/?p=109303"},"modified":"2022-09-13T02:17:21","modified_gmt":"2022-09-12T23:17:21","slug":"mehmet-baransu-tff-baskanligi-icin-kirli-biri-arandi-109303","status":"publish","type":"post","link":"https:\/\/www.nationalturk.com\/tr\/mehmet-baransu-tff-baskanligi-icin-kirli-biri-arandi-109303\/","title":{"rendered":"Mehmet Baransu; TFF ba\u015fkanl\u0131\u011f\u0131 i\u00e7in kirli biri arand\u0131"},"content":{"rendered":"<h1><a href=\"http:\/\/www.nationalturk.com\/tr\/wp-content\/uploads\/2012\/05\/mehmet-baransu-tff-baskanligi-icin-kirli-biri-arandi1.jpg\"><img loading=\"lazy\" decoding=\"async\" class=\"alignnone size-full wp-image-109310\" title=\"Mehmet Baransu TFF Ba\u015fkanl\u0131\u011f\u0131 \u0130\u00e7in Kirli Biri Arandi1\" src=\"http:\/\/www.nationalturk.com\/tr\/wp-content\/uploads\/2012\/05\/mehmet-baransu-tff-baskanligi-icin-kirli-biri-arandi1.jpg\" alt=\"\" width=\"613\" height=\"250\" srcset=\"https:\/\/www.nationalturk.com\/tr\/wp-content\/uploads\/2012\/05\/mehmet-baransu-tff-baskanligi-icin-kirli-biri-arandi1.jpg 613w, https:\/\/www.nationalturk.com\/tr\/wp-content\/uploads\/2012\/05\/mehmet-baransu-tff-baskanligi-icin-kirli-biri-arandi1-280x114.jpg 280w, https:\/\/www.nationalturk.com\/tr\/wp-content\/uploads\/2012\/05\/mehmet-baransu-tff-baskanligi-icin-kirli-biri-arandi1-610x248.jpg 610w\" sizes=\"auto, (max-width: 613px) 100vw, 613px\" \/><\/a><\/h1>\n<h1>Taraf Gazetesi yazar\u0131 Mehmet Baransu d\u00fcn gazetesindeki k\u00f6\u015fe yaz\u0131s\u0131nda, TFF Ba\u015fkan\u0131 Y\u0131ld\u0131r\u0131m Demir\u00f6ren&#8217;e sert \u015fekilde y\u00fcklendi. Baransu, &#8220;\u015eike s\u00fcrecinin iyi y\u00f6netilmesi i\u00e7in temiz de\u011fil, bilakis kirli biri arand\u0131. Bu i\u015fi temiz biri \u00e7\u00f6zemezdi. \u00c7\u00f6zse \u00e7\u00f6zse kirli biri \u00e7\u00f6zebilirdi. Bunun i\u00e7in de biri arand\u0131 ve en uygun ki\u015fi bulundu; Y\u0131ld\u0131r\u0131m Demir\u00f6ren&#8221; dedi.<\/h1>\n<p>Sadi Karaka\u015f\u2019\u0131n haz\u0131rlay\u0131p sundu\u011fu \u201cKuzeyin Futbolu\u201d program\u0131na kat\u0131lan Taraf Gazetesi yazar\u0131 Mehmet Baransu, \u00e7ok \u00e7arp\u0131c\u0131 a\u00e7\u0131klamalar yapt\u0131.<\/p>\n<p>3 Temmuz 2011\u2019de patlak veren \u015fike s\u00fcrecinin iyi idare edilemedi\u011fini s\u00f6yleyen Mehmet Baransu \u201cRezillik \u00fczerine rezillik sergilenmi\u015ftir. TFF Ba\u015fkan\u0131 Mehmet Ali Ayd\u0131nlar bu s\u00fcreci iyi y\u00f6netememi\u015ftir. Bu s\u00fcrecin iyi y\u00f6netilmesi i\u00e7in de temiz de\u011fil, bilakis kirli biri arand\u0131. Bu i\u015fi temiz biri \u00e7\u00f6zemezdi. \u00c7\u00f6zse \u00e7\u00f6zse kirli biri \u00e7\u00f6zebilirdi. Bunun i\u00e7in de biri arand\u0131 ve en uygun ki\u015fi bulundu; Y\u0131ld\u0131r\u0131m Demir\u00f6ren. Kendi kul\u00fcb\u00fcn\u00fc soktu\u011fu haller ortada iken, vergi bor\u00e7lar\u0131ndan dolay\u0131 mahkeme a\u00e7\u0131lm\u0131\u015f birisi nas\u0131l olur da temiz olabilir\u201d dedi. Baransu programda ayn\u0131 \u015fekilde G\u00f6ksel G\u00fcm\u00fc\u015fda\u011f hakk\u0131nda da \u00e7ok sert s\u00f6zler sarfetti.<\/p>\n<p>Mehmet Baransu, \u201cBu Federasyon\u2019un kupay\u0131 Trabzonspor\u2019a verece\u011fine inanm\u0131yorum. Zira bu Federasyon tamamen bir kurgu. \u015eike bu kadar ayyuka \u00e7\u0131km\u0131\u015fken siz g\u00f6reve geliyorsunuz Disiplin Kurulu\u2019nu de\u011fi\u015ftiriyorsunuz, Tahkim\u2019e R\u0131dvan Dilmen\u2019in adamlar\u0131n\u0131 yerle\u015ftiriyorsunuz ve ondan sonra \u2018adalet\u2019 diyorsunuz \u2018hak\u2019 diyorsunuz. Tamamen \u00f6zerk olan Futbol federasyonunu g\u00f6r\u00fcld\u00fc\u011f\u00fc \u00fczere siyaset belirliyor. Asl\u0131nda siyaset \u015fimdi de\u011fil her zaman sporun i\u00e7inde oldu. Mesut Y\u0131lmaz\u2019a yap\u0131lanlar\u0131 hat\u0131rlayal\u0131m. T\u00fcm ili\u015fkiler allak bullak olmu\u015f. T\u00fcrk futbolu ad\u0131na umutsuzum. Spor-siyaset ayr\u0131lmal\u0131 ama bu s\u00fcre\u00e7te \u00e7ok belirleyici oldular ve bu s\u00fcre\u00e7te insanlar bunlar\u0131 affetmeyeceklerdir. Ve bu i\u015f sand\u0131\u011fa yans\u0131yacakt\u0131r\u201d ifadelerini kulland\u0131.<\/p>\n<p>Kaset iddialar\u0131na da de\u011finen Baransu \u201ckaset olay\u0131na ilk ba\u015flarda inanmam\u0131\u015ft\u0131m. Lakin sonraki dinlemelerimde kasetin varl\u0131\u011f\u0131na inand\u0131m. E\u011fer elimde olsa bak\u0131n 3 saniye beklemem. 1. saniyesinde yay\u0131nlar\u0131m. Lakin elimde yok. Beni tan\u0131yanlar bilir ki benim elimde olursa bunu hemen yay\u0131mlar\u0131m\u201d diye konu\u015ftu.<\/p>\n<!-- Error, Advert is not available at this time due to schedule\/geolocation restrictions! -->\n<p>&nbsp;<\/p>\n","protected":false},"excerpt":{"rendered":"<p>Taraf Gazetesi yazar\u0131 Mehmet Baransu d\u00fcn gazetesindeki k\u00f6\u015fe yaz\u0131s\u0131nda, TFF Ba\u015fkan\u0131 Y\u0131ld\u0131r\u0131m Demir\u00f6ren&#8217;e sert \u015fekilde y\u00fcklendi. Baransu, &#8220;\u015eike s\u00fcrecinin iyi y\u00f6netilmesi i\u00e7in temiz de\u011fil, bilakis kirli biri arand\u0131. Bu i\u015fi temiz biri \u00e7\u00f6zemezdi. \u00c7\u00f6zse \u00e7\u00f6zse kirli biri \u00e7\u00f6zebilirdi. Bunun i\u00e7in de biri arand\u0131 ve en uygun ki\u015fi bulundu; Y\u0131ld\u0131r\u0131m Demir\u00f6ren&#8221; dedi.<\/p>\n","protected":false},"author":28,"featured_media":109310,"comment_status":"open","ping_status":"open","sticky":false,"template":"","format":"standard","meta":{"_acf_changed":false,"footnotes":""},"categories":[6774,6155,5005,6667,6194],"tags":[33777,54229,14279,12467,7799,20050,5271,6477,4117,2269],"class_list":["post-109303","post","type-post","status-publish","format-standard","has-post-thumbnail","hentry","category-futbol","category-gundem","category-manset","category-medya","category-spor","tag-futbol-federasyonu","tag-goksel-gumusdag","tag-mehmet-ali-aydinlar","tag-mehmet-baransu","tag-mesut-yilmaz","tag-ridvan-dilmen","tag-taraf-gazetesi","tag-tff","tag-trabzonspor","tag-yildirim-demiroren"],"acf":[],"_links":{"self":[{"href":"https:\/\/www.nationalturk.com\/tr\/wp-json\/wp\/v2\/posts\/109303","targetHints":{"allow":["GET"]}}],"collection":[{"href":"https:\/\/www.nationalturk.com\/tr\/wp-json\/wp\/v2\/posts"}],"about":[{"href":"https:\/\/www.nationalturk.com\/tr\/wp-json\/wp\/v2\/types\/post"}],"author":[{"embeddable":true,"href":"https:\/\/www.nationalturk.com\/tr\/wp-json\/wp\/v2\/users\/28"}],"replies":[{"embeddable":true,"href":"https:\/\/www.nationalturk.com\/tr\/wp-json\/wp\/v2\/comments?post=109303"}],"version-history":[{"count":0,"href":"https:\/\/www.nationalturk.com\/tr\/wp-json\/wp\/v2\/posts\/109303\/revisions"}],"wp:featuredmedia":[{"embeddable":true,"href":"https:\/\/www.nationalturk.com\/tr\/wp-json\/wp\/v2\/media\/109310"}],"wp:attachment":[{"href":"https:\/\/www.nationalturk.com\/tr\/wp-json\/wp\/v2\/media?parent=109303"}],"wp:term":[{"taxonomy":"category","embeddable":true,"href":"https:\/\/www.nationalturk.com\/tr\/wp-json\/wp\/v2\/categories?post=109303"},{"taxonomy":"post_tag","embeddable":true,"href":"https:\/\/www.nationalturk.com\/tr\/wp-json\/wp\/v2\/tags?post=109303"}],"curies":[{"name":"wp","href":"https:\/\/api.w.org\/{rel}","templated":true}]}}